{"id":4483,"date":"2017-12-08T19:16:00","date_gmt":"2017-12-08T19:16:00","guid":{"rendered":"https:\/\/www.bfv.cloud\/ajedrezeuropa\/index.php\/2017\/12\/08\/la-10a-concentracion-de-navidad-ya-esta-lista\/"},"modified":"2025-11-20T11:17:51","modified_gmt":"2025-11-20T11:17:51","slug":"la-10a-concentracion-de-navidad-ya-esta-lista","status":"publish","type":"post","link":"https:\/\/www.bfv.cloud\/ajedrezeuropa\/la-10a-concentracion-de-navidad-ya-esta-lista\/","title":{"rendered":"\u00a1\u00a1LA 10\u00aa CONCENTRACI\u00d3N DE NAVIDAD YA EST\u00c1 LISTA!!"},"content":{"rendered":"<div class=\"separator\" style=\"clear: both;text-align: center\">\n<\/div>\n<div class=\"separator\" style=\"clear: both;text-align: center\">\n<a href=\"https:\/\/www.bfv.cloud\/ajedrezeuropa\/wp-content\/uploads\/2017\/12\/CARTELXCONCENTRACIONDENAVIDAD2017.jpg\" style=\"margin-left: 1em;margin-right: 1em\"><img fetchpriority=\"high\" decoding=\"async\" border=\"0\" data-original-height=\"842\" data-original-width=\"595\" height=\"640\" src=\"https:\/\/blogger.googleusercontent.com\/img\/b\/R29vZ2xl\/AVvXsEgL8_Y3vEg_E8bbbX9R2zLK2l9A24edElqcgLOu3KXhwigVRQdbZOFM17R3OI0Q8PsoSONwc1iRctlFeMnI4y7CAhxR25Q0PaLS43qDxSvw4CZWjcwUtIuUNQMxgBeBXAWgBFUNXcznDK8\/s640\/CARTEL+X+CONCENTRACION+DE+NAVIDAD+2017.jpg\" width=\"450\" \/><\/a><\/div>\n<p><b style=\", serif;font-size: x-large\">Publicamos toda la informaci\u00f3n de la 10\u00aa Concentraci\u00f3n de Navidad que se celebrar\u00e1 en la casa de la cultura de Villafranca de los Caballeros del 26 al 28 de diciembre. Las clases ser\u00e1n impartidas en jornada de ma\u00f1ana y tarde, de acuerdo con los horarios que se detallan en el siguiente tr\u00edptico:<\/b><br \/>\n<span style=\"font-family: Georgia, Times New Roman, serif;font-size: large\"><b><br \/><\/b><\/span><\/p>\n<div class=\"separator\" style=\"clear: both;text-align: center\">\n<a href=\"https:\/\/www.bfv.cloud\/ajedrezeuropa\/wp-content\/uploads\/2017\/12\/TRIPTICONAVIDAD2017.jpg\" style=\"margin-left: 1em;margin-right: 1em\"><img decoding=\"async\" border=\"0\" data-original-height=\"1167\" data-original-width=\"1600\" height=\"466\" src=\"https:\/\/blogger.googleusercontent.com\/img\/b\/R29vZ2xl\/AVvXsEhD1UDf5dI9Wq58j7d8xnzGhUWCNJYFl-0ftHMXKx9zhB9xga2RhVi79AiPFqYqWRorct2dp-0so_YUQFXxlhFwEG6V_UG-nIIrUKfoGlfXNA3XdBeEsPfPGilph6EHEJdAh1IZwD1bcV0\/s640\/TRIPTICO+NAVIDAD+2017.jpg\" width=\"640\" \/><\/a><\/div>\n<p>\n<span style=\"font-family: Georgia, Times New Roman, serif;font-size: large\"><b>El periodo de inscripci\u00f3n es del 16 al 21 de diciembre y la tasa para l@s alumn@s de las escuelas de ajedrez de Alc\u00e1zar y Villafranca es de 15 \u20ac.&nbsp;<\/b><\/span><br \/>\n<span style=\"font-family: Georgia, Times New Roman, serif;font-size: large\"><b>Los 5 grupos formativos contar\u00e1n con los entrenadores y monitores: Jos\u00e9 Vicente Jim\u00e9nez (MF), Ana Isabel Gonz\u00e1lez Berruga, Antonio Albo, Luismi Monreal y Silvia Toribio.<\/b><\/span><br \/>\n<span style=\"font-family: Georgia, Times New Roman, serif;font-size: large\"><b>\u00a1Esperamos vuestra participaci\u00f3n!<\/b><\/span><\/p>\n<div class=\"separator\" style=\"clear: both;text-align: center\">\n<a href=\"https:\/\/www.bfv.cloud\/ajedrezeuropa\/wp-content\/uploads\/2017\/12\/TRIPTICONAVIDAD2017EXTERIOR.jpg\" style=\"margin-left: 1em;margin-right: 1em\"><img decoding=\"async\" border=\"0\" data-original-height=\"1147\" data-original-width=\"1600\" height=\"454\" src=\"https:\/\/blogger.googleusercontent.com\/img\/b\/R29vZ2xl\/AVvXsEhSHdg15jqCPWCfmev0EKwdZw_v_Ut_8m_0UNgKxaq7KHoTMYKNzwrGlu6AWVnC0KmgGX7JxY6WqBEYT3TVHQA7-_bAeyWcw1qcSNi2_6PH_HpvLxqI5DVB0Xsu9IbjRXLN5SzUGZyZBDk\/s640\/TRIPTICO+NAVIDAD+2017+EXTERIOR.jpg\" width=\"640\" \/><\/a><\/div>\n<p><\/p>\n","protected":false},"excerpt":{"rendered":"<p>Publicamos toda la informaci\u00f3n de la 10\u00aa Concentraci\u00f3n de Navidad que se celebrar\u00e1 en la casa de la cultura de Villafranca de los Caballeros del 26 al 28 de diciembre. Las clases ser\u00e1n impartidas en jornada de ma\u00f1ana y tarde, de acuerdo con los horarios que se detallan en el siguiente tr\u00edptico: El periodo de [&hellip;]<\/p>\n","protected":false},"author":1,"featured_media":4484,"comment_status":"open","ping_status":"closed","sticky":false,"template":"","format":"standard","meta":{"footnotes":""},"categories":[1],"tags":[],"class_list":["post-4483","post","type-post","status-publish","format-standard","has-post-thumbnail","hentry","category-noticias"],"_links":{"self":[{"href":"https:\/\/www.bfv.cloud\/ajedrezeuropa\/wp-json\/wp\/v2\/posts\/4483","targetHints":{"allow":["GET"]}}],"collection":[{"href":"https:\/\/www.bfv.cloud\/ajedrezeuropa\/wp-json\/wp\/v2\/posts"}],"about":[{"href":"https:\/\/www.bfv.cloud\/ajedrezeuropa\/wp-json\/wp\/v2\/types\/post"}],"author":[{"embeddable":true,"href":"https:\/\/www.bfv.cloud\/ajedrezeuropa\/wp-json\/wp\/v2\/users\/1"}],"replies":[{"embeddable":true,"href":"https:\/\/www.bfv.cloud\/ajedrezeuropa\/wp-json\/wp\/v2\/comments?post=4483"}],"version-history":[{"count":1,"href":"https:\/\/www.bfv.cloud\/ajedrezeuropa\/wp-json\/wp\/v2\/posts\/4483\/revisions"}],"predecessor-version":[{"id":4487,"href":"https:\/\/www.bfv.cloud\/ajedrezeuropa\/wp-json\/wp\/v2\/posts\/4483\/revisions\/4487"}],"wp:featuredmedia":[{"embeddable":true,"href":"https:\/\/www.bfv.cloud\/ajedrezeuropa\/wp-json\/wp\/v2\/media\/4484"}],"wp:attachment":[{"href":"https:\/\/www.bfv.cloud\/ajedrezeuropa\/wp-json\/wp\/v2\/media?parent=4483"}],"wp:term":[{"taxonomy":"category","embeddable":true,"href":"https:\/\/www.bfv.cloud\/ajedrezeuropa\/wp-json\/wp\/v2\/categories?post=4483"},{"taxonomy":"post_tag","embeddable":true,"href":"https:\/\/www.bfv.cloud\/ajedrezeuropa\/wp-json\/wp\/v2\/tags?post=4483"}],"curies":[{"name":"wp","href":"https:\/\/api.w.org\/{rel}","templated":true}]}}