{"id":4488,"date":"2013-12-09T21:35:00","date_gmt":"2013-12-09T21:35:00","guid":{"rendered":"https:\/\/www.bfv.cloud\/ajedrezeuropa\/index.php\/2013\/12\/09\/video-de-la-ronda-final-del-ceclub-sub-16\/"},"modified":"2025-11-20T11:17:51","modified_gmt":"2025-11-20T11:17:51","slug":"video-de-la-ronda-final-del-ceclub-sub-16","status":"publish","type":"post","link":"https:\/\/www.bfv.cloud\/ajedrezeuropa\/video-de-la-ronda-final-del-ceclub-sub-16\/","title":{"rendered":"V\u00cdDEO DE LA RONDA FINAL DEL CECLUB SUB-16"},"content":{"rendered":"<p><iframe allowfullscreen=\"\" frameborder=\"0\" height=\"270\" src=\"\/\/www.youtube.com\/embed\/Sbrd1TrSDgE\" width=\"480\"><\/iframe><\/p>\n<p><span style=\"font-family: Verdana, sans-serif\"><b>Aqu\u00ed ten\u00e9is un breve v\u00eddeo de la \u00faltima ronda del Campeonato de Espa\u00f1a celebrada el pasado domingo en la terraza de cristal del hotel Bali de Benidorm. En breve procuraremos enlazar los reportajes que est\u00e1 emitiendo y preparando ManchaCentro TV sobre el \u00e9xito de nuestro equipo.<\/b><\/span><\/p>\n","protected":false},"excerpt":{"rendered":"<p>Aqu\u00ed ten\u00e9is un breve v\u00eddeo de la \u00faltima ronda del Campeonato de Espa\u00f1a celebrada el pasado domingo en la terraza de cristal del hotel Bali de Benidorm. En breve procuraremos enlazar los reportajes que est\u00e1 emitiendo y preparando ManchaCentro TV sobre el \u00e9xito de nuestro equipo.<\/p>\n","protected":false},"author":1,"featured_media":0,"comment_status":"open","ping_status":"closed","sticky":false,"template":"","format":"standard","meta":{"footnotes":""},"categories":[1],"tags":[],"class_list":["post-4488","post","type-post","status-publish","format-standard","hentry","category-noticias"],"_links":{"self":[{"href":"https:\/\/www.bfv.cloud\/ajedrezeuropa\/wp-json\/wp\/v2\/posts\/4488","targetHints":{"allow":["GET"]}}],"collection":[{"href":"https:\/\/www.bfv.cloud\/ajedrezeuropa\/wp-json\/wp\/v2\/posts"}],"about":[{"href":"https:\/\/www.bfv.cloud\/ajedrezeuropa\/wp-json\/wp\/v2\/types\/post"}],"author":[{"embeddable":true,"href":"https:\/\/www.bfv.cloud\/ajedrezeuropa\/wp-json\/wp\/v2\/users\/1"}],"replies":[{"embeddable":true,"href":"https:\/\/www.bfv.cloud\/ajedrezeuropa\/wp-json\/wp\/v2\/comments?post=4488"}],"version-history":[{"count":1,"href":"https:\/\/www.bfv.cloud\/ajedrezeuropa\/wp-json\/wp\/v2\/posts\/4488\/revisions"}],"predecessor-version":[{"id":4489,"href":"https:\/\/www.bfv.cloud\/ajedrezeuropa\/wp-json\/wp\/v2\/posts\/4488\/revisions\/4489"}],"wp:attachment":[{"href":"https:\/\/www.bfv.cloud\/ajedrezeuropa\/wp-json\/wp\/v2\/media?parent=4488"}],"wp:term":[{"taxonomy":"category","embeddable":true,"href":"https:\/\/www.bfv.cloud\/ajedrezeuropa\/wp-json\/wp\/v2\/categories?post=4488"},{"taxonomy":"post_tag","embeddable":true,"href":"https:\/\/www.bfv.cloud\/ajedrezeuropa\/wp-json\/wp\/v2\/tags?post=4488"}],"curies":[{"name":"wp","href":"https:\/\/api.w.org\/{rel}","templated":true}]}}