{"id":449,"date":"2010-01-03T00:14:00","date_gmt":"2010-01-03T00:14:00","guid":{"rendered":"https:\/\/www.bfv.cloud\/ajedrezeuropa\/index.php\/2010\/01\/03\/449\/"},"modified":"2025-11-20T10:17:45","modified_gmt":"2025-11-20T10:17:45","slug":"449","status":"publish","type":"post","link":"https:\/\/www.bfv.cloud\/ajedrezeuropa\/449\/","title":{"rendered":""},"content":{"rendered":"<p><a href=\"https:\/\/blogger.googleusercontent.com\/img\/b\/R29vZ2xl\/AVvXsEgZDOZ4GcB2ltTqAKKvbvGB9T_OISFnlp7DySMguDQ8UWQ3y76WB0D-LAtNqCGF8fBGSsTgHJl-14Jns9Ql2-nP0PvFtX9B8KO4tDEetf3q28q_er10UezjFWm-QumZD907Nd_HAWsXOxY\/s1600-h\/000_0032.jpg\"><img decoding=\"async\" id=\"BLOGGER_PHOTO_ID_5422301323746557298\" border=\"0\" alt=\"\" src=\"https:\/\/blogger.googleusercontent.com\/img\/b\/R29vZ2xl\/AVvXsEgZDOZ4GcB2ltTqAKKvbvGB9T_OISFnlp7DySMguDQ8UWQ3y76WB0D-LAtNqCGF8fBGSsTgHJl-14Jns9Ql2-nP0PvFtX9B8KO4tDEetf3q28q_er10UezjFWm-QumZD907Nd_HAWsXOxY\/s400\/000_0032.jpg\" \/><\/a><br \/>A la clausura asistieron, por parte del Instituto de la Mujer de Castilla-La Mancha, Alicia Moreno, su responsable provincial de Toledo y Gema por el centro de la mujer de Villafranca. Por parte de la Corporaci\u00f3n Municipal, contamos con la presencia de Antonio Gal\u00e1n, alcalde de Villafranca; Emiliano \u00c1vila, concejal de deportes y Ana Cristina Velasco, concejala de igualdad. A todos correspondi\u00f3 la entrega de premios y del material did\u00e1ctico adquirido para las escuelas de Alc\u00e1zar y Villafranca.<\/p>\n","protected":false},"excerpt":{"rendered":"<p>A la clausura asistieron, por parte del Instituto de la Mujer de Castilla-La Mancha, Alicia Moreno, su responsable provincial de Toledo y Gema por el centro de la mujer de Villafranca. Por parte de la Corporaci\u00f3n Municipal, contamos con la presencia de Antonio Gal\u00e1n, alcalde de Villafranca; Emiliano \u00c1vila, concejal de deportes y Ana Cristina [&hellip;]<\/p>\n","protected":false},"author":1,"featured_media":0,"comment_status":"open","ping_status":"closed","sticky":false,"template":"","format":"standard","meta":{"footnotes":""},"categories":[9],"tags":[],"class_list":["post-449","post","type-post","status-publish","format-standard","hentry","category-vi-torneo-ajedrez-por-la-igualdad-dentro-de-las-jornadas-ajedrez-y-mujer"],"_links":{"self":[{"href":"https:\/\/www.bfv.cloud\/ajedrezeuropa\/wp-json\/wp\/v2\/posts\/449","targetHints":{"allow":["GET"]}}],"collection":[{"href":"https:\/\/www.bfv.cloud\/ajedrezeuropa\/wp-json\/wp\/v2\/posts"}],"about":[{"href":"https:\/\/www.bfv.cloud\/ajedrezeuropa\/wp-json\/wp\/v2\/types\/post"}],"author":[{"embeddable":true,"href":"https:\/\/www.bfv.cloud\/ajedrezeuropa\/wp-json\/wp\/v2\/users\/1"}],"replies":[{"embeddable":true,"href":"https:\/\/www.bfv.cloud\/ajedrezeuropa\/wp-json\/wp\/v2\/comments?post=449"}],"version-history":[{"count":1,"href":"https:\/\/www.bfv.cloud\/ajedrezeuropa\/wp-json\/wp\/v2\/posts\/449\/revisions"}],"predecessor-version":[{"id":450,"href":"https:\/\/www.bfv.cloud\/ajedrezeuropa\/wp-json\/wp\/v2\/posts\/449\/revisions\/450"}],"wp:attachment":[{"href":"https:\/\/www.bfv.cloud\/ajedrezeuropa\/wp-json\/wp\/v2\/media?parent=449"}],"wp:term":[{"taxonomy":"category","embeddable":true,"href":"https:\/\/www.bfv.cloud\/ajedrezeuropa\/wp-json\/wp\/v2\/categories?post=449"},{"taxonomy":"post_tag","embeddable":true,"href":"https:\/\/www.bfv.cloud\/ajedrezeuropa\/wp-json\/wp\/v2\/tags?post=449"}],"curies":[{"name":"wp","href":"https:\/\/api.w.org\/{rel}","templated":true}]}}