{"id":4490,"date":"2013-12-09T00:26:00","date_gmt":"2013-12-09T00:26:00","guid":{"rendered":"https:\/\/www.bfv.cloud\/ajedrezeuropa\/index.php\/2013\/12\/09\/novenos-de-espana\/"},"modified":"2025-11-20T11:17:55","modified_gmt":"2025-11-20T11:17:55","slug":"novenos-de-espana","status":"publish","type":"post","link":"https:\/\/www.bfv.cloud\/ajedrezeuropa\/novenos-de-espana\/","title":{"rendered":"\u00a1\u00a1NOVENOS DE ESPA\u00d1A!!"},"content":{"rendered":"<table align=\"center\" cellpadding=\"0\" cellspacing=\"0\" class=\"tr-caption-container\" style=\"margin-left: auto;margin-right: auto;text-align: center\">\n<tbody>\n<tr>\n<td style=\"text-align: center\"><a href=\"https:\/\/www.bfv.cloud\/ajedrezeuropa\/wp-content\/uploads\/2013\/12\/FOTOSCECLUB2013032.jpg\" style=\"margin-left: auto;margin-right: auto\"><img fetchpriority=\"high\" decoding=\"async\" border=\"0\" src=\"https:\/\/www.bfv.cloud\/ajedrezeuropa\/wp-content\/uploads\/2013\/12\/FOTOSCECLUB2013032.jpg\" height=\"345\" width=\"640\" \/><\/a><\/td>\n<\/tr>\n<tr>\n<td class=\"tr-caption\" style=\"text-align: center\">Los 12 jugadores de los 2 equipos junto al presidente de la Federaci\u00f3n Espa\u00f1ola de Ajedrez,<br \/>\n&nbsp;Javier Ochoa, y el&nbsp;secretario y director t\u00e9cnico de la FEDA, Ram\u00f3n Padull\u00e9s<\/td>\n<\/tr>\n<\/tbody>\n<\/table>\n<p><span style=\"font-family: Verdana, sans-serif\"><b>Nuestro Ajedrez en Europa ha vuelto a reividincarse como uno de los proyectos formativos y deportivos de mayor importancia del mundo ajedrec\u00edstico espa\u00f1ol de los \u00faltimos a\u00f1os. La finalizaci\u00f3n ayer en Benidorm de la sexta edici\u00f3n del Campeonato de Espa\u00f1a por Equipos sub-16 ha tra\u00eddo la buena noticia de la novena plaza conseguida por los chicos y chicas del club castellano-manchego, despu\u00e9s de una estupenda actuaci\u00f3n en las 6 rondas de esta competici\u00f3n nacional. 2 victorias, ante los campeones de Navarra y Andaluc\u00eda, el Santa Ana Siglo XXI y el Roquetas respectivamente; 3 empates, frente a los clubes de Bargas (CTM), Coimbra Jumilla (Murcia) y Promesas de Valladolid (Castilla y Le\u00f3n); y una \u00fanica derrota en el enfrentamiento con el Club Esportiu Vila Ol\u00edmpica de Catalu\u00f1a, son los destacados resultados conseguidos por este grupo de j\u00f3venes ajedrecistas de las escuelas municipales de Alc\u00e1zar de San Juan (Ciudad Real) y Villafranca de los Caballeros (Toledo). Este noveno puesto en la clasificaci\u00f3n final es todo un \u00e9xito deportivo, partiendo de la 16\u00aa posici\u00f3n del ranking inicial, que adem\u00e1s sirve para repetir el segundo mejor resultado de las 5 participaciones del club en este campeonato. El quinteto de jugadores de Nuestro Ajedrez en Europa ha sido el formado por: Isaac Lozano de Quintanar de la Orden, Javier Valdepe\u00f1as de Alc\u00e1zar de San Juan, Cosimo Leonardo de Giorgi de Alc\u00e1zar, Irene Sim\u00f3n de Villaca\u00f1as y Silvia Toribio de Villafranca de los Caballeros. Los objetivos deportivos de este magn\u00edfico grupo han sido claramente superados en una competici\u00f3n compuesta por un total de 24 equipos, la mayor de todas las ediciones celebradas hasta ahora. El otro apartado, el del nivel de juego, ha sido uno de los m\u00e1s exigentes de las \u00faltimas temporadas, con lo que encarece m\u00e1s todav\u00eda la magn\u00edfica clasificaci\u00f3n obtenida.<\/b><\/span><br \/>\n<span style=\"font-family: Verdana, sans-serif\"><b><br \/><\/b><\/span><br \/>\n<\/p>\n<table cellpadding=\"0\" cellspacing=\"0\" class=\"tr-caption-container\" style=\"float: left;margin-right: 1em;text-align: left\">\n<tbody>\n<tr>\n<td style=\"text-align: center\"><a href=\"https:\/\/www.bfv.cloud\/ajedrezeuropa\/wp-content\/uploads\/2013\/12\/FOTOSCECLUB2013027.jpg\" style=\"clear: left;margin-bottom: 1em;margin-left: auto;margin-right: auto\"><img decoding=\"async\" border=\"0\" src=\"https:\/\/www.bfv.cloud\/ajedrezeuropa\/wp-content\/uploads\/2013\/12\/FOTOSCECLUB2013027.jpg\" height=\"311\" width=\"400\" \/><\/a><\/td>\n<\/tr>\n<tr>\n<td class=\"tr-caption\" style=\"text-align: center\">El equipo de Nuestro Ajedrez por la Igualdad<\/td>\n<\/tr>\n<\/tbody>\n<\/table>\n<p><span style=\"font-family: Verdana, sans-serif\"><b>El segundo equipo del proyecto, Nuestro Ajedrez por la Igualdad, se ha situado en la 24\u00aa posici\u00f3n de la clasificaci\u00f3n, puesto de donde inicialmente part\u00eda. El trabajo desarrollado con este grupo de chicos y chicas de entre 10 y 14 a\u00f1os, ha sido intensivo y muy valioso gracias al esfuerzo realizado por el director t\u00e9cnico de la expedici\u00f3n, el gm Herminio Herr\u00e1iz. Los 2,5 puntos de partida son un est\u00edmulo para seguir con el estudio y la preparaci\u00f3n para este grupo compuesto por: Isabel Marcos-Alberca (Campo de Criptana), Julio M\u00e9rida (Alc\u00e1zar), Arturo Mate (Alc\u00e1zar), Alba P\u00edriz (Esquivias), Marta Espinosa (Alc\u00e1zar) y Julia Meza (Alc\u00e1zar).<\/b><\/span><br \/>\n<span style=\"font-family: Verdana, sans-serif\"><b><br \/><\/b><\/span><br \/>\n<\/p>\n<table cellpadding=\"0\" cellspacing=\"0\" class=\"tr-caption-container\" style=\"float: right;margin-left: 1em;text-align: right\">\n<tbody>\n<tr>\n<td style=\"text-align: center\"><a href=\"https:\/\/www.bfv.cloud\/ajedrezeuropa\/wp-content\/uploads\/2013\/12\/FOTOSCECLUB2013023.jpg\" style=\"clear: right;margin-bottom: 1em;margin-left: auto;margin-right: auto\"><img decoding=\"async\" border=\"0\" src=\"https:\/\/www.bfv.cloud\/ajedrezeuropa\/wp-content\/uploads\/2013\/12\/FOTOSCECLUB2013023.jpg\" height=\"268\" width=\"400\" \/><\/a><\/td>\n<\/tr>\n<tr>\n<td class=\"tr-caption\" style=\"text-align: center\">Julia y Maria Oliver<\/td>\n<\/tr>\n<\/tbody>\n<\/table>\n<p><span style=\"font-family: Verdana, sans-serif\"><b>Tambi\u00e9n 2 de los torneos de edades del hotel Bali tuvieron presencia de nuestras jugadoras de menor edad. En el sub-10, Mar\u00eda Oliver de Villafranca, sumaba 2 puntos despu\u00e9s de desplegar un juego muy completo en varias de sus partidas. Por \u00faltimo, en el sub-12, Julia Meza, obten\u00eda 1,5 puntos, con 1 ronda menos por su inclusi\u00f3n en una de las partidas del club de la \u00abIgualdad\u00bb.<\/b><\/span><\/p>\n","protected":false},"excerpt":{"rendered":"<p>Los 12 jugadores de los 2 equipos junto al presidente de la Federaci\u00f3n Espa\u00f1ola de Ajedrez, &nbsp;Javier Ochoa, y el&nbsp;secretario y director t\u00e9cnico de la FEDA, Ram\u00f3n Padull\u00e9s Nuestro Ajedrez en Europa ha vuelto a reividincarse como uno de los proyectos formativos y deportivos de mayor importancia del mundo ajedrec\u00edstico espa\u00f1ol de los \u00faltimos a\u00f1os. [&hellip;]<\/p>\n","protected":false},"author":1,"featured_media":4491,"comment_status":"open","ping_status":"closed","sticky":false,"template":"","format":"standard","meta":{"footnotes":""},"categories":[1],"tags":[],"class_list":["post-4490","post","type-post","status-publish","format-standard","has-post-thumbnail","hentry","category-noticias"],"_links":{"self":[{"href":"https:\/\/www.bfv.cloud\/ajedrezeuropa\/wp-json\/wp\/v2\/posts\/4490","targetHints":{"allow":["GET"]}}],"collection":[{"href":"https:\/\/www.bfv.cloud\/ajedrezeuropa\/wp-json\/wp\/v2\/posts"}],"about":[{"href":"https:\/\/www.bfv.cloud\/ajedrezeuropa\/wp-json\/wp\/v2\/types\/post"}],"author":[{"embeddable":true,"href":"https:\/\/www.bfv.cloud\/ajedrezeuropa\/wp-json\/wp\/v2\/users\/1"}],"replies":[{"embeddable":true,"href":"https:\/\/www.bfv.cloud\/ajedrezeuropa\/wp-json\/wp\/v2\/comments?post=4490"}],"version-history":[{"count":1,"href":"https:\/\/www.bfv.cloud\/ajedrezeuropa\/wp-json\/wp\/v2\/posts\/4490\/revisions"}],"predecessor-version":[{"id":4494,"href":"https:\/\/www.bfv.cloud\/ajedrezeuropa\/wp-json\/wp\/v2\/posts\/4490\/revisions\/4494"}],"wp:featuredmedia":[{"embeddable":true,"href":"https:\/\/www.bfv.cloud\/ajedrezeuropa\/wp-json\/wp\/v2\/media\/4491"}],"wp:attachment":[{"href":"https:\/\/www.bfv.cloud\/ajedrezeuropa\/wp-json\/wp\/v2\/media?parent=4490"}],"wp:term":[{"taxonomy":"category","embeddable":true,"href":"https:\/\/www.bfv.cloud\/ajedrezeuropa\/wp-json\/wp\/v2\/categories?post=4490"},{"taxonomy":"post_tag","embeddable":true,"href":"https:\/\/www.bfv.cloud\/ajedrezeuropa\/wp-json\/wp\/v2\/tags?post=4490"}],"curies":[{"name":"wp","href":"https:\/\/api.w.org\/{rel}","templated":true}]}}