{"id":4495,"date":"2016-03-24T15:17:00","date_gmt":"2016-03-24T15:17:00","guid":{"rendered":"https:\/\/www.bfv.cloud\/ajedrezeuropa\/index.php\/2016\/03\/24\/hemos-sido-noticia-destacada-en-la-tribuna-de-toledo-de-ayer\/"},"modified":"2025-11-20T11:17:59","modified_gmt":"2025-11-20T11:17:59","slug":"hemos-sido-noticia-destacada-en-la-tribuna-de-toledo-de-ayer","status":"publish","type":"post","link":"https:\/\/www.bfv.cloud\/ajedrezeuropa\/hemos-sido-noticia-destacada-en-la-tribuna-de-toledo-de-ayer\/","title":{"rendered":"HEMOS SIDO NOTICIA DESTACADA EN LA TRIBUNA DE TOLEDO DE AYER"},"content":{"rendered":"<div class=\"separator\" style=\"clear: both;text-align: center\">\n<\/div>\n<table align=\"center\" cellpadding=\"0\" cellspacing=\"0\" class=\"tr-caption-container\" style=\"float: right;margin-left: 1em;text-align: right\">\n<tbody>\n<tr>\n<td style=\"text-align: center\"><a href=\"https:\/\/www.bfv.cloud\/ajedrezeuropa\/wp-content\/uploads\/2016\/03\/IMG_20160324_150807.jpg\" style=\"clear: right;margin-bottom: 1em;margin-left: auto;margin-right: auto\"><img fetchpriority=\"high\" decoding=\"async\" border=\"0\" height=\"400\" src=\"https:\/\/blogger.googleusercontent.com\/img\/b\/R29vZ2xl\/AVvXsEgUQm5FKtJ3_sl4nn3bVYUjN8TiHFU2qaoSw87C5NXEhnto8NTdLNppKxHbz-ov-e0PtAWcwvNRoOZiVzlPg9kypmCvemhw3ktpzVxlisglHuVbLnX8_GzM4_qDM65kMrRnal8-vGcxB5c\/s400\/IMG_20160324_150807.jpg\" width=\"381\" \/><\/a><\/td>\n<\/tr>\n<tr>\n<td class=\"tr-caption\" style=\"text-align: center\">CONTRAPORTADA DEL DIARIO \u00abLA TRIBUNA DE TOLEDO\u00bb<br \/>\nDE AYER 23 DE MARZO<\/td>\n<\/tr>\n<\/tbody>\n<\/table>\n<p><span style=\"color: #4c1130;, serif\"><b>Ayer, mi\u00e9rcoles 23 de marzo, el diario \u00abLa Tribuna de Toledo\u00bb, dedicaba su contraportada de la edici\u00f3n impresa a los magn\u00edficos resultados obtenidos por nuestros jugadores en el Campeonato Regional por Edades. Queremos agradecer a los responsables de este diario y al resto de medios de comunicaci\u00f3n de Castilla-La Mancha su acogida y atenci\u00f3n a las noticias que genera nuestro proyecto.<\/b><\/span><br \/>\n<span style=\"color: #4c1130;, serif\"><b>Desde hace a\u00f1os son muy numerosas las informaciones que originan nuestras escuelas y clubes, siendo muy importante el eco que reciben desde peri\u00f3dicos, emisoras de radio, televisiones, medios digitales, etc.<\/b><\/span><\/p>\n<table align=\"center\" cellpadding=\"0\" cellspacing=\"0\" class=\"tr-caption-container\" style=\"margin-left: auto;margin-right: auto;text-align: center\">\n<tbody>\n<tr>\n<td style=\"text-align: center\"><a href=\"https:\/\/www.bfv.cloud\/ajedrezeuropa\/wp-content\/uploads\/2016\/03\/IMG_20160323_224501.jpg\" style=\"margin-left: auto;margin-right: auto\"><img decoding=\"async\" border=\"0\" height=\"640\" src=\"https:\/\/blogger.googleusercontent.com\/img\/b\/R29vZ2xl\/AVvXsEgQZoniCTP8NTghnnmSPIXzlq3EGBssMadVUd3NzlMA3zK_gANALSJXDNe1GLscOn1r84LA12-slgk_XfIR4pmB8ns9-sSpYay9LJSTchXGpDa8wrolJj40azXGSYPE2WqoAXQHi3xewSk\/s640\/IMG_20160323_224501.jpg\" width=\"590\" \/><\/a><\/td>\n<\/tr>\n<tr>\n<td class=\"tr-caption\" style=\"text-align: center\">La nueva exposici\u00f3n de los premios y trofeos colectivos de NUESTRO AJEDREZ EN EUROPA <br \/>\nen el&nbsp;aula&nbsp;de la escuela de Villafranca<\/td>\n<\/tr>\n<\/tbody>\n<\/table>\n<p><span style=\"color: #4c1130;, serif\"><b>Tambi\u00e9n aprovechamos para agradecer la colaboraci\u00f3n de todas aquellas personas que d\u00eda a d\u00eda est\u00e1n pendientes de las noticias que se publican de nosotros y que siempre est\u00e1n al tanto de comunic\u00e1rnoslas. En este aspecto, destacamos la labor de los gabinetes de prensa, alcald\u00edas y concejal\u00edas de deportes de los ayuntamientos de Alc\u00e1zar y Villafranca que colaboran en la difusi\u00f3n de los resultados y eventos que protagoniza el proyecto en su conjunto.<\/b><\/span><br \/>\n<span style=\"color: #4c1130;, serif\"><b><br \/><\/b><\/span><br \/>\n<\/p>\n<h3>\n<span style=\"color: #073763;, serif\"><u style=\"background-color: yellow\">EL TORNEO INTERNACIONAL DE LA RODA COMIENZA CON 7 JUGADORES DE NUESTRO AJEDREZ<\/u><\/span><\/h3>\n<div>\n<span style=\"color: #073763;, serif\"><b style=\"background-color: yellow\">En la tarde de ayer comenzaba en el municipio albacete\u00f1o de La Roda su 43\u00ba TORNEO INTERNACIONAL con la presencia de 7 jugadores de nuestros distintos equipos.<\/b><\/span><\/div>\n<div>\n<span style=\"color: #073763;, serif\"><b style=\"background-color: yellow\">Carlos \u00c1lvarez, Isaac Lozano, Javier Valdepe\u00f1as, Luismi Monreal, Alfredo Amador, Isabel Marcos-Alberca y Nuria Lozano, ya han disputado las primeras rondas de un torneo con m\u00e1s de 280 participantes y de un nivel realmente impresionante. Les deseamos una buena competici\u00f3n a todos y os dejamos con el enlace de Chess-Results para seguir los resultados y clasificaciones:<\/b><\/span><\/div>\n<div>\n<span style=\", serif\"><b><br \/><\/b><\/span><\/div>\n<div style=\"text-align: center\">\n<span style=\", serif\"><b><a href=\"http:\/\/chess-results.com\/tnr201213.aspx?lan=2&amp;art=1&amp;rd=2&amp;flag=30&amp;wi=821\">CLASIFICACI\u00d3N DEL TORNEO DESPU\u00c9S DE RONDA 2<\/a><\/b><\/span>&nbsp;<\/div>\n<p><\/p>\n","protected":false},"excerpt":{"rendered":"<p>CONTRAPORTADA DEL DIARIO \u00abLA TRIBUNA DE TOLEDO\u00bb DE AYER 23 DE MARZO Ayer, mi\u00e9rcoles 23 de marzo, el diario \u00abLa Tribuna de Toledo\u00bb, dedicaba su contraportada de la edici\u00f3n impresa a los magn\u00edficos resultados obtenidos por nuestros jugadores en el Campeonato Regional por Edades. Queremos agradecer a los responsables de este diario y al resto [&hellip;]<\/p>\n","protected":false},"author":1,"featured_media":4496,"comment_status":"open","ping_status":"closed","sticky":false,"template":"","format":"standard","meta":{"footnotes":""},"categories":[1],"tags":[],"class_list":["post-4495","post","type-post","status-publish","format-standard","has-post-thumbnail","hentry","category-noticias"],"_links":{"self":[{"href":"https:\/\/www.bfv.cloud\/ajedrezeuropa\/wp-json\/wp\/v2\/posts\/4495","targetHints":{"allow":["GET"]}}],"collection":[{"href":"https:\/\/www.bfv.cloud\/ajedrezeuropa\/wp-json\/wp\/v2\/posts"}],"about":[{"href":"https:\/\/www.bfv.cloud\/ajedrezeuropa\/wp-json\/wp\/v2\/types\/post"}],"author":[{"embeddable":true,"href":"https:\/\/www.bfv.cloud\/ajedrezeuropa\/wp-json\/wp\/v2\/users\/1"}],"replies":[{"embeddable":true,"href":"https:\/\/www.bfv.cloud\/ajedrezeuropa\/wp-json\/wp\/v2\/comments?post=4495"}],"version-history":[{"count":1,"href":"https:\/\/www.bfv.cloud\/ajedrezeuropa\/wp-json\/wp\/v2\/posts\/4495\/revisions"}],"predecessor-version":[{"id":4498,"href":"https:\/\/www.bfv.cloud\/ajedrezeuropa\/wp-json\/wp\/v2\/posts\/4495\/revisions\/4498"}],"wp:featuredmedia":[{"embeddable":true,"href":"https:\/\/www.bfv.cloud\/ajedrezeuropa\/wp-json\/wp\/v2\/media\/4496"}],"wp:attachment":[{"href":"https:\/\/www.bfv.cloud\/ajedrezeuropa\/wp-json\/wp\/v2\/media?parent=4495"}],"wp:term":[{"taxonomy":"category","embeddable":true,"href":"https:\/\/www.bfv.cloud\/ajedrezeuropa\/wp-json\/wp\/v2\/categories?post=4495"},{"taxonomy":"post_tag","embeddable":true,"href":"https:\/\/www.bfv.cloud\/ajedrezeuropa\/wp-json\/wp\/v2\/tags?post=4495"}],"curies":[{"name":"wp","href":"https:\/\/api.w.org\/{rel}","templated":true}]}}