{"id":4499,"date":"2012-06-07T22:42:00","date_gmt":"2012-06-07T22:42:00","guid":{"rendered":"https:\/\/www.bfv.cloud\/ajedrezeuropa\/index.php\/2012\/06\/07\/en-juego-el-regional-por-equipos-absoluto\/"},"modified":"2025-11-20T11:18:04","modified_gmt":"2025-11-20T11:18:04","slug":"en-juego-el-regional-por-equipos-absoluto","status":"publish","type":"post","link":"https:\/\/www.bfv.cloud\/ajedrezeuropa\/en-juego-el-regional-por-equipos-absoluto\/","title":{"rendered":"EN JUEGO EL REGIONAL POR EQUIPOS ABSOLUTO"},"content":{"rendered":"<p>\ufeff <\/p>\n<table align=\"center\" cellpadding=\"0\" cellspacing=\"0\" class=\"tr-caption-container\" style=\"float: left;margin-right: 1em;text-align: left\">\n<tbody>\n<tr>\n<td style=\"text-align: center\"><a href=\"https:\/\/www.bfv.cloud\/ajedrezeuropa\/wp-content\/uploads\/2012\/06\/REGIONALPOREQUIPOSABSCIUDADREAL-2012002.jpg\" style=\"margin-left: auto;margin-right: auto\"><img fetchpriority=\"high\" decoding=\"async\" border=\"0\" height=\"300\" src=\"https:\/\/blogger.googleusercontent.com\/img\/b\/R29vZ2xl\/AVvXsEhEaxbKe-5ubCyV_Xr2Ckgu60lY9XkQfgXDmEux5Xeg4tLUmDYxQPk1Gy9oaD9czIORLGT_BoLWfS4GeXVPHm37uG_LOU0E5WlCabULiE4sKu_dH6Wv2O8mI18U30o7yZnnEUB_hyphenhyphenR69Os\/s400\/REGIONAL+POR+EQUIPOS+ABS+CIUDAD+REAL-2012+002.jpg\" width=\"400\" \/><\/a><\/td>\n<\/tr>\n<tr>\n<td class=\"tr-caption\" style=\"text-align: center\">1\u00aa ronda: Nuestro Ajedrez en Europa vs Zugzwang<\/td>\n<\/tr>\n<\/tbody>\n<\/table>\n<p>\ufeff Ayer&nbsp;comenzaba en el Hotel Almanzor de Ciudad Real el Campeonato por Equipos de Castilla-La Mancha en su categor\u00eda absoluta.&nbsp;Como es habitual, desde hace 8&nbsp;temporadas, el club NUESTRO AJEDREZ EN EUROPA participa con sus j\u00f3venes jugadores. En esta ocasi\u00f3n los 8 chicos que formar\u00e1n parte de nuestro equipo ser\u00e1n:<br \/>\n&#8211; Santiago Talavera<br \/>\n&#8211; Daniel P\u00edriz<br \/>\n&#8211; Jorge Sim\u00f3n<br \/>\n&#8211; Carlos \u00c1lvarez<br \/>\n&#8211; Luismi Monreal<br \/>\n&#8211; Jos\u00e9 \u00c1ngel Vela<br \/>\n&#8211; Jos\u00e9 M\u00aa Pastrana<br \/>\n&#8211; Isaac Lozano<\/p>\n<p>\ufeff <\/p>\n<table cellpadding=\"0\" cellspacing=\"0\" class=\"tr-caption-container\" style=\"float: right;margin-left: 1em;text-align: right\">\n<tbody>\n<tr>\n<td style=\"text-align: center\"><a href=\"https:\/\/www.bfv.cloud\/ajedrezeuropa\/wp-content\/uploads\/2012\/06\/REGIONALPOREQUIPOSABSCIUDADREAL-2012004.jpg\" style=\"clear: right;margin-bottom: 1em;margin-left: auto;margin-right: auto\"><img decoding=\"async\" border=\"0\" height=\"300\" src=\"https:\/\/blogger.googleusercontent.com\/img\/b\/R29vZ2xl\/AVvXsEiU7aNmwlsPaNEW252Z2oPGdwXljAYGSDKmXZqTI1LyUwUZLmuvjFGnE4QK4h9GGALtwqJpxH6pfx1opUaXUYIf_qzuan1rY40Nf7Bxe7VeldkDUCioPHp9zWE1OUYxnieKETG_I7ET3WI\/s400\/REGIONAL+POR+EQUIPOS+ABS+CIUDAD+REAL-2012+004.jpg\" width=\"400\" \/><\/a><\/td>\n<\/tr>\n<tr>\n<td class=\"tr-caption\" style=\"text-align: center\">Otra perspectiva del enfrentamiento frente a Zugzwang<\/td>\n<\/tr>\n<\/tbody>\n<\/table>\n<p>\ufeff &nbsp;En la 1\u00aa ronda quedamos emparejados con el club Zugzwang de Villanueva de los Infantes, dejando un resultado de 3,5 a 0,5 a favor de la formaci\u00f3n ciudarreale\u00f1a.<br \/>\nHoy viernes en la ronda de la ma\u00f1ana jugaremos frente al club Leyenda.<br \/>\nQueremos hacer notar la excelente organizaci\u00f3n que en la jornada inaugural hemos tenido la oportunidad de disfrutar, sin duda alguna, gracias al esfuerzo&nbsp;del equipo humano que est\u00e1n trabajando desde hace semanas en ello. Seguro que los 9 clubes presentes en este torneo disfrutar\u00e1n de unos estupendos d\u00edas de ajedrez.<br \/>\nAqu\u00ed os dejamos los enlaces para seguir la retransmisi\u00f3n en directo de 8 tableros y los resultados a trav\u00e9s de Chess-Results:<\/p>\n<div align=\"center\"><a href=\"http:\/\/chess-results.com\/tnr72249.aspx?art=3&amp;rd=2&amp;lan=2\"><strong><span style=\"color: blue\">Resultados y clasificaciones<\/span><\/strong><\/a><\/div>\n<div align=\"center\">\n<\/div>\n<div align=\"center\"><a href=\"http:\/\/dl.dropbox.com\/u\/77841117\/retransmision\/index.htm\"><strong><span style=\"color: blue\">RETRANSMISI\u00d3N EN DIRECTO<\/span><\/strong><\/a><strong><span style=\"color: blue\">\ufeff<\/span><\/strong><\/div>\n<p><strong><span style=\"color: blue\">\ufeff<\/span><\/strong> <\/p>\n<table align=\"center\" cellpadding=\"0\" cellspacing=\"0\" class=\"tr-caption-container\" style=\"margin-left: auto;margin-right: auto;text-align: center\">\n<tbody>\n<tr>\n<td style=\"text-align: center\"><a href=\"https:\/\/www.bfv.cloud\/ajedrezeuropa\/wp-content\/uploads\/2012\/06\/REGIONALPOREQUIPOSABSCIUDADREAL-2012009.jpg\" style=\"margin-left: auto;margin-right: auto\"><img decoding=\"async\" border=\"0\" height=\"300\" src=\"https:\/\/blogger.googleusercontent.com\/img\/b\/R29vZ2xl\/AVvXsEj_LQIHAehguZrWCggjSd7Fpbn1UrpbIeHT5RO6f1BXOnFNVQyecycQNsgD_PWfQSFcr1ClpQ7ycXHN7k8ANkz6jJprT2qAbL5kc09IVKkyAAjFjQmHKSPkXb-wTleC7FhJ7_WAjECa92I\/s400\/REGIONAL+POR+EQUIPOS+ABS+CIUDAD+REAL-2012+009.jpg\" width=\"400\" \/><\/a><\/td>\n<\/tr>\n<tr>\n<td class=\"tr-caption\" style=\"text-align: center\">De frente y a la derecha de la foto, los 2 jugadores de nuestro<br \/>\nequipo que jugan su primer regional: Carlos \u00c1lvarez e Isaac Lozano<\/td>\n<\/tr>\n<\/tbody>\n<\/table>\n<p>\ufeff<\/p>\n","protected":false},"excerpt":{"rendered":"<p>\ufeff 1\u00aa ronda: Nuestro Ajedrez en Europa vs Zugzwang \ufeff Ayer&nbsp;comenzaba en el Hotel Almanzor de Ciudad Real el Campeonato por Equipos de Castilla-La Mancha en su categor\u00eda absoluta.&nbsp;Como es habitual, desde hace 8&nbsp;temporadas, el club NUESTRO AJEDREZ EN EUROPA participa con sus j\u00f3venes jugadores. En esta ocasi\u00f3n los 8 chicos que formar\u00e1n parte de [&hellip;]<\/p>\n","protected":false},"author":1,"featured_media":4500,"comment_status":"open","ping_status":"closed","sticky":false,"template":"","format":"standard","meta":{"footnotes":""},"categories":[1],"tags":[],"class_list":["post-4499","post","type-post","status-publish","format-standard","has-post-thumbnail","hentry","category-noticias"],"_links":{"self":[{"href":"https:\/\/www.bfv.cloud\/ajedrezeuropa\/wp-json\/wp\/v2\/posts\/4499","targetHints":{"allow":["GET"]}}],"collection":[{"href":"https:\/\/www.bfv.cloud\/ajedrezeuropa\/wp-json\/wp\/v2\/posts"}],"about":[{"href":"https:\/\/www.bfv.cloud\/ajedrezeuropa\/wp-json\/wp\/v2\/types\/post"}],"author":[{"embeddable":true,"href":"https:\/\/www.bfv.cloud\/ajedrezeuropa\/wp-json\/wp\/v2\/users\/1"}],"replies":[{"embeddable":true,"href":"https:\/\/www.bfv.cloud\/ajedrezeuropa\/wp-json\/wp\/v2\/comments?post=4499"}],"version-history":[{"count":1,"href":"https:\/\/www.bfv.cloud\/ajedrezeuropa\/wp-json\/wp\/v2\/posts\/4499\/revisions"}],"predecessor-version":[{"id":4503,"href":"https:\/\/www.bfv.cloud\/ajedrezeuropa\/wp-json\/wp\/v2\/posts\/4499\/revisions\/4503"}],"wp:featuredmedia":[{"embeddable":true,"href":"https:\/\/www.bfv.cloud\/ajedrezeuropa\/wp-json\/wp\/v2\/media\/4500"}],"wp:attachment":[{"href":"https:\/\/www.bfv.cloud\/ajedrezeuropa\/wp-json\/wp\/v2\/media?parent=4499"}],"wp:term":[{"taxonomy":"category","embeddable":true,"href":"https:\/\/www.bfv.cloud\/ajedrezeuropa\/wp-json\/wp\/v2\/categories?post=4499"},{"taxonomy":"post_tag","embeddable":true,"href":"https:\/\/www.bfv.cloud\/ajedrezeuropa\/wp-json\/wp\/v2\/tags?post=4499"}],"curies":[{"name":"wp","href":"https:\/\/api.w.org\/{rel}","templated":true}]}}