{"id":4504,"date":"2015-05-03T18:39:00","date_gmt":"2015-05-03T18:39:00","guid":{"rendered":"https:\/\/www.bfv.cloud\/ajedrezeuropa\/index.php\/2015\/05\/03\/cinco-medallas-en-el-regional-del-deporte-escolar\/"},"modified":"2025-11-20T11:18:11","modified_gmt":"2025-11-20T11:18:11","slug":"cinco-medallas-en-el-regional-del-deporte-escolar","status":"publish","type":"post","link":"https:\/\/www.bfv.cloud\/ajedrezeuropa\/cinco-medallas-en-el-regional-del-deporte-escolar\/","title":{"rendered":"\u00a1\u00a1 CINCO MEDALLAS EN EL REGIONAL DEL DEPORTE ESCOLAR !!"},"content":{"rendered":"<table cellpadding=\"0\" cellspacing=\"0\" class=\"tr-caption-container\" style=\"float: right;margin-left: 1em;text-align: right\">\n<tbody>\n<tr>\n<td style=\"text-align: center\"><a href=\"https:\/\/www.bfv.cloud\/ajedrezeuropa\/wp-content\/uploads\/2015\/05\/IMG-20150503-WA0006.jpg\" style=\"clear: right;margin-bottom: 1em;margin-left: auto;margin-right: auto\"><img fetchpriority=\"high\" decoding=\"async\" border=\"0\" src=\"https:\/\/www.bfv.cloud\/ajedrezeuropa\/wp-content\/uploads\/2015\/05\/IMG-20150503-WA0006.jpg\" height=\"215\" width=\"400\" \/><\/a><\/td>\n<\/tr>\n<tr>\n<td class=\"tr-caption\" style=\"text-align: center\">Nuestros 8 jugadores en el CRDEE de Cuenca<\/td>\n<\/tr>\n<\/tbody>\n<\/table>\n<p>&nbsp;<span style=\"font-family: Verdana, sans-serif\"><b><u>Un oro, dos platas y dos bronces<\/u><\/b><\/span><\/p>\n<table cellpadding=\"0\" cellspacing=\"0\" class=\"tr-caption-container\" style=\"float: left;margin-right: 1em;text-align: left\">\n<tbody>\n<tr>\n<td style=\"text-align: center\"><a href=\"https:\/\/www.bfv.cloud\/ajedrezeuropa\/wp-content\/uploads\/2015\/05\/IMG-20150503-WA0007.jpg\" style=\"clear: left;margin-bottom: 1em;margin-left: auto;margin-right: auto\"><img decoding=\"async\" border=\"0\" src=\"https:\/\/www.bfv.cloud\/ajedrezeuropa\/wp-content\/uploads\/2015\/05\/IMG-20150503-WA0007.jpg\" height=\"400\" width=\"225\" \/><\/a><\/td>\n<\/tr>\n<tr>\n<td class=\"tr-caption\" style=\"text-align: center\">Oro y plata en el Cadete Femenino<\/td>\n<\/tr>\n<\/tbody>\n<\/table>\n<table cellpadding=\"0\" cellspacing=\"0\" class=\"tr-caption-container\" style=\"float: right;margin-left: 1em;text-align: right\">\n<tbody>\n<tr>\n<td style=\"text-align: center\"><a href=\"https:\/\/www.bfv.cloud\/ajedrezeuropa\/wp-content\/uploads\/2015\/05\/IMG-20150503-WA0008.jpg\" style=\"clear: right;margin-bottom: 1em;margin-left: auto;margin-right: auto\"><img decoding=\"async\" border=\"0\" src=\"https:\/\/www.bfv.cloud\/ajedrezeuropa\/wp-content\/uploads\/2015\/05\/IMG-20150503-WA0008.jpg\" height=\"225\" width=\"400\" \/><\/a><\/td>\n<\/tr>\n<tr>\n<td class=\"tr-caption\" style=\"text-align: center\">Plata y bronce en el Infantil Femenino<\/td>\n<\/tr>\n<\/tbody>\n<\/table>\n<p><span style=\"font-family: Verdana, sans-serif\">Ha finalizado en Cuenca la fase regional del DEPORTE EN EDAD ESCOLAR y las chicas y chicos de \u00abNuestro Ajedrez en Europa\u00bb regresan con 5 de las 12 medallas posibles. Para completar este gran resultado los otros 3 ajedrecistas que han asistido a este campeonato tambi\u00e9n han conseguido una buena actuaci\u00f3n.<\/span><br \/>\n<span style=\"font-family: Verdana, sans-serif\"><b><u>\u00c9xito total en la categor\u00eda femenina<\/u><\/b><\/span><br \/>\n<span style=\"font-family: Verdana, sans-serif\">Una campeona regional, Irene Sim\u00f3n Escalona, y una subcampeona, Marta Espinosa Gil, acreditan la magn\u00edfica actuaci\u00f3n de las chicas de la categor\u00eda Cadete. Ambas sin una sola derrota y con una suma de 4 puntos y 3,5 en las 5 partidas disputadas, alcanzan las primeras posiciones en Castilla-La Mancha.&nbsp;<\/span><br \/>\n<span style=\"font-family: Verdana, sans-serif\">Nuestra tercera jugadora clasificada, Alba P\u00edriz Fern\u00e1ndez, queda en la 5\u00aa plaza con 1,5 puntos.<\/span><br \/>\n<span style=\"font-family: Verdana, sans-serif\">En la categor\u00eda Infantil Femenina repetimos un \u00e9xito dif\u00edcil de lograr: una medalla de plata para Isabel Marcos-Alberca Lizcano y un bronce para Julia Meza Osorio, quedando empatadas con 4,5 puntos y clasificadas para la final nacional de selecciones auton\u00f3micas que se celebrar\u00e1 en San Javier (Murcia) del 21 al 25 de junio.&nbsp;<\/span><br \/>\n<span style=\"font-family: Verdana, sans-serif\">Mar\u00eda Oliver Ropero, finalizaba su segunda participaci\u00f3n en un Escolar Regional con un resultado de 3 puntos, obteniendo una brillante 6\u00aa posici\u00f3n entre las 14 chicas que lo han disputado.<\/span><br \/>\n<span style=\"font-family: Verdana, sans-serif\"><b><u>Un bronce en el Cadete Masculino<\/u><\/b><\/span><br \/>\n<span style=\"font-family: Verdana, sans-serif\">&nbsp;Javier Valdepe\u00f1as Octavio alcanza el tercer puesto del Cadete en su \u00faltimo a\u00f1o en la categor\u00eda con 3,5 puntos.&nbsp;<\/span><br \/>\n<span style=\"font-family: Verdana, sans-serif\">Con Roberto L\u00f3pez N\u00fa\u00f1ez en el Infantil se completa la presencia de nuestros jugadores en este auton\u00f3mico. En la clasificaci\u00f3n final, Roberto, queda 13\u00ba con 3 puntos, aunque empatado con una amplio grupo de chicos que llegan hasta el 5\u00ba puesto.<\/span><\/p>\n<table cellpadding=\"0\" cellspacing=\"0\" class=\"tr-caption-container\" style=\"float: right;margin-left: 1em;text-align: right\">\n<tbody>\n<tr>\n<td style=\"text-align: center\"><a href=\"https:\/\/www.bfv.cloud\/ajedrezeuropa\/wp-content\/uploads\/2015\/05\/IMG-20150503-WA0009.jpg\" style=\"clear: right;margin-bottom: 1em;margin-left: auto;margin-right: auto\"><img loading=\"lazy\" decoding=\"async\" border=\"0\" src=\"https:\/\/www.bfv.cloud\/ajedrezeuropa\/wp-content\/uploads\/2015\/05\/IMG-20150503-WA0009.jpg\" height=\"252\" width=\"400\" \/><\/a><\/td>\n<\/tr>\n<tr>\n<td class=\"tr-caption\" style=\"text-align: center\">Bronce en el Cadete Masculino<\/td>\n<\/tr>\n<\/tbody>\n<\/table>\n<p>&nbsp;<span style=\"font-family: Verdana, sans-serif\"><b><u>Un balance extraordinario<\/u><\/b><\/span><br \/>\n<span style=\"font-family: Verdana, sans-serif\">Aunque la simple clasificaci\u00f3n de 8 jugadores en un campeonato disputado por 50 chicos y chicas de toda Castilla-La Mancha ya supone un \u00e9xito, el resultado final con 5 medallistas hace a\u00fan mejor el balance deportivo. Lo conseguido por las chicas de nuestras escuelas de ajedrez de Alc\u00e1zar y Villafranca es extraordinario, con 4 de ellas llegando a lo m\u00e1s alto de sus respectivas categor\u00edas.<\/span><br \/>\n<span style=\"font-family: Verdana, sans-serif\">\u00a1\u00a1Una gran felicitaci\u00f3n para todos ellos!!<\/span><\/p>\n<table align=\"center\" cellpadding=\"0\" cellspacing=\"0\" class=\"tr-caption-container\" style=\"margin-left: auto;margin-right: auto;text-align: center\">\n<tbody>\n<tr>\n<td style=\"text-align: center\"><a href=\"https:\/\/www.bfv.cloud\/ajedrezeuropa\/wp-content\/uploads\/2015\/05\/SAM_1767.jpg\" style=\"margin-left: auto;margin-right: auto\"><img loading=\"lazy\" decoding=\"async\" border=\"0\" src=\"https:\/\/www.bfv.cloud\/ajedrezeuropa\/wp-content\/uploads\/2015\/05\/SAM_1767.jpg\" height=\"470\" width=\"640\" \/><\/a><\/td>\n<\/tr>\n<tr>\n<td class=\"tr-caption\" style=\"text-align: center\">Juntos en el parque: Roberto, Javier, Marta, Alba, Irene, Mar\u00eda, Julia e Isabel<\/td>\n<\/tr>\n<\/tbody>\n<\/table>\n<p><\/p>\n","protected":false},"excerpt":{"rendered":"<p>Nuestros 8 jugadores en el CRDEE de Cuenca &nbsp;Un oro, dos platas y dos bronces Oro y plata en el Cadete Femenino Plata y bronce en el Infantil Femenino Ha finalizado en Cuenca la fase regional del DEPORTE EN EDAD ESCOLAR y las chicas y chicos de \u00abNuestro Ajedrez en Europa\u00bb regresan con 5 de [&hellip;]<\/p>\n","protected":false},"author":1,"featured_media":4505,"comment_status":"open","ping_status":"closed","sticky":false,"template":"","format":"standard","meta":{"footnotes":""},"categories":[1],"tags":[],"class_list":["post-4504","post","type-post","status-publish","format-standard","has-post-thumbnail","hentry","category-noticias"],"_links":{"self":[{"href":"https:\/\/www.bfv.cloud\/ajedrezeuropa\/wp-json\/wp\/v2\/posts\/4504","targetHints":{"allow":["GET"]}}],"collection":[{"href":"https:\/\/www.bfv.cloud\/ajedrezeuropa\/wp-json\/wp\/v2\/posts"}],"about":[{"href":"https:\/\/www.bfv.cloud\/ajedrezeuropa\/wp-json\/wp\/v2\/types\/post"}],"author":[{"embeddable":true,"href":"https:\/\/www.bfv.cloud\/ajedrezeuropa\/wp-json\/wp\/v2\/users\/1"}],"replies":[{"embeddable":true,"href":"https:\/\/www.bfv.cloud\/ajedrezeuropa\/wp-json\/wp\/v2\/comments?post=4504"}],"version-history":[{"count":1,"href":"https:\/\/www.bfv.cloud\/ajedrezeuropa\/wp-json\/wp\/v2\/posts\/4504\/revisions"}],"predecessor-version":[{"id":4510,"href":"https:\/\/www.bfv.cloud\/ajedrezeuropa\/wp-json\/wp\/v2\/posts\/4504\/revisions\/4510"}],"wp:featuredmedia":[{"embeddable":true,"href":"https:\/\/www.bfv.cloud\/ajedrezeuropa\/wp-json\/wp\/v2\/media\/4505"}],"wp:attachment":[{"href":"https:\/\/www.bfv.cloud\/ajedrezeuropa\/wp-json\/wp\/v2\/media?parent=4504"}],"wp:term":[{"taxonomy":"category","embeddable":true,"href":"https:\/\/www.bfv.cloud\/ajedrezeuropa\/wp-json\/wp\/v2\/categories?post=4504"},{"taxonomy":"post_tag","embeddable":true,"href":"https:\/\/www.bfv.cloud\/ajedrezeuropa\/wp-json\/wp\/v2\/tags?post=4504"}],"curies":[{"name":"wp","href":"https:\/\/api.w.org\/{rel}","templated":true}]}}