{"id":451,"date":"2019-01-07T19:47:00","date_gmt":"2019-01-07T19:47:00","guid":{"rendered":"https:\/\/www.bfv.cloud\/ajedrezeuropa\/index.php\/2019\/01\/07\/el-torneo-de-ajedrez-por-la-igualdad-cumple-14-ediciones\/"},"modified":"2025-11-20T10:17:55","modified_gmt":"2025-11-20T10:17:55","slug":"el-torneo-de-ajedrez-por-la-igualdad-cumple-14-ediciones","status":"publish","type":"post","link":"https:\/\/www.bfv.cloud\/ajedrezeuropa\/el-torneo-de-ajedrez-por-la-igualdad-cumple-14-ediciones\/","title":{"rendered":"EL TORNEO DE AJEDREZ POR LA IGUALDAD CUMPLE 14 EDICIONES"},"content":{"rendered":"<table align=\"center\" cellpadding=\"0\" cellspacing=\"0\" class=\"tr-caption-container\" style=\"margin-left: auto;margin-right: auto;text-align: center\">\n<tbody>\n<tr>\n<td style=\"text-align: center\"><a href=\"https:\/\/www.bfv.cloud\/ajedrezeuropa\/wp-content\/uploads\/2019\/01\/GRUPOTORNEO.jpg\" style=\"margin-left: auto;margin-right: auto\"><img fetchpriority=\"high\" decoding=\"async\" border=\"0\" data-original-height=\"443\" data-original-width=\"1600\" height=\"172\" src=\"https:\/\/blogger.googleusercontent.com\/img\/b\/R29vZ2xl\/AVvXsEjF8gYMDvJbc61zCFyB-gw1uLRz2wS0PWmc8iM-9JroleAIILfuOqzg5NlXba5zglHwvGWxYXJ_YL7TS68xBhapL1SOZxYOuIDbuoLar_DMzDm8r7hg8-IGjGncZzsBIWKcqcqu7bImaxk\/s640\/GRUPO+TORNEO.jpg\" width=\"640\" \/><\/a><\/td>\n<\/tr>\n<tr>\n<td class=\"tr-caption\" style=\"text-align: center\">Imagen de la entrega de trofeos del torneo y de los diplomas de la concentraci\u00f3n de Navidad<\/td>\n<\/tr>\n<\/tbody>\n<\/table>\n<p><span style=\", serif;font-size: large\">Durante 14 a\u00f1os el torneo de \u00abajedrez por la igualdad\u00bb ha reivindicado y potenciado la participaci\u00f3n de las ni\u00f1as, las j\u00f3venes y las mujeres, en una actividad donde compite con el hombre en total equilibrio. <\/p>\n<table cellpadding=\"0\" cellspacing=\"0\" class=\"tr-caption-container\" style=\"float: right;margin-left: 1em;text-align: right\">\n<tbody>\n<tr>\n<td style=\"text-align: center\"><a href=\"https:\/\/www.bfv.cloud\/ajedrezeuropa\/wp-content\/uploads\/2019\/01\/TROPEOSS12FEMENINOS.jpg\" style=\"clear: right;margin-bottom: 1em;margin-left: auto;margin-right: auto\"><img decoding=\"async\" border=\"0\" data-original-height=\"788\" data-original-width=\"1600\" height=\"193\" src=\"https:\/\/blogger.googleusercontent.com\/img\/b\/R29vZ2xl\/AVvXsEjwyIHAdaZRFdIPI0CfYLRmvcEA-iOTc50Y9Eh8Wa7LLZrEF6gWwVAYqXZ9AzCLGlZAvQPrHAk5UTOAeaTpsNsu-DjDH-fFhl5SVUYMG104iPUeP2tERE8_yV4TGOzla_8AQmxlarDm3QI\/s400\/TROPEOS+S12+FEMENINOS.jpg\" width=\"400\" \/><\/a><\/td>\n<\/tr>\n<tr>\n<td class=\"tr-caption\" style=\"text-align: center\">Carmen M\u00aa y Miriam, ganadoras de los trofeos sub12 femeninos<\/td>\n<\/tr>\n<\/tbody>\n<\/table>\n<p>El domingo 30 de septiembre se celebr\u00f3 el XIV Torneo de Navidad \u00abAjedrez por la Igualdad\u00bb, que cont\u00f3 con la participaci\u00f3n de 42 ajedrecistas, entre ellos 10 ni\u00f1as y j\u00f3venes mujeres, as\u00ed como 14 chicos y chicas de la categor\u00eda sub-12.<\/span><\/p>\n<table align=\"center\" cellpadding=\"0\" cellspacing=\"0\" class=\"tr-caption-container\" style=\"margin-left: auto;margin-right: auto;text-align: center\">\n<tbody>\n<tr>\n<td style=\"text-align: center\"><a href=\"https:\/\/www.bfv.cloud\/ajedrezeuropa\/wp-content\/uploads\/2019\/01\/SALAJUEGODESDEFINAL.jpg\" style=\"margin-left: auto;margin-right: auto\"><img decoding=\"async\" border=\"0\" data-original-height=\"565\" data-original-width=\"1599\" height=\"226\" src=\"https:\/\/blogger.googleusercontent.com\/img\/b\/R29vZ2xl\/AVvXsEhG-9AXEvlrehbDH43QSv6XWiAXSBfuLbRyOmA1QImXJUP_UT3GvwBNy1QhI_s1dvndNrp1yoT6Ynn72Fs3FNbQKJdbi-g1nJOXPQqF3e5v0dWfJzIEsX8y3iwoSr4jDqZ79JzCh1PXs_k\/s640\/SALA+JUEGO+DESDE+FINAL.jpg\" width=\"640\" \/><\/a><\/td>\n<\/tr>\n<tr>\n<td class=\"tr-caption\" style=\"text-align: center\">Una vista de la sala de juego<\/td>\n<\/tr>\n<\/tbody>\n<\/table>\n<p><span style=\"font-family: georgia, times new roman, serif;font-size: large\">El torneo finaliz\u00f3 con la entrega de trofeos a los 2 mejores clasificados en las categor\u00edas absoluta y sub-12 masculina y femenina.&nbsp;<\/p>\n<table cellpadding=\"0\" cellspacing=\"0\" class=\"tr-caption-container\" style=\"float: left;margin-right: 1em;text-align: left\">\n<tbody>\n<tr>\n<td style=\"text-align: center\"><a href=\"https:\/\/www.bfv.cloud\/ajedrezeuropa\/wp-content\/uploads\/2019\/01\/TROFEOSS12MASCULINOS.jpg\" style=\"clear: left;margin-bottom: 1em;margin-left: auto;margin-right: auto\"><img loading=\"lazy\" decoding=\"async\" border=\"0\" data-original-height=\"819\" data-original-width=\"1600\" height=\"203\" src=\"https:\/\/blogger.googleusercontent.com\/img\/b\/R29vZ2xl\/AVvXsEjGwc-s1SCqYCJ48iXVHLtFrGoE1WcIEHNgIZEAg7hJCuSqSD7fHIp30SVZdlf5I2ufVXvmgZNE8FQODj57Ntt_KaDzz64rj-5ELDIXuurxOpj9v0Vfohumi6rBIMwRRXnS5sbSOmgi1Eg\/s400\/TROFEOS+S12+MASCULINOS.jpg\" width=\"400\" \/><\/a><\/td>\n<\/tr>\n<tr>\n<td class=\"tr-caption\" style=\"text-align: center\">Alonso y Carlos, vencedores en el sub12 masculino<\/td>\n<\/tr>\n<\/tbody>\n<\/table>\n<p><\/span><br \/>\n<span style=\"font-family: georgia, times new roman, serif;font-size: large\">Adem\u00e1s, Juli\u00e1n Bola\u00f1os, alcalde de Villafranca, y Emilio Alberca, concejal de deportes, hicieron entrega de los diplomas a todos los j\u00f3venes participantes en la 11\u00aa edici\u00f3n de la Concentraci\u00f3n de Navidad \u00abNuestro Ajedrez en Europa\u00bb. El alcalde y el concejal aprovecharon el acto para reconocer los \u00e9xitos del equipo juvenil de Nuestro Ajedrez en Europa, 5\u00ba de la \u00faltima Copa de Espa\u00f1a, y del infantil de Nuestro Ajedrez por la Igualdad, 12\u00ba de Espa\u00f1a de la categor\u00eda sub-12.<\/span><br \/>\n<span style=\"font-family: georgia, times new roman, serif;font-size: large\"><br \/><\/span><\/p>\n<div class=\"separator\" style=\"clear: both;text-align: center\">\n<a href=\"https:\/\/www.bfv.cloud\/ajedrezeuropa\/wp-content\/uploads\/2019\/01\/SALAJUEGODESDEPRINCIPIO.jpg\" style=\"margin-left: 1em;margin-right: 1em\"><img loading=\"lazy\" decoding=\"async\" border=\"0\" data-original-height=\"591\" data-original-width=\"1600\" height=\"232\" src=\"https:\/\/blogger.googleusercontent.com\/img\/b\/R29vZ2xl\/AVvXsEgnACnXYDaWt4ncJJunVfYP0bX3_sQc69emvUcw_pumUu-wjuOsQuzLlCVInaiQwouxlyTO5DvPei2VbWFRWQC9UdRBJqBKLtHblTQB-JJ8TXhSgAlAAzNmpLZNBdIlCQfepZNtrBO_1Ik\/s640\/SALA+JUEGO+DESDE+PRINCIPIO.jpg\" width=\"640\" \/><\/a><\/div>\n<p><span style=\"font-family: georgia, times new roman, serif;font-size: large\"><br \/><\/span><br \/>\n<span style=\"font-family: georgia, times new roman, serif;font-size: large\">Como cada nuevo a\u00f1o, 2019, comienza con las competiciones provinciales del Deporte en Edad Escolar en Toledo y Ciudad Real. En el CERE de Miguelturra se jugar\u00e1 la fase provincial de Ciudad Real y la de Toledo ser\u00e1 en el CEI.<\/p>\n<table cellpadding=\"0\" cellspacing=\"0\" class=\"tr-caption-container\" style=\"float: right;margin-left: 1em;text-align: right\">\n<tbody>\n<tr>\n<td style=\"text-align: center\"><a href=\"https:\/\/www.bfv.cloud\/ajedrezeuropa\/wp-content\/uploads\/2019\/01\/TROFEOSABSFEMENINOS.jpg\" style=\"clear: right;margin-bottom: 1em;margin-left: auto;margin-right: auto\"><img loading=\"lazy\" decoding=\"async\" border=\"0\" data-original-height=\"951\" data-original-width=\"1600\" height=\"237\" src=\"https:\/\/blogger.googleusercontent.com\/img\/b\/R29vZ2xl\/AVvXsEhQ8sXk_-rKwbPL4FnbKo8MS6TEVX_1u3VWtZDcRleT7JS_ww0V6CmXBsoeUIUmivUlFEN_cU6q43MeoTwzmEKn9LNFyiOPmj0je9a_TqCWH7rID4doY8Xa8zTpwh4RdzbFqZ3kJQJO_ko\/s400\/TROFEOS+ABS+FEMENINOS.jpg\" width=\"400\" \/><\/a><\/td>\n<\/tr>\n<tr>\n<td class=\"tr-caption\" style=\"text-align: center\">Silvia y Aurora, con sus trofeos de ganadoras de la categor\u00eda<br \/>femenina absoluta<\/td>\n<\/tr>\n<\/tbody>\n<\/table>\n<p><\/span><br \/>\n<span style=\"font-family: georgia, times new roman, serif;font-size: large\">El calendario completo de ambas competiciones, y los alumnos participantes de las escuelas de ajedrez de Alc\u00e1zar y Villafranca, lo facilitaremos pr\u00f3ximamente.<\/span><\/p>\n<table cellpadding=\"0\" cellspacing=\"0\" class=\"tr-caption-container\" style=\"float: left;margin-right: 1em;text-align: left\">\n<tbody>\n<tr>\n<td style=\"text-align: center\"><a href=\"https:\/\/www.bfv.cloud\/ajedrezeuropa\/wp-content\/uploads\/2019\/01\/TABLEROSDEMADERA.jpg\" style=\"clear: left;margin-bottom: 1em;margin-left: auto;margin-right: auto\"><img loading=\"lazy\" decoding=\"async\" border=\"0\" data-original-height=\"1106\" data-original-width=\"1452\" height=\"151\" src=\"https:\/\/blogger.googleusercontent.com\/img\/b\/R29vZ2xl\/AVvXsEgZ7PxDWGGrH78mXbuzg2wVdwgZHyNPiFCZFmRiteEfTPugOMG_hIKGWEhVngie-wfREQOysJBgM3GLL8M4umFqU06dKdFQCHQ6iVTEERN2ev1mbUD5zUF7xjQ0L5Av2F6gt3E9obbHbts\/s200\/TABLEROS+DE+MADERA.jpg\" width=\"200\" \/><\/a><\/td>\n<\/tr>\n<tr>\n<td class=\"tr-caption\" style=\"text-align: center\">Los nuevos tableros de madera se <br \/>emplearon por primera vez<\/td>\n<\/tr>\n<\/tbody>\n<\/table>\n<p><span style=\"font-family: georgia, times new roman, serif;font-size: large\"><br \/><\/span><\/p>\n<table align=\"center\" cellpadding=\"0\" cellspacing=\"0\" class=\"tr-caption-container\" style=\"margin-left: auto;margin-right: auto;text-align: right\">\n<tbody>\n<tr>\n<td style=\"text-align: center\"><a href=\"https:\/\/www.bfv.cloud\/ajedrezeuropa\/wp-content\/uploads\/2019\/01\/TROFEOSABSMASCULINOS.jpg\" style=\"margin-left: auto;margin-right: auto\"><img loading=\"lazy\" decoding=\"async\" border=\"0\" data-original-height=\"949\" data-original-width=\"1600\" height=\"233\" src=\"https:\/\/blogger.googleusercontent.com\/img\/b\/R29vZ2xl\/AVvXsEgba2otgMOMKz2OPECJjgmkOsnPzsALGMLwPc3li43WCDBva8LxGnS-iXL5m1RANY2lAXR1KIHLMBG63o1t8B-RGINdcu3bcaAiwZkdbK9GW4uwv_uD6jJR-aEtIbIYZGJSwwUZET8gQLU\/s400\/TROFEOS+ABS+MASCULINOS.jpg\" width=\"400\" \/><\/a><\/td>\n<\/tr>\n<tr>\n<td class=\"tr-caption\" style=\"text-align: center\">Luismi y \u00c1lvaro, vencedores del torneo<\/td>\n<\/tr>\n<\/tbody>\n<\/table>\n<p><\/p>\n<div class=\"separator\" style=\"clear: both;text-align: center\">\n<\/div>\n<div class=\"separator\" style=\"clear: both;text-align: center\">\n<\/div>\n","protected":false},"excerpt":{"rendered":"<p>Imagen de la entrega de trofeos del torneo y de los diplomas de la concentraci\u00f3n de Navidad Durante 14 a\u00f1os el torneo de \u00abajedrez por la igualdad\u00bb ha reivindicado y potenciado la participaci\u00f3n de las ni\u00f1as, las j\u00f3venes y las mujeres, en una actividad donde compite con el hombre en total equilibrio. Carmen M\u00aa y [&hellip;]<\/p>\n","protected":false},"author":1,"featured_media":452,"comment_status":"open","ping_status":"closed","sticky":false,"template":"","format":"standard","meta":{"footnotes":""},"categories":[1],"tags":[],"class_list":["post-451","post","type-post","status-publish","format-standard","has-post-thumbnail","hentry","category-noticias"],"_links":{"self":[{"href":"https:\/\/www.bfv.cloud\/ajedrezeuropa\/wp-json\/wp\/v2\/posts\/451","targetHints":{"allow":["GET"]}}],"collection":[{"href":"https:\/\/www.bfv.cloud\/ajedrezeuropa\/wp-json\/wp\/v2\/posts"}],"about":[{"href":"https:\/\/www.bfv.cloud\/ajedrezeuropa\/wp-json\/wp\/v2\/types\/post"}],"author":[{"embeddable":true,"href":"https:\/\/www.bfv.cloud\/ajedrezeuropa\/wp-json\/wp\/v2\/users\/1"}],"replies":[{"embeddable":true,"href":"https:\/\/www.bfv.cloud\/ajedrezeuropa\/wp-json\/wp\/v2\/comments?post=451"}],"version-history":[{"count":1,"href":"https:\/\/www.bfv.cloud\/ajedrezeuropa\/wp-json\/wp\/v2\/posts\/451\/revisions"}],"predecessor-version":[{"id":460,"href":"https:\/\/www.bfv.cloud\/ajedrezeuropa\/wp-json\/wp\/v2\/posts\/451\/revisions\/460"}],"wp:featuredmedia":[{"embeddable":true,"href":"https:\/\/www.bfv.cloud\/ajedrezeuropa\/wp-json\/wp\/v2\/media\/452"}],"wp:attachment":[{"href":"https:\/\/www.bfv.cloud\/ajedrezeuropa\/wp-json\/wp\/v2\/media?parent=451"}],"wp:term":[{"taxonomy":"category","embeddable":true,"href":"https:\/\/www.bfv.cloud\/ajedrezeuropa\/wp-json\/wp\/v2\/categories?post=451"},{"taxonomy":"post_tag","embeddable":true,"href":"https:\/\/www.bfv.cloud\/ajedrezeuropa\/wp-json\/wp\/v2\/tags?post=451"}],"curies":[{"name":"wp","href":"https:\/\/api.w.org\/{rel}","templated":true}]}}