{"id":4514,"date":"2011-06-02T12:51:00","date_gmt":"2011-06-02T12:51:00","guid":{"rendered":"https:\/\/www.bfv.cloud\/ajedrezeuropa\/index.php\/2011\/06\/02\/iv-campus-de-perfeccionamiento-nuestro-ajedrez-en-europa\/"},"modified":"2025-11-20T11:18:13","modified_gmt":"2025-11-20T11:18:13","slug":"iv-campus-de-perfeccionamiento-nuestro-ajedrez-en-europa","status":"publish","type":"post","link":"https:\/\/www.bfv.cloud\/ajedrezeuropa\/iv-campus-de-perfeccionamiento-nuestro-ajedrez-en-europa\/","title":{"rendered":"IV CAMPUS DE PERFECCIONAMIENTO \u00abNUESTRO AJEDREZ EN EUROPA\u00bb"},"content":{"rendered":"<div class=\"separator\" style=\"clear: both;text-align: center\"><a href=\"https:\/\/www.bfv.cloud\/ajedrezeuropa\/wp-content\/uploads\/2011\/06\/cartelcampus2011ladelagua.jpg\" style=\"margin-left: 1em;margin-right: 1em\"><img decoding=\"async\" border=\"0\" height=\"281px\" src=\"https:\/\/blogger.googleusercontent.com\/img\/b\/R29vZ2xl\/AVvXsEhAfECDDjl1zfP_JV9wMjx77cXeuyIRW2MbxluIbMazRkCThoyOvZV4X51BkepRYUkuDiAP8TpVqJ0O-mx6OfVOKJE4J6QNl18ZJSqb8Ig-B4CINJLU4FvPv_5TsdOsWvXccVV7bwCn_qE\/s400\/cartel+campus+2011+la+del+agua.JPG\" width=\"400px\" \/><\/a><\/div>\n<div class=\"separator\" style=\"clear: both;text-align: center\">\n<\/div>\n<div class=\"separator\" style=\"clear: both;text-align: center\"><strong><span style=\"font-family: Arial, Helvetica, sans-serif\">Durante la primera semana del pr\u00f3ximo mes de agosto vamos a celebrar la <\/span><\/strong><\/div>\n<div class=\"separator\" style=\"clear: both;text-align: center\"><strong><span style=\"font-family: Arial, Helvetica, sans-serif\">4\u00aa edici\u00f3n del campus de perfeccionamiento de verano. <\/span><\/strong><\/div>\n<div class=\"separator\" style=\"clear: both;text-align: center\"><strong><span style=\"font-family: Arial, Helvetica, sans-serif\">Como es habitual esta actividad forma parte del desarrollo del proyecto <\/span><\/strong><\/div>\n<div class=\"separator\" style=\"clear: both;text-align: center\"><strong><span style=\"font-family: Arial, Helvetica, sans-serif\">\u00abNuestro Ajedrez en Europa\u00bb, <\/span><\/strong><\/div>\n<div class=\"separator\" style=\"clear: both;text-align: center\"><strong><span style=\"font-family: Arial, Helvetica, sans-serif\">promovido y financiado por los ayuntamientos de <\/span><\/strong><\/div>\n<div class=\"separator\" style=\"clear: both;text-align: center\"><strong><span style=\"font-family: Arial, Helvetica, sans-serif\">Alc\u00e1zar de San Juan y Villafranca de los Caballeros.<\/span><\/strong><\/div>\n<div class=\"separator\" style=\"clear: both;text-align: center\"><strong><span style=\"font-family: Arial\">La fortaleza del proyecto nos anima a seguir mejorando y creciendo, por eso queremos resaltar la excelente aportaci\u00f3n que ha causado en nuestras escuelas de ajedrez y en el nivel deportivo de nuestros chicos y chicas.<\/span><\/strong><\/div>\n<div class=\"separator\" style=\"clear: both;text-align: center\"><strong><span style=\"font-family: Arial\">Queremos adelantaros algunas de las caracter\u00edsticas previstas para este campus:<\/span><\/strong><\/div>\n<div class=\"separator\" style=\"clear: both;text-align: center\"><span style=\"color: blue;font-family: Arial\"><em><u>Lugares y fechas de celebraci\u00f3n:<\/u> <\/em><\/span><\/div>\n<div class=\"separator\" style=\"clear: both;text-align: center\"><em><span style=\"color: blue;font-family: Arial\">&#8211; En Alc\u00e1zar del 1 al 3 de agosto en el Centro Juvenil La Covadonga.<\/span><\/em><\/div>\n<div class=\"separator\" style=\"clear: both;text-align: center\"><em><span style=\"color: blue;font-family: Arial\">&#8211; En Villafranca del 4 al 6 de agosto en la Casa de la Cultura.<\/span><\/em><\/div>\n<div class=\"separator\" style=\"clear: both;text-align: center\"><em><u><span style=\"color: blue;font-family: Arial\">Grupos y profesores:<\/span><\/u><\/em><\/div>\n<div class=\"separator\" style=\"clear: both;text-align: center\"><em><span style=\"color: blue;font-family: Arial\">&#8211; 5 grupos formativos, 3 de nivel superior y 2 de aprendizaje e iniciaci\u00f3n.<\/span><\/em><\/div>\n<div class=\"separator\" style=\"clear: both;text-align: center\"><em><span style=\"color: blue;font-family: Arial\">&#8211; De nuevo contaremos con la presencia de algunos de los mejores preparadores de nuestro pa\u00eds: el Gran Maestro Elizbar Ubilava, el Gran Maestro Herminio Herr\u00e1iz y la profesora de chicas Ana Isabel Gonz\u00e1lez.<\/span><\/em><\/div>\n<div class=\"separator\" style=\"clear: both;text-align: center\"><em><u><span style=\"color: blue;font-family: Arial\">Precio subvencionado:<\/span><\/u><\/em><\/div>\n<div class=\"separator\" style=\"clear: both;text-align: center\"><em><span style=\"color: blue;font-family: Arial\">60 \u20ac\/participante.<\/span><\/em><\/div>\n<div class=\"separator\" style=\"clear: both;text-align: center\"><em><span style=\"color: blue;font-family: Arial\">(s\u00f3lo para los alumnos y alumnas de las escuelas de ajedrez de Alc\u00e1zar y Villafranca)<\/span><\/em><\/div>\n<div class=\"separator\" style=\"clear: both;text-align: center\"><em><u><span style=\"color: blue;font-family: Arial\">Otros datos de inter\u00e9s:<\/span><\/u><\/em><\/div>\n<div class=\"separator\" style=\"clear: both;text-align: center\"><em><span style=\"color: blue;font-family: Arial\">Con el fin de favorecer el conocimiento y divulgaci\u00f3n de nuestro deporte, este a\u00f1o, inclu\u00edmos la posibilidad de inscripci\u00f3n de&nbsp;8 ni\u00f1os y\/o ni\u00f1as que hasta ahora&nbsp;<\/span><\/em><\/div>\n<div class=\"separator\" style=\"clear: both;text-align: center\"><em><span style=\"color: blue;font-family: Arial\">no formen parte de nuestras escuelas. <\/span><\/em><\/div>\n<div class=\"separator\" style=\"clear: both;text-align: center\"><em><span style=\"color: blue;font-family: Arial\">Las condiciones para este&nbsp;grupo especial&nbsp;ser\u00e1n:<\/span><\/em><\/div>\n<div class=\"separator\" style=\"clear: both;text-align: center\"><em><span style=\"color: blue;font-family: Arial\">&#8211; Demostrar un nivel b\u00e1sico de conocimientos de ajedrez.<\/span><\/em><\/div>\n<div class=\"separator\" style=\"clear: both;text-align: center\"><em><span style=\"color: blue;font-family: Arial\">&#8211; Obligatoria pre-inscripci\u00f3n hasta el 5 de julio.<\/span><\/em><\/div>\n<div class=\"separator\" style=\"clear: both;text-align: center\"><em><span style=\"color: blue;font-family: Arial\">&#8211; De edades comprendidas entre los 6 y los 12 a\u00f1os.<\/span><\/em><\/div>\n<div class=\"separator\" style=\"clear: both;text-align: center\"><em><span style=\"color: blue;font-family: Arial\">&#8211; Precio para no alumnos\/as de las escuelas de ajedrez de Alc\u00e1zar y Villafranca: <\/span><\/em><\/div>\n<div class=\"separator\" style=\"clear: both;text-align: center\"><em><span style=\"color: blue;font-family: Arial\">100 \u20ac\/participante.<\/span><\/em><\/div>\n<div class=\"separator\" style=\"clear: both;text-align: center\">\n<\/div>\n","protected":false},"excerpt":{"rendered":"<p>Durante la primera semana del pr\u00f3ximo mes de agosto vamos a celebrar la 4\u00aa edici\u00f3n del campus de perfeccionamiento de verano. Como es habitual esta actividad forma parte del desarrollo del proyecto \u00abNuestro Ajedrez en Europa\u00bb, promovido y financiado por los ayuntamientos de Alc\u00e1zar de San Juan y Villafranca de los Caballeros. La fortaleza del [&hellip;]<\/p>\n","protected":false},"author":1,"featured_media":4515,"comment_status":"open","ping_status":"closed","sticky":false,"template":"","format":"standard","meta":{"footnotes":""},"categories":[1],"tags":[],"class_list":["post-4514","post","type-post","status-publish","format-standard","has-post-thumbnail","hentry","category-noticias"],"_links":{"self":[{"href":"https:\/\/www.bfv.cloud\/ajedrezeuropa\/wp-json\/wp\/v2\/posts\/4514","targetHints":{"allow":["GET"]}}],"collection":[{"href":"https:\/\/www.bfv.cloud\/ajedrezeuropa\/wp-json\/wp\/v2\/posts"}],"about":[{"href":"https:\/\/www.bfv.cloud\/ajedrezeuropa\/wp-json\/wp\/v2\/types\/post"}],"author":[{"embeddable":true,"href":"https:\/\/www.bfv.cloud\/ajedrezeuropa\/wp-json\/wp\/v2\/users\/1"}],"replies":[{"embeddable":true,"href":"https:\/\/www.bfv.cloud\/ajedrezeuropa\/wp-json\/wp\/v2\/comments?post=4514"}],"version-history":[{"count":1,"href":"https:\/\/www.bfv.cloud\/ajedrezeuropa\/wp-json\/wp\/v2\/posts\/4514\/revisions"}],"predecessor-version":[{"id":4516,"href":"https:\/\/www.bfv.cloud\/ajedrezeuropa\/wp-json\/wp\/v2\/posts\/4514\/revisions\/4516"}],"wp:featuredmedia":[{"embeddable":true,"href":"https:\/\/www.bfv.cloud\/ajedrezeuropa\/wp-json\/wp\/v2\/media\/4515"}],"wp:attachment":[{"href":"https:\/\/www.bfv.cloud\/ajedrezeuropa\/wp-json\/wp\/v2\/media?parent=4514"}],"wp:term":[{"taxonomy":"category","embeddable":true,"href":"https:\/\/www.bfv.cloud\/ajedrezeuropa\/wp-json\/wp\/v2\/categories?post=4514"},{"taxonomy":"post_tag","embeddable":true,"href":"https:\/\/www.bfv.cloud\/ajedrezeuropa\/wp-json\/wp\/v2\/tags?post=4514"}],"curies":[{"name":"wp","href":"https:\/\/api.w.org\/{rel}","templated":true}]}}