{"id":461,"date":"2017-07-10T19:07:00","date_gmt":"2017-07-10T19:07:00","guid":{"rendered":"https:\/\/www.bfv.cloud\/ajedrezeuropa\/index.php\/2017\/07\/10\/los-chicos-y-chicas-de-nuestras-escuelas-reciben-premios-de-distintas-instituciones\/"},"modified":"2025-11-20T10:17:59","modified_gmt":"2025-11-20T10:17:59","slug":"los-chicos-y-chicas-de-nuestras-escuelas-reciben-premios-de-distintas-instituciones","status":"publish","type":"post","link":"https:\/\/www.bfv.cloud\/ajedrezeuropa\/los-chicos-y-chicas-de-nuestras-escuelas-reciben-premios-de-distintas-instituciones\/","title":{"rendered":"LOS CHICOS Y CHICAS DE NUESTRAS ESCUELAS RECIBEN PREMIOS DE DISTINTAS INSTITUCIONES"},"content":{"rendered":"<table cellpadding=\"0\" cellspacing=\"0\" class=\"tr-caption-container\" style=\"float: right;margin-left: 1em;text-align: right\">\n<tbody>\n<tr>\n<td style=\"text-align: center\"><a href=\"https:\/\/www.bfv.cloud\/ajedrezeuropa\/wp-content\/uploads\/2017\/07\/IMG-20170629-WA009.jpg\" style=\"clear: right;margin-bottom: 1em;margin-left: auto;margin-right: auto\"><img fetchpriority=\"high\" decoding=\"async\" border=\"0\" data-original-height=\"854\" data-original-width=\"1209\" height=\"282\" src=\"https:\/\/blogger.googleusercontent.com\/img\/b\/R29vZ2xl\/AVvXsEivKWQMxmuHk2FcNYla0CG4dqObiImnwEoFDAHg0T7faEbOL1BJeQIesh_Ii5g0MuuvXLvIzHX13Gr68eUhwEEH4r7WpgKHbhYPqwE4-lDO3jnqVyNPu1ZQE6eFKlQif0W167ihGANO3yw\/s400\/IMG-20170629-WA009.jpg\" width=\"400\" \/><\/a><\/td>\n<\/tr>\n<tr>\n<td class=\"tr-caption\" style=\"text-align: center\">Isabel recibiendo un premio por su 2\u00aa posici\u00f3n en el<br \/>\nCampeonato Regional del Deporte en Edade Escolar de la mano del<br \/>\npresidente de la Diputaci\u00f3n de Ciudad Real<\/td>\n<\/tr>\n<\/tbody>\n<\/table>\n<table cellpadding=\"0\" cellspacing=\"0\" class=\"tr-caption-container\" style=\"float: right;text-align: right\">\n<tbody>\n<tr>\n<td style=\"text-align: center\"><a href=\"https:\/\/www.bfv.cloud\/ajedrezeuropa\/wp-content\/uploads\/2017\/07\/IMG-20170629-WA004.jpg\" style=\"clear: right;margin-bottom: 1em;margin-left: auto;margin-right: auto\"><img decoding=\"async\" border=\"0\" data-original-height=\"1600\" data-original-width=\"1066\" height=\"400\" src=\"https:\/\/blogger.googleusercontent.com\/img\/b\/R29vZ2xl\/AVvXsEjCtib9J64hkD99sNqHSw6EDKjwvreB11V6nuUL4uOis1J6lBfDaoWU3dUT4wkASh14nVb0cyqpwmAG2vYeIyvQ7LuxieAKztIq2T0FjpIL86ZFUfrlerYG1GlrojOPnr8Q3f3CXlZ-iGI\/s400\/IMG-20170629-WA004.jpg\" width=\"266\" \/><\/a><\/td>\n<\/tr>\n<tr>\n<td class=\"tr-caption\" style=\"text-align: center\">Isabel premiada en la Gala del Deporte de <br \/>\nCampo de Criptana<\/td>\n<\/tr>\n<\/tbody>\n<\/table>\n<p>&nbsp;<span style=\", sans-serif;font-size: large\">A lo largo de las \u00faltimas semanas se han celebrado varios actos de reconocimiento a la trayectoria deportiva por parte de varias instituciones locales, provinciales y regionales. Nuestra jugadora, Isabel Marcos-Alberca Lizcano, ha recibido premios de la Diputaci\u00f3n de Ciudad Real y del ayuntamiento de Campo de Criptana, gracias a sus destacados resultados en los campeonatos celebrados dentro de esta temporada. Isabel es un s\u00edmbolo de nuestro proyecto de ajedrez por la igualdad, junto a otras chicas y j\u00f3venes jugadoras que forman parte de las escuelas de Alc\u00e1zar y Villafranca, y que desde muy peque\u00f1as se han formado dentro los clubes de Nuestro Ajedrez en Europa.<\/span><\/p>\n<div style=\"text-align: center\">\n<\/div>\n<div style=\"text-align: center\">\n<span style=\"color: blue;, sans-serif;font-size: large\"><b><u>GALA DEL DEPORTE DE VILLAFRANCA<\/u><\/b><\/span><\/div>\n<div style=\"text-align: center\">\n<span style=\"color: blue;, sans-serif;font-size: large\"><b><u><br \/><\/u><\/b><\/span><\/div>\n<table cellpadding=\"0\" cellspacing=\"0\" class=\"tr-caption-container\" style=\"float: left;margin-right: 1em;text-align: left\">\n<tbody>\n<tr>\n<td style=\"text-align: center\"><a href=\"https:\/\/www.bfv.cloud\/ajedrezeuropa\/wp-content\/uploads\/2017\/07\/IMG_20170709_220355.jpg\" style=\"clear: left;margin-bottom: 1em;margin-left: auto;margin-right: auto\"><img decoding=\"async\" border=\"0\" data-original-height=\"1600\" data-original-width=\"1200\" height=\"400\" src=\"https:\/\/blogger.googleusercontent.com\/img\/b\/R29vZ2xl\/AVvXsEguoZN1Pd4bc0881TZRwUaMMOiG_glT4kpXb4cj_C6zlLLM09csIws5IdYiczx77o5qRT864G5GYzo-iOERSl6tvIiyTMNXBTaRjMButzvpeRacWOioEa7mPHxncCsKBLMc3ldX9hA1QEY\/s400\/IMG_20170709_220355.jpg\" width=\"300\" \/><\/a><\/td>\n<\/tr>\n<tr>\n<td class=\"tr-caption\" style=\"text-align: center\">Alonso y Enrique con sus premios. Aurora no pudo<br \/>\nrecogerlo y se le entregar\u00e1 durante el pr\u00f3ximo campus<\/td>\n<\/tr>\n<\/tbody>\n<\/table>\n<div style=\"text-align: left\">\n<span style=\"color: blue;, sans-serif;font-size: large\">El pasado s\u00e1bado 8 de julio tuvo lugar la d\u00e9cima Gala del Deporte de Villafranca, resultando premiados 3 j\u00f3venes jugadores de Nuestro Ajedrez por la Igualdad:<\/span><\/div>\n<div style=\"text-align: left\">\n<span style=\"color: blue;, sans-serif;font-size: large\">&#8211; Alonso L\u00f3pez N\u00fa\u00f1ez<\/span><\/div>\n<div style=\"text-align: left\">\n<span style=\"color: blue;, sans-serif;font-size: large\">&#8211; Enrique Velasco Aragon\u00e9s<\/span><\/div>\n<div style=\"text-align: left\">\n<span style=\"color: blue;, sans-serif;font-size: large\">&#8211; Aurora M\u00aa Corrales Carri\u00f3n<\/span><\/div>\n<div style=\"text-align: left\">\n<span style=\"color: blue;, sans-serif;font-size: large\">Para cada un@ este galard\u00f3n ofrece una recompensa distinta; bien sea por su capacidad de resoluci\u00f3n y crecimiento deportivo, por su implicaci\u00f3n constante en las actividades y competiciones o por representar a esa parte de chicos y chicas que llevan con nosotros un par de a\u00f1os y ya empiezan a desarrollar una verdadera afici\u00f3n por el ajedrez.<\/span><\/div>\n<div style=\"text-align: left\">\n<span style=\"color: blue;, sans-serif;font-size: large\">\u00a1\u00a1Gracias a todos nuestr@s chicos y chicas por mantener su ilusi\u00f3n por mejorar!!<\/span><\/div>\n<p><\/p>\n","protected":false},"excerpt":{"rendered":"<p>Isabel recibiendo un premio por su 2\u00aa posici\u00f3n en el Campeonato Regional del Deporte en Edade Escolar de la mano del presidente de la Diputaci\u00f3n de Ciudad Real Isabel premiada en la Gala del Deporte de Campo de Criptana &nbsp;A lo largo de las \u00faltimas semanas se han celebrado varios actos de reconocimiento a la [&hellip;]<\/p>\n","protected":false},"author":1,"featured_media":462,"comment_status":"open","ping_status":"closed","sticky":false,"template":"","format":"standard","meta":{"footnotes":""},"categories":[1],"tags":[],"class_list":["post-461","post","type-post","status-publish","format-standard","has-post-thumbnail","hentry","category-noticias"],"_links":{"self":[{"href":"https:\/\/www.bfv.cloud\/ajedrezeuropa\/wp-json\/wp\/v2\/posts\/461","targetHints":{"allow":["GET"]}}],"collection":[{"href":"https:\/\/www.bfv.cloud\/ajedrezeuropa\/wp-json\/wp\/v2\/posts"}],"about":[{"href":"https:\/\/www.bfv.cloud\/ajedrezeuropa\/wp-json\/wp\/v2\/types\/post"}],"author":[{"embeddable":true,"href":"https:\/\/www.bfv.cloud\/ajedrezeuropa\/wp-json\/wp\/v2\/users\/1"}],"replies":[{"embeddable":true,"href":"https:\/\/www.bfv.cloud\/ajedrezeuropa\/wp-json\/wp\/v2\/comments?post=461"}],"version-history":[{"count":1,"href":"https:\/\/www.bfv.cloud\/ajedrezeuropa\/wp-json\/wp\/v2\/posts\/461\/revisions"}],"predecessor-version":[{"id":465,"href":"https:\/\/www.bfv.cloud\/ajedrezeuropa\/wp-json\/wp\/v2\/posts\/461\/revisions\/465"}],"wp:featuredmedia":[{"embeddable":true,"href":"https:\/\/www.bfv.cloud\/ajedrezeuropa\/wp-json\/wp\/v2\/media\/462"}],"wp:attachment":[{"href":"https:\/\/www.bfv.cloud\/ajedrezeuropa\/wp-json\/wp\/v2\/media?parent=461"}],"wp:term":[{"taxonomy":"category","embeddable":true,"href":"https:\/\/www.bfv.cloud\/ajedrezeuropa\/wp-json\/wp\/v2\/categories?post=461"},{"taxonomy":"post_tag","embeddable":true,"href":"https:\/\/www.bfv.cloud\/ajedrezeuropa\/wp-json\/wp\/v2\/tags?post=461"}],"curies":[{"name":"wp","href":"https:\/\/api.w.org\/{rel}","templated":true}]}}