{"id":466,"date":"2018-10-14T19:12:00","date_gmt":"2018-10-14T19:12:00","guid":{"rendered":"https:\/\/www.bfv.cloud\/ajedrezeuropa\/index.php\/2018\/10\/14\/exposicion-de-eduardo-scala-en-la-biblioteca-nacional-de-espana\/"},"modified":"2025-11-20T10:18:05","modified_gmt":"2025-11-20T10:18:05","slug":"exposicion-de-eduardo-scala-en-la-biblioteca-nacional-de-espana","status":"publish","type":"post","link":"https:\/\/www.bfv.cloud\/ajedrezeuropa\/exposicion-de-eduardo-scala-en-la-biblioteca-nacional-de-espana\/","title":{"rendered":"EXPOSICI\u00d3N DE EDUARDO SCALA EN LA BIBLIOTECA NACIONAL DE ESPA\u00d1A"},"content":{"rendered":"<table align=\"center\" cellpadding=\"0\" cellspacing=\"0\" class=\"tr-caption-container\" style=\"margin-left: auto;margin-right: auto;text-align: center\">\n<tbody>\n<tr>\n<td style=\"text-align: center\"><a href=\"https:\/\/www.bfv.cloud\/ajedrezeuropa\/wp-content\/uploads\/2018\/10\/IMG-20181010-WA0008.jpg\" style=\"margin-left: auto;margin-right: auto\"><img fetchpriority=\"high\" decoding=\"async\" border=\"0\" data-original-height=\"932\" data-original-width=\"1535\" height=\"388\" src=\"https:\/\/blogger.googleusercontent.com\/img\/b\/R29vZ2xl\/AVvXsEiDFPwAa9r7CbiR8iZj0prsLRmkzAT_4IiwiVPyr5AnQj7Q9jL8FxJW2phazwJYFVGj3yNIstgYpIONJnlFnvRIDB33pv9qeKSfTxUBc_DIZgRyo0MGwkOd2Yk7Guxdhxotu-36_tVtGHI\/s640\/IMG-20181010-WA0008.jpg\" width=\"640\" \/><\/a><\/td>\n<\/tr>\n<tr>\n<td class=\"tr-caption\" style=\"text-align: center\">Imagen de la inauguraci\u00f3n de la exposici\u00f3n. A la derecha, Eduardo Scala acompa\u00f1ado de la Directora de la<br \/>\nBiblioteca Nacional, Ana Santos Aramburo<\/td>\n<\/tr>\n<\/tbody>\n<\/table>\n<table cellpadding=\"0\" cellspacing=\"0\" class=\"tr-caption-container\" style=\"float: right;margin-left: 1em;text-align: right\">\n<tbody>\n<tr>\n<td style=\"text-align: center\"><a href=\"https:\/\/www.bfv.cloud\/ajedrezeuropa\/wp-content\/uploads\/2018\/10\/IMG-20181010-WA0007.jpg\" style=\"clear: right;margin-bottom: 1em;margin-left: auto;margin-right: auto\"><img decoding=\"async\" border=\"0\" data-original-height=\"1101\" data-original-width=\"878\" height=\"320\" src=\"https:\/\/blogger.googleusercontent.com\/img\/b\/R29vZ2xl\/AVvXsEhmagf6G0wxoQkPm3kXmT776b0gobZr4HSDh0mVjWpjjd1aTj5Cs3p3PbbzsK7wG_rjdtx2l7RZi2COe9-NlA5Wq4WYdvJFXTf65F9UIIaj5Ss6ItA4soA1NMUk-PBNF75DCqzejCB-fnw\/s320\/IMG-20181010-WA0007.jpg\" width=\"254\" \/><\/a><\/td>\n<\/tr>\n<tr>\n<td class=\"tr-caption\" style=\"text-align: center\">La portada del cat\u00e1logo especial editado<br \/>\ncon motivo de la esposici\u00f3n<\/td>\n<\/tr>\n<\/tbody>\n<\/table>\n<p><span style=\", monospace;font-size: large\">Otra noticia muy importante es la producida esta semana en Madrid a cargo de una persona admirada y apreciada por nosotros, <b>Eduardo Scala<\/b>. Fue el mi\u00e9rcoles pasado cuando tuvimos oportunidad de asistir a la inauguraci\u00f3n, en el museo de la Biblioteca Nacional de Espa\u00f1a, de la magn\u00edfica exposici\u00f3n de este escritor madrile\u00f1o, bajo el t\u00edtulo:&nbsp;<\/span><\/p>\n<div style=\"text-align: center\">\n<span style=\", monospace;font-size: large\"><b>\u00abAjedreZ. Arte de silencio. Ocho siglos de cultura\u00bb.&nbsp;<\/b><\/span><\/div>\n<table cellpadding=\"0\" cellspacing=\"0\" class=\"tr-caption-container\" style=\"float: left;margin-right: 1em;text-align: left\">\n<tbody>\n<tr>\n<td style=\"text-align: center\"><a href=\"https:\/\/www.bfv.cloud\/ajedrezeuropa\/wp-content\/uploads\/2018\/10\/EduardoScala.jpg\" style=\"clear: left;margin-bottom: 1em;margin-left: auto;margin-right: auto\"><img decoding=\"async\" border=\"0\" data-original-height=\"535\" data-original-width=\"959\" height=\"220\" src=\"https:\/\/blogger.googleusercontent.com\/img\/b\/R29vZ2xl\/AVvXsEjcq48Sd2vdOKggwb2qwDlSKd_8o7S8VlNFNUE6W49Xbx1X-y2S0HEJOFZKrEcyPtIK6R6OWPedPfS8IJ-7PHI6vIf70SiWwsFX1bDojFEDvGySXUMg79vIlLD9UfEi2I-rzBRQt7gplxw\/s400\/Eduardo+Scala.jpg\" width=\"400\" \/><\/a><\/td>\n<\/tr>\n<tr>\n<td class=\"tr-caption\" style=\"text-align: center\">Eduardo Scala&nbsp;<\/td>\n<\/tr>\n<\/tbody>\n<\/table>\n<p><span style=\", monospace;font-size: large\">El trabajo expuesto recoge 32 libros de gran valor seleccionados por el propio Eduardo de entre los 2.300 t\u00edtulos que posee la Biblioteca Nacional en su colecci\u00f3n tem\u00e1tica sobre ajedrez. La exposici\u00f3n permanecer\u00e1 abierta hasta el 29 de enero de 2019, y adem\u00e1s de disfrutar de las obras, aut\u00e9nticas joyas de enorme valor, se puede asistir a distintos talleres.<\/p>\n<table align=\"center\" cellpadding=\"0\" cellspacing=\"0\" class=\"tr-caption-container\" style=\"float: left;margin-right: 1em;text-align: left\">\n<tbody>\n<tr>\n<td style=\"text-align: center\"><a href=\"https:\/\/www.bfv.cloud\/ajedrezeuropa\/wp-content\/uploads\/2018\/10\/IMG-20181010-WA0010.jpg\" style=\"margin-left: auto;margin-right: auto\"><img loading=\"lazy\" decoding=\"async\" border=\"0\" data-original-height=\"942\" data-original-width=\"1122\" height=\"267\" src=\"https:\/\/blogger.googleusercontent.com\/img\/b\/R29vZ2xl\/AVvXsEjmp1L3ZhI7cauv7Ff7dSBwNUuza0jo0zSdufwVeFoXqwdVsq4eieVqWC4NqjCK8HEaMiwkj9gsEjlkZNoG6dl7cBpbphBiKReuK0_De6q2sljXpbHJ3HEcHFFRL9Sx00PAHTg7zcogR_o\/s320\/IMG-20181010-WA0010.jpg\" width=\"320\" \/><\/a><\/td>\n<\/tr>\n<tr>\n<td class=\"tr-caption\" style=\"text-align: center\">Las obras expuestas son \u00fanicas<\/td>\n<\/tr>\n<\/tbody>\n<\/table>\n<p><\/span><br \/>\n<span style=\", monospace;font-size: large\"><br \/><\/span><br \/>\n<span style=\", monospace;font-size: large\"><br \/><\/span><br \/>\n<span style=\", monospace;font-size: large\">Desde aqu\u00ed, queremos felicitar a <b>Eduardo Scala <\/b>y a sus colaboradores, que con gran paciencia y amor han trabajado durante los \u00faltimos 2 a\u00f1os para hacer realidad este sue\u00f1o.<\/span><br \/>\n<span style=\", monospace;font-size: large\"><br \/><\/span><br \/>\n<\/p>\n<div class=\"separator\" style=\"clear: both;text-align: center\">\n<a href=\"https:\/\/www.bfv.cloud\/ajedrezeuropa\/wp-content\/uploads\/2018\/10\/IMG-20181010-WA0011.jpg\" style=\"margin-left: 1em;margin-right: 1em\"><img loading=\"lazy\" decoding=\"async\" border=\"0\" data-original-height=\"1118\" data-original-width=\"1392\" height=\"318\" src=\"https:\/\/blogger.googleusercontent.com\/img\/b\/R29vZ2xl\/AVvXsEhaQxbS2JIUHKYdSqgcU6x5l7V8il3qYLuLc7uVChuHxWcPXRcMCwin9V3N3L8sEUKINWu7tJ487ZhuDYSKN56ZFIBzVu613vJMGJPoBV8Y-fGG8w_EK5RThTd75-sh1TjpuAB8WU6XK0A\/s400\/IMG-20181010-WA0011.jpg\" width=\"400\" \/><\/a><\/div>\n","protected":false},"excerpt":{"rendered":"<p>Imagen de la inauguraci\u00f3n de la exposici\u00f3n. A la derecha, Eduardo Scala acompa\u00f1ado de la Directora de la Biblioteca Nacional, Ana Santos Aramburo La portada del cat\u00e1logo especial editado con motivo de la esposici\u00f3n Otra noticia muy importante es la producida esta semana en Madrid a cargo de una persona admirada y apreciada por nosotros, [&hellip;]<\/p>\n","protected":false},"author":1,"featured_media":467,"comment_status":"open","ping_status":"closed","sticky":false,"template":"","format":"standard","meta":{"footnotes":""},"categories":[1],"tags":[],"class_list":["post-466","post","type-post","status-publish","format-standard","has-post-thumbnail","hentry","category-noticias"],"_links":{"self":[{"href":"https:\/\/www.bfv.cloud\/ajedrezeuropa\/wp-json\/wp\/v2\/posts\/466","targetHints":{"allow":["GET"]}}],"collection":[{"href":"https:\/\/www.bfv.cloud\/ajedrezeuropa\/wp-json\/wp\/v2\/posts"}],"about":[{"href":"https:\/\/www.bfv.cloud\/ajedrezeuropa\/wp-json\/wp\/v2\/types\/post"}],"author":[{"embeddable":true,"href":"https:\/\/www.bfv.cloud\/ajedrezeuropa\/wp-json\/wp\/v2\/users\/1"}],"replies":[{"embeddable":true,"href":"https:\/\/www.bfv.cloud\/ajedrezeuropa\/wp-json\/wp\/v2\/comments?post=466"}],"version-history":[{"count":1,"href":"https:\/\/www.bfv.cloud\/ajedrezeuropa\/wp-json\/wp\/v2\/posts\/466\/revisions"}],"predecessor-version":[{"id":472,"href":"https:\/\/www.bfv.cloud\/ajedrezeuropa\/wp-json\/wp\/v2\/posts\/466\/revisions\/472"}],"wp:featuredmedia":[{"embeddable":true,"href":"https:\/\/www.bfv.cloud\/ajedrezeuropa\/wp-json\/wp\/v2\/media\/467"}],"wp:attachment":[{"href":"https:\/\/www.bfv.cloud\/ajedrezeuropa\/wp-json\/wp\/v2\/media?parent=466"}],"wp:term":[{"taxonomy":"category","embeddable":true,"href":"https:\/\/www.bfv.cloud\/ajedrezeuropa\/wp-json\/wp\/v2\/categories?post=466"},{"taxonomy":"post_tag","embeddable":true,"href":"https:\/\/www.bfv.cloud\/ajedrezeuropa\/wp-json\/wp\/v2\/tags?post=466"}],"curies":[{"name":"wp","href":"https:\/\/api.w.org\/{rel}","templated":true}]}}