{"id":4678,"date":"2025-12-09T12:10:39","date_gmt":"2025-12-09T11:10:39","guid":{"rendered":"https:\/\/www.bfv.cloud\/ajedrezeuropa\/?p=4678"},"modified":"2025-12-09T12:10:39","modified_gmt":"2025-12-09T11:10:39","slug":"la-xvii-concentracion-de-navidad-se-celebrara-del-26-al-28-de-diciembre-en-villafranca-de-los-caballeros","status":"publish","type":"post","link":"https:\/\/www.bfv.cloud\/ajedrezeuropa\/la-xvii-concentracion-de-navidad-se-celebrara-del-26-al-28-de-diciembre-en-villafranca-de-los-caballeros\/","title":{"rendered":"LA XVII CONCENTRACI\u00d3N DE NAVIDAD SE CELEBRAR\u00c1 DEL 26 AL 28 DE DICIEMBRE EN VILLAFRANCA DE LOS CABALLEROS"},"content":{"rendered":"\n<p><em>Del 26 al 28 de diciembre se celebrar\u00e1 una nueva edici\u00f3n de nuestra Concentraci\u00f3n de Navidad. Este es una de las actividades formativas anuales ligadas al proyecto Nuestro Ajedrez en Europa. Como en a\u00f1os pasados las clases tendr\u00e1n lugar en la casa de la cultura de Villafranca de los Caballeros y pueden participar el alumnado de nuestras escuelas de ajedrez y chicos y chicas que no perteneciendo a las mismas quieran tener un primer contacto con la formaci\u00f3n del proyecto.<\/em><\/p>\n\n\n\n<p><em>Las condiciones de inscripci\u00f3n est\u00e1n reflejadas en este folleto:<\/em><\/p>\n\n\n\n<figure class=\"wp-block-image size-full\"><img fetchpriority=\"high\" decoding=\"async\" width=\"640\" height=\"454\" src=\"https:\/\/www.bfv.cloud\/ajedrezeuropa\/wp-content\/uploads\/2025\/12\/3-TRIPTICO-XVII-CONCENT-NAVIDAD-EXT-2025.jpg\" alt=\"\" class=\"wp-image-4680\" srcset=\"https:\/\/www.bfv.cloud\/ajedrezeuropa\/wp-content\/uploads\/2025\/12\/3-TRIPTICO-XVII-CONCENT-NAVIDAD-EXT-2025.jpg 640w, https:\/\/www.bfv.cloud\/ajedrezeuropa\/wp-content\/uploads\/2025\/12\/3-TRIPTICO-XVII-CONCENT-NAVIDAD-EXT-2025-300x213.jpg 300w\" sizes=\"(max-width: 640px) 100vw, 640px\" \/><\/figure>\n\n\n\n<figure class=\"wp-block-image size-full\"><img decoding=\"async\" width=\"639\" height=\"414\" src=\"https:\/\/www.bfv.cloud\/ajedrezeuropa\/wp-content\/uploads\/2025\/12\/3-TRIPTICO-XVII-CONCENT-NAVIDAD-INT-2025.jpg\" alt=\"\" class=\"wp-image-4681\" srcset=\"https:\/\/www.bfv.cloud\/ajedrezeuropa\/wp-content\/uploads\/2025\/12\/3-TRIPTICO-XVII-CONCENT-NAVIDAD-INT-2025.jpg 639w, https:\/\/www.bfv.cloud\/ajedrezeuropa\/wp-content\/uploads\/2025\/12\/3-TRIPTICO-XVII-CONCENT-NAVIDAD-INT-2025-300x194.jpg 300w\" sizes=\"(max-width: 639px) 100vw, 639px\" \/><\/figure>\n\n\n\n<p><em>Para realizar la inscripci\u00f3n es imprescindible rellenar, firmar y enviar la siguiente hoja:<\/em><\/p>\n\n\n\n<figure class=\"wp-block-image size-full\"><img decoding=\"async\" width=\"452\" height=\"640\" src=\"https:\/\/www.bfv.cloud\/ajedrezeuropa\/wp-content\/uploads\/2025\/12\/0-FICHA-INSCRIPCION-XVII-CONCENTRACION-DE-NAVIDAD-2025_001.jpg\" alt=\"\" class=\"wp-image-4682\" srcset=\"https:\/\/www.bfv.cloud\/ajedrezeuropa\/wp-content\/uploads\/2025\/12\/0-FICHA-INSCRIPCION-XVII-CONCENTRACION-DE-NAVIDAD-2025_001.jpg 452w, https:\/\/www.bfv.cloud\/ajedrezeuropa\/wp-content\/uploads\/2025\/12\/0-FICHA-INSCRIPCION-XVII-CONCENTRACION-DE-NAVIDAD-2025_001-212x300.jpg 212w\" sizes=\"(max-width: 452px) 100vw, 452px\" \/><\/figure>\n","protected":false},"excerpt":{"rendered":"<p>Del 26 al 28 de diciembre se celebrar\u00e1 una nueva edici\u00f3n de nuestra Concentraci\u00f3n de Navidad. Este es una de las actividades formativas anuales ligadas al proyecto Nuestro Ajedrez en Europa. Como en a\u00f1os pasados las clases tendr\u00e1n lugar en la casa de la cultura de Villafranca de los Caballeros y pueden participar el alumnado [&hellip;]<\/p>\n","protected":false},"author":1,"featured_media":4679,"comment_status":"open","ping_status":"closed","sticky":false,"template":"","format":"standard","meta":{"footnotes":""},"categories":[1],"tags":[],"class_list":["post-4678","post","type-post","status-publish","format-standard","has-post-thumbnail","hentry","category-noticias"],"_links":{"self":[{"href":"https:\/\/www.bfv.cloud\/ajedrezeuropa\/wp-json\/wp\/v2\/posts\/4678","targetHints":{"allow":["GET"]}}],"collection":[{"href":"https:\/\/www.bfv.cloud\/ajedrezeuropa\/wp-json\/wp\/v2\/posts"}],"about":[{"href":"https:\/\/www.bfv.cloud\/ajedrezeuropa\/wp-json\/wp\/v2\/types\/post"}],"author":[{"embeddable":true,"href":"https:\/\/www.bfv.cloud\/ajedrezeuropa\/wp-json\/wp\/v2\/users\/1"}],"replies":[{"embeddable":true,"href":"https:\/\/www.bfv.cloud\/ajedrezeuropa\/wp-json\/wp\/v2\/comments?post=4678"}],"version-history":[{"count":1,"href":"https:\/\/www.bfv.cloud\/ajedrezeuropa\/wp-json\/wp\/v2\/posts\/4678\/revisions"}],"predecessor-version":[{"id":4683,"href":"https:\/\/www.bfv.cloud\/ajedrezeuropa\/wp-json\/wp\/v2\/posts\/4678\/revisions\/4683"}],"wp:featuredmedia":[{"embeddable":true,"href":"https:\/\/www.bfv.cloud\/ajedrezeuropa\/wp-json\/wp\/v2\/media\/4679"}],"wp:attachment":[{"href":"https:\/\/www.bfv.cloud\/ajedrezeuropa\/wp-json\/wp\/v2\/media?parent=4678"}],"wp:term":[{"taxonomy":"category","embeddable":true,"href":"https:\/\/www.bfv.cloud\/ajedrezeuropa\/wp-json\/wp\/v2\/categories?post=4678"},{"taxonomy":"post_tag","embeddable":true,"href":"https:\/\/www.bfv.cloud\/ajedrezeuropa\/wp-json\/wp\/v2\/tags?post=4678"}],"curies":[{"name":"wp","href":"https:\/\/api.w.org\/{rel}","templated":true}]}}