{"id":4690,"date":"2025-12-10T09:49:53","date_gmt":"2025-12-10T08:49:53","guid":{"rendered":"https:\/\/www.bfv.cloud\/ajedrezeuropa\/?p=4690"},"modified":"2025-12-11T09:54:43","modified_gmt":"2025-12-11T08:54:43","slug":"xix-torneo-de-navidad-ajedrez-por-la-igualdad-2026","status":"publish","type":"post","link":"https:\/\/www.bfv.cloud\/ajedrezeuropa\/xix-torneo-de-navidad-ajedrez-por-la-igualdad-2026\/","title":{"rendered":"XIX TORNEO DE NAVIDAD \u00abAJEDREZ POR LA IGUALDAD\u00bb 2026"},"content":{"rendered":"\n<p>El s\u00e1bado 3 de enero de 2026 tendr\u00e1 lugar la 19\u00aa edici\u00f3n del Torneo \u00abAjedrez por la Igualdad\u00bb. Comenzar\u00e1 a las 10 de la ma\u00f1ana y se jugar\u00e1n 6 rondas a un ritmo de 10 minutos + 3 segundos de incremento por movimiento. Las inscripciones est\u00e1n abiertas escaneando el QR del cartel, pulsando sobre el acceso al formulario de las bases o a trav\u00e9s del siguiente enlace:&nbsp;<\/p>\n\n\n\n<p><a href=\"https:\/\/docs.google.com\/forms\/d\/1NcOP8ugOCWgoXiEM4EOULLsBjQtWp3Czhwb1jlJRCHg\/edit\" target=\"_blank\" rel=\"noreferrer noopener\">ENLACE CON EL FORMULARIO DE INSCRIPCI\u00d3N<\/a>&nbsp;<\/p>\n\n\n\n<p>Recordad que el n\u00famero de participantes est\u00e1 limitado y que en las bases que publicamos a continuaci\u00f3n consta toda la informaci\u00f3n a tener en cuenta<\/p>\n\n\n\n<figure class=\"wp-block-image size-full\"><img fetchpriority=\"high\" decoding=\"async\" width=\"452\" height=\"640\" src=\"https:\/\/www.bfv.cloud\/ajedrezeuropa\/wp-content\/uploads\/2025\/12\/2-BASES-DEL-XIX-TORNEO-AJEDREZ-POR-LA-IGUALDAD-2026_001.jpg\" alt=\"\" class=\"wp-image-4697\" srcset=\"https:\/\/www.bfv.cloud\/ajedrezeuropa\/wp-content\/uploads\/2025\/12\/2-BASES-DEL-XIX-TORNEO-AJEDREZ-POR-LA-IGUALDAD-2026_001.jpg 452w, https:\/\/www.bfv.cloud\/ajedrezeuropa\/wp-content\/uploads\/2025\/12\/2-BASES-DEL-XIX-TORNEO-AJEDREZ-POR-LA-IGUALDAD-2026_001-212x300.jpg 212w\" sizes=\"(max-width: 452px) 100vw, 452px\" \/><\/figure>\n","protected":false},"excerpt":{"rendered":"<p>El s\u00e1bado 3 de enero de 2026 tendr\u00e1 lugar la 19\u00aa edici\u00f3n del Torneo \u00abAjedrez por la Igualdad\u00bb. Comenzar\u00e1 a las 10 de la ma\u00f1ana y se jugar\u00e1n 6 rondas a un ritmo de 10 minutos + 3 segundos de incremento por movimiento. Las inscripciones est\u00e1n abiertas escaneando el QR del cartel, pulsando sobre el [&hellip;]<\/p>\n","protected":false},"author":1,"featured_media":4696,"comment_status":"open","ping_status":"closed","sticky":false,"template":"","format":"standard","meta":{"footnotes":""},"categories":[1],"tags":[],"class_list":["post-4690","post","type-post","status-publish","format-standard","has-post-thumbnail","hentry","category-noticias"],"_links":{"self":[{"href":"https:\/\/www.bfv.cloud\/ajedrezeuropa\/wp-json\/wp\/v2\/posts\/4690","targetHints":{"allow":["GET"]}}],"collection":[{"href":"https:\/\/www.bfv.cloud\/ajedrezeuropa\/wp-json\/wp\/v2\/posts"}],"about":[{"href":"https:\/\/www.bfv.cloud\/ajedrezeuropa\/wp-json\/wp\/v2\/types\/post"}],"author":[{"embeddable":true,"href":"https:\/\/www.bfv.cloud\/ajedrezeuropa\/wp-json\/wp\/v2\/users\/1"}],"replies":[{"embeddable":true,"href":"https:\/\/www.bfv.cloud\/ajedrezeuropa\/wp-json\/wp\/v2\/comments?post=4690"}],"version-history":[{"count":1,"href":"https:\/\/www.bfv.cloud\/ajedrezeuropa\/wp-json\/wp\/v2\/posts\/4690\/revisions"}],"predecessor-version":[{"id":4698,"href":"https:\/\/www.bfv.cloud\/ajedrezeuropa\/wp-json\/wp\/v2\/posts\/4690\/revisions\/4698"}],"wp:featuredmedia":[{"embeddable":true,"href":"https:\/\/www.bfv.cloud\/ajedrezeuropa\/wp-json\/wp\/v2\/media\/4696"}],"wp:attachment":[{"href":"https:\/\/www.bfv.cloud\/ajedrezeuropa\/wp-json\/wp\/v2\/media?parent=4690"}],"wp:term":[{"taxonomy":"category","embeddable":true,"href":"https:\/\/www.bfv.cloud\/ajedrezeuropa\/wp-json\/wp\/v2\/categories?post=4690"},{"taxonomy":"post_tag","embeddable":true,"href":"https:\/\/www.bfv.cloud\/ajedrezeuropa\/wp-json\/wp\/v2\/tags?post=4690"}],"curies":[{"name":"wp","href":"https:\/\/api.w.org\/{rel}","templated":true}]}}