{"id":4691,"date":"2025-12-10T09:49:54","date_gmt":"2025-12-10T08:49:54","guid":{"rendered":"https:\/\/www.bfv.cloud\/ajedrezeuropa\/?p=4691"},"modified":"2025-12-11T09:56:22","modified_gmt":"2025-12-11T08:56:22","slug":"medalla-de-bronce-para-el-equipo-juvenil-de-nuestro-ajedrez-en-europa-en-la-xvi-copa-de-espana-por-equipos","status":"publish","type":"post","link":"https:\/\/www.bfv.cloud\/ajedrezeuropa\/medalla-de-bronce-para-el-equipo-juvenil-de-nuestro-ajedrez-en-europa-en-la-xvi-copa-de-espana-por-equipos\/","title":{"rendered":"MEDALLA DE BRONCE PARA EL EQUIPO JUVENIL DE NUESTRO AJEDREZ EN EUROPA EN LA XVI COPA DE ESPA\u00d1A POR EQUIPOS"},"content":{"rendered":"\n<p><strong>Nuestro Ajedrez en Europa<\/strong>&nbsp;suma una nueva medalla en un campeonato nacional de la categor\u00eda juvenil en la XVI Copa de Espa\u00f1a por Equipos celebrada en Benidorm del 5 al 8 de diciembre. La competici\u00f3n ha reunido a m\u00e1s de 140 equipos y m\u00e1s de 700 ajedrecistas de toda Espa\u00f1a, adem\u00e1s de j\u00f3venes jugadores llegados de otros pa\u00edses. La Copa sub18 ha contado con 32 equipos, con al menos 20 de ellos de un alto nivel competitivo.<\/p>\n\n\n\n<p><strong><em><u>Medalla de Bronce para el equipo juvenil de Nuestro Ajedrez en Europa<\/u><\/em><\/strong><\/p>\n\n\n\n<figure class=\"wp-block-image size-full\"><img fetchpriority=\"high\" decoding=\"async\" width=\"640\" height=\"612\" src=\"https:\/\/www.bfv.cloud\/ajedrezeuropa\/wp-content\/uploads\/2025\/12\/6-PREMIO-3o.jpg\" alt=\"\" class=\"wp-image-4700\" srcset=\"https:\/\/www.bfv.cloud\/ajedrezeuropa\/wp-content\/uploads\/2025\/12\/6-PREMIO-3o.jpg 640w, https:\/\/www.bfv.cloud\/ajedrezeuropa\/wp-content\/uploads\/2025\/12\/6-PREMIO-3o-300x287.jpg 300w\" sizes=\"(max-width: 640px) 100vw, 640px\" \/><\/figure>\n\n\n\n<p>El lunes 8 de diciembre por la tarde finalizaban los distintos torneos, con el equipo juvenil de&nbsp;<strong><em>Nuestro Ajedrez en Europa<\/em>&nbsp;<\/strong>logrando la 3\u00aa posici\u00f3n de la prestigiosa Copa de Espa\u00f1a sub18, que es la competici\u00f3n por equipos de \u00e1mbito nacional de mayor nivel que se juega anualmente, tras vencer 3.5 a 0,5 al club de Zaragoza en la mesa 2 de la \u00faltima ronda. En la clasificaci\u00f3n final,&nbsp;<strong>Nuestro Ajedrez en Europa terminaba igualado a 10 puntos con el primer y segundo clasificado,<\/strong>&nbsp;Diagonal Alcorc\u00f3n de Madrid y Neurochess Metro Club de Marbella, respectivamente. Con este resultado se logra mejorar los conseguidos en las 14 adiciones precedentes. Todos los componentes del equipo juvenil de Nuestro Ajedrez en Europa son jugadores que llevan participando varios a\u00f1os en distintos campeonatos oficiales en representaci\u00f3n del club. De esta forma, este gran resultado obtenido por:<strong>&nbsp;Javier Jim\u00e9nez Carrazoni, \u00c1ngel Collado Alcolado, Federico Perea Fruet<\/strong>,&nbsp;<strong>Marta Elena Jim\u00e9nez Carrazoni y Aday Berm\u00fadez Gonz\u00e1lez,&nbsp;<\/strong>es fruto del trabajo realizado por el proyecto que une a Alc\u00e1zar de San Juan y a Villafranca de los Caballeros durante 18 a\u00f1os<strong>.<\/strong>&nbsp; Los distintos rivales con los que el equipo se ha enfrentado en las 6 rondas que han formado la competici\u00f3n son: Diagonal Alcorc\u00f3n (Madrid \u2013 1\u00ba clasificado); Vetusta Chess (Oviedo &#8211; 9\u00ba clasificado); Zaragoza A (Zaragoza \u2013 12\u00ba clasificado) Promesas Valladolid A (Valladolid &#8211; 15\u00ba clasificado); Gros Xake Taldea (Donostia \u2013 20\u00ba clasificado); y Zaragoza B (Arag\u00f3n \u2013 22\u00ba clasificado)<\/p>\n\n\n\n<figure class=\"wp-block-image size-full\"><img decoding=\"async\" width=\"640\" height=\"480\" src=\"https:\/\/www.bfv.cloud\/ajedrezeuropa\/wp-content\/uploads\/2025\/12\/10-GRUPO-HALL-2.jpg\" alt=\"\" class=\"wp-image-4701\" srcset=\"https:\/\/www.bfv.cloud\/ajedrezeuropa\/wp-content\/uploads\/2025\/12\/10-GRUPO-HALL-2.jpg 640w, https:\/\/www.bfv.cloud\/ajedrezeuropa\/wp-content\/uploads\/2025\/12\/10-GRUPO-HALL-2-300x225.jpg 300w\" sizes=\"(max-width: 640px) 100vw, 640px\" \/><\/figure>\n\n\n\n<p><strong><em><u><strong><em><u>El equipo sub14 de Nuestro Ajedrez por la Igualdad finaliza en 6\u00aa posici\u00f3n<\/u><\/em><\/strong><\/u><\/em><\/strong><\/p>\n\n\n\n<figure class=\"wp-block-image size-full\"><img decoding=\"async\" width=\"640\" height=\"404\" src=\"https:\/\/www.bfv.cloud\/ajedrezeuropa\/wp-content\/uploads\/2025\/12\/9-GRUPO-EN-COMIDA.jpg\" alt=\"\" class=\"wp-image-4702\" srcset=\"https:\/\/www.bfv.cloud\/ajedrezeuropa\/wp-content\/uploads\/2025\/12\/9-GRUPO-EN-COMIDA.jpg 640w, https:\/\/www.bfv.cloud\/ajedrezeuropa\/wp-content\/uploads\/2025\/12\/9-GRUPO-EN-COMIDA-300x189.jpg 300w\" sizes=\"(max-width: 640px) 100vw, 640px\" \/><\/figure>\n\n\n\n<p>El segundo equipo participante del proyecto ha sido el sub-14 de&nbsp;<strong><em>Nuestro Ajedrez por la Igualdad<\/em><\/strong>, que ha competido conforme al siguiente orden de fuerza:&nbsp;<strong>Gerard Tallada Serret, Iker Herr\u00e1iz G\u00f3mez, Carlos Roche Fraile, Jaime Vila Castillo, Manuel Jaime Lirola Gimeno y Paula \u00c1vila Cervantes.&nbsp;<\/strong>La 6\u00aa plaza, con una suma de 9 puntos, es el resultado de vencer en los encuentros disputados frente a: Diagonal Alcorc\u00f3n B, Albal, Assa Enric Valor y Ajedrez Lapuerta; empatar contra Los Navalucillos y perder frente al subcampe\u00f3n de esta categor\u00eda, EDAPA. Todos ellos clasificados desde el 2\u00ba puesto al 21\u00ba. El futuro de muchos de estos jugadores estar\u00e1 ligado a los clubes del proyecto y a nuestros entrenadores.<\/p>\n\n\n\n<p><strong><em><u>El reconocimiento a una gran labor<\/u><\/em><\/strong><\/p>\n\n\n\n<p>Estos grandes resultados han sido posible gracias al trabajo del grupo de preparadores que han acompa\u00f1ado a los 11 jugadores durante estos d\u00edas: el GM Herminio Herr\u00e1iz Hidalgo, el entrenador Roberto L\u00f3pez N\u00fa\u00f1ez y la entrenadora Silvia Toribio Camu\u00f1as, han sido piezas clave en la revisi\u00f3n de las partidas y en las preparaciones contra los distintos rivales.<\/p>\n","protected":false},"excerpt":{"rendered":"<p>Nuestro Ajedrez en Europa&nbsp;suma una nueva medalla en un campeonato nacional de la categor\u00eda juvenil en la XVI Copa de Espa\u00f1a por Equipos celebrada en Benidorm del 5 al 8 de diciembre. La competici\u00f3n ha reunido a m\u00e1s de 140 equipos y m\u00e1s de 700 ajedrecistas de toda Espa\u00f1a, adem\u00e1s de j\u00f3venes jugadores llegados de [&hellip;]<\/p>\n","protected":false},"author":1,"featured_media":4699,"comment_status":"open","ping_status":"closed","sticky":false,"template":"","format":"standard","meta":{"footnotes":""},"categories":[1],"tags":[],"class_list":["post-4691","post","type-post","status-publish","format-standard","has-post-thumbnail","hentry","category-noticias"],"_links":{"self":[{"href":"https:\/\/www.bfv.cloud\/ajedrezeuropa\/wp-json\/wp\/v2\/posts\/4691","targetHints":{"allow":["GET"]}}],"collection":[{"href":"https:\/\/www.bfv.cloud\/ajedrezeuropa\/wp-json\/wp\/v2\/posts"}],"about":[{"href":"https:\/\/www.bfv.cloud\/ajedrezeuropa\/wp-json\/wp\/v2\/types\/post"}],"author":[{"embeddable":true,"href":"https:\/\/www.bfv.cloud\/ajedrezeuropa\/wp-json\/wp\/v2\/users\/1"}],"replies":[{"embeddable":true,"href":"https:\/\/www.bfv.cloud\/ajedrezeuropa\/wp-json\/wp\/v2\/comments?post=4691"}],"version-history":[{"count":1,"href":"https:\/\/www.bfv.cloud\/ajedrezeuropa\/wp-json\/wp\/v2\/posts\/4691\/revisions"}],"predecessor-version":[{"id":4703,"href":"https:\/\/www.bfv.cloud\/ajedrezeuropa\/wp-json\/wp\/v2\/posts\/4691\/revisions\/4703"}],"wp:featuredmedia":[{"embeddable":true,"href":"https:\/\/www.bfv.cloud\/ajedrezeuropa\/wp-json\/wp\/v2\/media\/4699"}],"wp:attachment":[{"href":"https:\/\/www.bfv.cloud\/ajedrezeuropa\/wp-json\/wp\/v2\/media?parent=4691"}],"wp:term":[{"taxonomy":"category","embeddable":true,"href":"https:\/\/www.bfv.cloud\/ajedrezeuropa\/wp-json\/wp\/v2\/categories?post=4691"},{"taxonomy":"post_tag","embeddable":true,"href":"https:\/\/www.bfv.cloud\/ajedrezeuropa\/wp-json\/wp\/v2\/tags?post=4691"}],"curies":[{"name":"wp","href":"https:\/\/api.w.org\/{rel}","templated":true}]}}