{"id":473,"date":"2016-12-30T08:44:00","date_gmt":"2016-12-30T08:44:00","guid":{"rendered":"https:\/\/www.bfv.cloud\/ajedrezeuropa\/index.php\/2016\/12\/30\/xii-torneo-de-ajedrez-por-la-igualdad\/"},"modified":"2025-11-20T10:18:08","modified_gmt":"2025-11-20T10:18:08","slug":"xii-torneo-de-ajedrez-por-la-igualdad","status":"publish","type":"post","link":"https:\/\/www.bfv.cloud\/ajedrezeuropa\/xii-torneo-de-ajedrez-por-la-igualdad\/","title":{"rendered":"XII TORNEO DE AJEDREZ POR LA IGUALDAD"},"content":{"rendered":"<div class=\"separator\" style=\"clear: both;text-align: center\">\n<a href=\"https:\/\/www.bfv.cloud\/ajedrezeuropa\/wp-content\/uploads\/2016\/12\/TORNEOIGUALDAD2016.jpg\" style=\"clear: right;float: right;margin-bottom: 1em;margin-left: 1em\"><img fetchpriority=\"high\" decoding=\"async\" border=\"0\" height=\"640\" src=\"https:\/\/blogger.googleusercontent.com\/img\/b\/R29vZ2xl\/AVvXsEipXk89cVFQm9ANz7O_rIl2DUBKyo9pz6oCnI6leICe0r6CQSOorKzgbT_UuwoVJgTRliWDPfLmID1JKNICdvCiqvJI1lqSPtZI8HQKpcDWD6nmxaQa34sEZs3CCCvWSHwoxaCSoWM0BU0\/s640\/TORNEO+IGUALDAD+2016.jpg\" width=\"456\" \/><\/a><\/div>\n<p><span style=\"color: #073763;font-family: Verdana, sans-serif;font-size: large\">El s\u00e1bado 7 de enero a primera hora de la tarde, las 15,30h, comenzar\u00e1 el Torneo de Ajedrez por la Igualdad. La casa de la cultura de Villfranca recibir\u00e1 a los aficionados que quieran acompa\u00f1arnos ese primer s\u00e1bado de 2017. Las condiciones de inscripci\u00f3n y las bases del torneo las publicamos a continuaci\u00f3n.<\/span><\/p>\n<div class=\"separator\" style=\"clear: both;text-align: center\">\n<a href=\"https:\/\/www.bfv.cloud\/ajedrezeuropa\/wp-content\/uploads\/2016\/12\/BASESXIITORNEOAJEDREZPORLAIGUALDAD.jpg\" style=\"margin-left: 1em;margin-right: 1em\"><img decoding=\"async\" border=\"0\" height=\"640\" src=\"https:\/\/blogger.googleusercontent.com\/img\/b\/R29vZ2xl\/AVvXsEhJMv8Y1N5yETQJslDbch09VH2RSd209MPOToPplB8VhcF2DYi4c88QDOmga1kPGWzC-Q7CWfYbqF2q5z6JJ_W48sAa7wchqrEc-WxcGg8DwZJV24jI0tgKrgchi7Vdnfv2W0cypirQ-FA\/s640\/BASES+XII+TORNEO+AJEDREZ+POR+LA+IGUALDAD.jpg\" width=\"452\" \/><\/a><\/div>\n<p><span style=\"color: #073763;font-family: Verdana, sans-serif;font-size: large\"><br \/><\/span><\/p>\n","protected":false},"excerpt":{"rendered":"<p>El s\u00e1bado 7 de enero a primera hora de la tarde, las 15,30h, comenzar\u00e1 el Torneo de Ajedrez por la Igualdad. La casa de la cultura de Villfranca recibir\u00e1 a los aficionados que quieran acompa\u00f1arnos ese primer s\u00e1bado de 2017. Las condiciones de inscripci\u00f3n y las bases del torneo las publicamos a continuaci\u00f3n.<\/p>\n","protected":false},"author":1,"featured_media":474,"comment_status":"open","ping_status":"closed","sticky":false,"template":"","format":"standard","meta":{"footnotes":""},"categories":[1],"tags":[],"class_list":["post-473","post","type-post","status-publish","format-standard","has-post-thumbnail","hentry","category-noticias"],"_links":{"self":[{"href":"https:\/\/www.bfv.cloud\/ajedrezeuropa\/wp-json\/wp\/v2\/posts\/473","targetHints":{"allow":["GET"]}}],"collection":[{"href":"https:\/\/www.bfv.cloud\/ajedrezeuropa\/wp-json\/wp\/v2\/posts"}],"about":[{"href":"https:\/\/www.bfv.cloud\/ajedrezeuropa\/wp-json\/wp\/v2\/types\/post"}],"author":[{"embeddable":true,"href":"https:\/\/www.bfv.cloud\/ajedrezeuropa\/wp-json\/wp\/v2\/users\/1"}],"replies":[{"embeddable":true,"href":"https:\/\/www.bfv.cloud\/ajedrezeuropa\/wp-json\/wp\/v2\/comments?post=473"}],"version-history":[{"count":1,"href":"https:\/\/www.bfv.cloud\/ajedrezeuropa\/wp-json\/wp\/v2\/posts\/473\/revisions"}],"predecessor-version":[{"id":476,"href":"https:\/\/www.bfv.cloud\/ajedrezeuropa\/wp-json\/wp\/v2\/posts\/473\/revisions\/476"}],"wp:featuredmedia":[{"embeddable":true,"href":"https:\/\/www.bfv.cloud\/ajedrezeuropa\/wp-json\/wp\/v2\/media\/474"}],"wp:attachment":[{"href":"https:\/\/www.bfv.cloud\/ajedrezeuropa\/wp-json\/wp\/v2\/media?parent=473"}],"wp:term":[{"taxonomy":"category","embeddable":true,"href":"https:\/\/www.bfv.cloud\/ajedrezeuropa\/wp-json\/wp\/v2\/categories?post=473"},{"taxonomy":"post_tag","embeddable":true,"href":"https:\/\/www.bfv.cloud\/ajedrezeuropa\/wp-json\/wp\/v2\/tags?post=473"}],"curies":[{"name":"wp","href":"https:\/\/api.w.org\/{rel}","templated":true}]}}