{"id":477,"date":"2013-01-28T22:23:00","date_gmt":"2013-01-28T22:23:00","guid":{"rendered":"https:\/\/www.bfv.cloud\/ajedrezeuropa\/index.php\/2013\/01\/28\/2o-fin-de-semana-de-competicion-en-los-escolares-de-ciudad-real-y-toledo\/"},"modified":"2025-11-20T10:18:18","modified_gmt":"2025-11-20T10:18:18","slug":"2o-fin-de-semana-de-competicion-en-los-escolares-de-ciudad-real-y-toledo","status":"publish","type":"post","link":"https:\/\/www.bfv.cloud\/ajedrezeuropa\/2o-fin-de-semana-de-competicion-en-los-escolares-de-ciudad-real-y-toledo\/","title":{"rendered":"2\u00ba FIN DE SEMANA DE COMPETICI\u00d3N EN LOS ESCOLARES DE CIUDAD REAL Y TOLEDO"},"content":{"rendered":"<p><\/p>\n<table cellpadding=\"0\" cellspacing=\"0\" class=\"tr-caption-container\" style=\"float: left;margin-right: 1em;text-align: left\">\n<tbody>\n<tr>\n<td style=\"text-align: center\"><a href=\"https:\/\/www.bfv.cloud\/ajedrezeuropa\/wp-content\/uploads\/2013\/01\/fotostoledodep.edadescolar001.jpg\" style=\"clear: left;margin-bottom: 1em;margin-left: auto;margin-right: auto\"><img fetchpriority=\"high\" decoding=\"async\" border=\"0\" height=\"300\" src=\"https:\/\/blogger.googleusercontent.com\/img\/b\/R29vZ2xl\/AVvXsEhHgTeQGCaDbBFaMIPPnLVQNtYttvwcYz16GLL5OEmMcEpe0YEV1nOgg4crWvXS0oMZKzsnLvm-J6zPSqxCehDFurLiNrCOVn4tmJotlNE8iY1IbRguN3rlKyDlw9yt0WhI_5wwSP35zCo\/s400\/fotos+toledo+dep.+edad+escolar+001.jpg\" width=\"400\" \/><\/a><\/td>\n<\/tr>\n<tr>\n<td class=\"tr-caption\" style=\"text-align: center\">Jes\u00fas Romo de 7 a\u00f1os en su primera partida en competici\u00f3n<\/td>\n<\/tr>\n<\/tbody>\n<\/table>\n<div align=\"center\" class=\"MsoNormal\" style=\"text-align: center\">\n<b style=\"text-align: justify\"><span>&nbsp; &nbsp; &nbsp; &nbsp; &nbsp;<\/span><\/b><span style=\"font-family: Century, serif;text-align: justify\">Con las rondas celebradas el s\u00e1bado y el domingo pasados en<br \/>\nlos Campeonatos en Edad Escolar de Toledo y Ciudad Real se han completado la<br \/>\nmitad de las partidas previstas en las categor\u00edas cadetes de ambos provinciales<br \/>\ny en la infantil de Ciudad Real. Tan s\u00f3lo el Escolar infantil de Toledo est\u00e1<br \/>\npor debajo de esta cifra, habiendo disputado 3 de las 8 rondas. En estas<br \/>\nsegundas jornadas del CRDEE han jugado un total de 27 ajedrecistas de nuestras<br \/>\nescuelas de ajedrez de Alc\u00e1zar y Villafranca y 4 m\u00e1s en el federado sub-18 de<br \/>\nla provincia de Toledo, alcanzando la cifra global de 31 jugadores y jugadoras<br \/>\nentre todas las categor\u00edas.&nbsp; Los<br \/>\nenfrentamientos del pr\u00f3ximo fin de semana dejar\u00e1n perfiladas las oportunidades<br \/>\nde clasificaci\u00f3n para todos los participantes, aunque en las actuales<br \/>\ncircunstancias hasta 7 de nuestros chicos y chicas estar\u00edan en condiciones de<br \/>\nintervenir en la fase regional de estos escolares. De esta forma, 4 de ellos,<br \/>\nencabezan sus respectivas clasificaciones provisionales y se mantienen con el<br \/>\ntotal de puntos posibles, mientras que otros 3 se encuentran en posiciones<br \/>\ndestacadas. A continuaci\u00f3n pasamos a detallar los puntos obtenidos y los<br \/>\npuestos que ocupan todos nuestros alumnos y alumnas, haciendo notar que, en<br \/>\nesta ocasi\u00f3n, los enlaces con Chess-Results para seguir los resultados y<br \/>\nclasificaciones est\u00e1n colocados cada uno en su respectiva categor\u00eda:<\/span><span style=\"font-family: Century, serif;text-align: justify\">&nbsp;<\/span><\/div>\n<h1 style=\"text-align: center\">\n<span style=\"color: blue;font-family: Trebuchet MS, sans-serif;font-size: large\"><u>DEPORTE EN EDAD ESCOLAR DE CIUDAD REAL<\/u><\/span><\/h1>\n<table cellpadding=\"0\" cellspacing=\"0\" class=\"tr-caption-container\" style=\"float: right;margin-left: 1em;text-align: right\">\n<tbody>\n<tr>\n<td style=\"text-align: center\"><a href=\"https:\/\/www.bfv.cloud\/ajedrezeuropa\/wp-content\/uploads\/2013\/01\/fotosciudadreal001.jpg\" style=\"clear: right;margin-bottom: 1em;margin-left: auto;margin-right: auto\"><img decoding=\"async\" border=\"0\" height=\"240\" src=\"https:\/\/blogger.googleusercontent.com\/img\/b\/R29vZ2xl\/AVvXsEiUBaPe62KHTOA413DwtY9ra8bmW90SRCxj0U4ZPFHwUzKa2vGJwqB9n6Un-O-u0K_UBHJdihv8LW4Y4dUS4EW4xptEAmMiQuO5HuqaBjQTzESwqKHGVLUoQvNYHSN1QL_lpGuBZ0MWycQ\/s320\/fotos+ciudad+real+001.jpg\" width=\"320\" \/><\/a><\/td>\n<\/tr>\n<tr>\n<td class=\"tr-caption\" style=\"text-align: center\">Cosimo Leonardo de Giorgi al frente del cadete de<br \/>\nCiudad Real<\/td>\n<\/tr>\n<\/tbody>\n<\/table>\n<div class=\"MsoNormal\" style=\"text-align: justify\">\n<span>&nbsp;<\/span><b><u><span>Categor\u00eda Cadete:<\/span><\/u><\/b><b><span>&nbsp;<\/span><\/b><\/div>\n<div align=\"center\" class=\"MsoNormal\" style=\"text-align: center\">\n<span>1\u00ba.- Cosimo Leonardo de Giorgi, 3 puntos.<\/span><\/div>\n<div align=\"center\" class=\"MsoNormal\" style=\"text-align: center\">\n<span>(Ha logrado el 100% de los puntos y<br \/>\nlidera en solitario).<\/span><\/div>\n<div align=\"center\" class=\"MsoNormal\" style=\"text-align: center\">\n<span><br \/><\/span><\/div>\n<div align=\"center\" class=\"MsoNormal\" style=\"text-align: center\">\n<span><a href=\"http:\/\/chess-results.com\/tnr89470.aspx?art=1&amp;rd=3&amp;lan=2&amp;wi=821\"><span style=\"color: #660000\"><b>ESCOLAR CADETE CIUDAD REAL 2013<\/b><\/span><\/a><\/span><\/div>\n<div class=\"MsoNormal\" style=\"text-align: justify\">\n<\/div>\n<div class=\"MsoNormal\" style=\"text-align: justify\">\n<b><u><span>Categor\u00eda Infantil:<\/span><\/u><\/b><b><span>&nbsp;&nbsp;&nbsp;&nbsp;&nbsp;  <\/span><\/b><\/div>\n<div align=\"center\" class=\"MsoNormal\" style=\"text-align: center\">\n<span>3\u00ba.- Javier Valdepe\u00f1as, 4 puntos. <\/span><\/div>\n<div align=\"center\" class=\"MsoNormal\" style=\"text-align: center\">\n<span>(Con el 100% de los puntos, se encuentra<br \/>\nempatado con otros 5 jugadores).<\/span><\/div>\n<div class=\"MsoNormal\" style=\"margin-left: 36.0pt;text-align: justify;text-indent: -18.0pt\">\n<!--[if !supportLists]-->&#8211;<span style=\"font-size: 7pt\">&nbsp;&nbsp;&nbsp;&nbsp;&nbsp;&nbsp;&nbsp;&nbsp;&nbsp;<br \/>\n<\/span><!--[endif]--><span>Con 3<br \/>\npuntos, clasificados de la 7\u00aa a la 30\u00aa posici\u00f3n: <\/span><\/div>\n<div align=\"center\" class=\"MsoNormal\" style=\"margin-left: 36.0pt;text-align: center;text-indent: -18.0pt\">\n<!--[if !supportLists]-->&#8211;<span style=\"font-size: 7pt\">&nbsp;&nbsp;&nbsp;&nbsp;&nbsp;&nbsp;&nbsp;&nbsp;&nbsp;<br \/>\n<\/span><!--[endif]--><span>Samuel<br \/>\nOrtiz<\/span><\/div>\n<div align=\"center\" class=\"MsoNormal\" style=\"margin-left: 36.0pt;text-align: center;text-indent: -18.0pt\">\n<!--[if !supportLists]-->&#8211;<span style=\"font-size: 7pt\">&nbsp;&nbsp;&nbsp;&nbsp;&nbsp;&nbsp;&nbsp;&nbsp;&nbsp;<br \/>\n<\/span><!--[endif]--><span>Julio<br \/>\nM\u00e9rida<\/span><\/div>\n<div align=\"center\" class=\"MsoNormal\" style=\"margin-left: 36.0pt;text-align: center;text-indent: -18.0pt\">\n<!--[if !supportLists]-->&#8211;<span style=\"font-size: 7pt\">&nbsp;&nbsp;&nbsp;&nbsp;&nbsp;&nbsp;&nbsp;&nbsp;&nbsp;<br \/>\n<\/span><!--[endif]--><span>Enrique<br \/>\nVelasco<\/span><\/div>\n<div align=\"center\" class=\"MsoNormal\" style=\"margin-left: 36.0pt;text-align: center;text-indent: -18.0pt\">\n<!--[if !supportLists]-->&#8211;<span style=\"font-size: 7pt\">&nbsp;&nbsp;&nbsp;&nbsp;&nbsp;&nbsp;&nbsp;&nbsp;&nbsp;<br \/>\n<\/span><!--[endif]--><span>Arturo Mate<\/span><\/div>\n<div align=\"center\" class=\"MsoNormal\" style=\"margin-left: 36.0pt;text-align: center;text-indent: -18.0pt\">\n<!--[if !supportLists]-->&#8211;<span style=\"font-size: 7pt\">&nbsp;&nbsp;&nbsp;&nbsp;&nbsp;&nbsp;&nbsp;&nbsp;&nbsp;<br \/>\n<\/span><!--[endif]--><span>Marta<br \/>\nEspinosa <\/span><\/div>\n<table cellpadding=\"0\" cellspacing=\"0\" class=\"tr-caption-container\" style=\"float: right;margin-left: 1em;text-align: right\">\n<tbody>\n<tr>\n<td style=\"text-align: center\"><a href=\"https:\/\/www.bfv.cloud\/ajedrezeuropa\/wp-content\/uploads\/2013\/01\/fotosciudadreal004.jpg\" style=\"clear: right;margin-bottom: 1em;margin-left: auto;margin-right: auto\"><img decoding=\"async\" border=\"0\" height=\"240\" src=\"https:\/\/blogger.googleusercontent.com\/img\/b\/R29vZ2xl\/AVvXsEgqQwK7TecjuElTIoxQHmHAPgnBKr80abaqqEUPoOaHFhar4VOuxbNWfLHYvKgoYQNGnrF1UBPoI8xDQ5634kLydc8U50IgqGDcVwjdAJl6s8c-C1be6nENV0FkX59hmqOvTa6FVyxWxcA\/s320\/fotos+ciudad+real+004.jpg\" width=\"320\" \/><\/a><\/td>\n<\/tr>\n<tr>\n<td class=\"tr-caption\" style=\"text-align: center\">Marta juega su primer Escolar<\/td>\n<\/tr>\n<\/tbody>\n<\/table>\n<div class=\"MsoNormal\" style=\"margin-left: 88.8pt;text-indent: 17.4pt\">\n<span>(Ocupa el 3er. lugar de la clasificaci\u00f3n<br \/>\nfemenina).<\/span><\/div>\n<div class=\"MsoNormal\">\n<\/div>\n<div class=\"MsoNormal\" style=\"margin-left: 36.0pt;text-align: justify;text-indent: -18.0pt\">\n<!--[if !supportLists]-->&#8211;<span style=\"font-size: 7pt\">&nbsp;&nbsp;&nbsp;&nbsp;&nbsp;&nbsp;&nbsp;&nbsp;&nbsp;<br \/>\n<\/span><!--[endif]--><span>Con 2<br \/>\npuntos, clasificados de la plaza 31\u00aa a la 64\u00aa:<\/span><\/div>\n<div align=\"center\" class=\"MsoNormal\" style=\"margin-left: 36.0pt;text-align: center;text-indent: -18.0pt\">\n<!--[if !supportLists]-->&#8211;<span style=\"font-size: 7pt\">&nbsp;&nbsp;&nbsp;&nbsp;&nbsp;&nbsp;&nbsp;&nbsp;&nbsp;<br \/>\n<\/span><!--[endif]--><span>\u00c1lvaro<br \/>\nS\u00e1nchez-Mateos<\/span><\/div>\n<div align=\"center\" class=\"MsoNormal\" style=\"margin-left: 36.0pt;text-align: center;text-indent: -18.0pt\">\n<!--[if !supportLists]-->&#8211;<span style=\"font-size: 7pt\">&nbsp;&nbsp;&nbsp;&nbsp;&nbsp;&nbsp;&nbsp;&nbsp;&nbsp;<br \/>\n<\/span><!--[endif]--><span>Isabel<br \/>\nMarcos-Alberca<\/span><\/div>\n<div class=\"MsoNormal\" style=\"margin-left: 36.0pt;text-indent: -18.0pt\">\n<!--[if !supportLists]-->&#8211;<span style=\"font-size: 7pt\">&nbsp;&nbsp;&nbsp;&nbsp;&nbsp;&nbsp;&nbsp;&nbsp;&nbsp;<br \/>\n<\/span><!--[endif]--><span>Con 1,5<br \/>\npuntos, clasificados entre los puestos 65 al 68:<\/span><\/div>\n<div align=\"center\" class=\"MsoNormal\" style=\"margin-left: 36.0pt;text-align: center;text-indent: -18.0pt\">\n<!--[if !supportLists]-->&#8211;<span style=\"font-size: 7pt\">&nbsp;&nbsp;&nbsp;&nbsp;&nbsp;&nbsp;&nbsp;&nbsp;&nbsp;<br \/>\n<\/span><!--[endif]--><span>Pablo Vela<\/span><\/div>\n<div align=\"center\" class=\"MsoNormal\" style=\"margin-left: 36.0pt;text-align: center;text-indent: -18.0pt\">\n<!--[if !supportLists]-->&#8211;<span style=\"font-size: 7pt\">&nbsp;&nbsp;&nbsp;&nbsp;&nbsp;&nbsp;&nbsp;&nbsp;&nbsp;<br \/>\n<\/span><!--[endif]--><span>Julia Meza<\/span><\/div>\n<table cellpadding=\"0\" cellspacing=\"0\" class=\"tr-caption-container\" style=\"float: left;text-align: left\">\n<tbody>\n<tr>\n<td style=\"text-align: center\"><a href=\"https:\/\/www.bfv.cloud\/ajedrezeuropa\/wp-content\/uploads\/2013\/01\/fotosciudadreal006.jpg\" style=\"clear: left;margin-bottom: 1em;margin-left: auto;margin-right: auto\"><img loading=\"lazy\" decoding=\"async\" border=\"0\" height=\"240\" src=\"https:\/\/blogger.googleusercontent.com\/img\/b\/R29vZ2xl\/AVvXsEgp2uumsMOxRXGEoV-tUpePIaygpaUPCEvQY0JU-oFeUSjdKeXkbqr1TE6xxEGmN_37Z76tFuUz4AZCUU_QIhHfRMa_lip3vtWAWMHZrlRY7gN5Krl6-Eeh_Sbco7T9CRmBGQqGNZDncZo\/s320\/fotos+ciudad+real+006.jpg\" width=\"320\" \/><\/a><\/td>\n<\/tr>\n<tr>\n<td class=\"tr-caption\" style=\"text-align: center\">Arturo Mate consigui\u00f3 los 2 puntos en la jornada<br \/>\ndel domingo<\/td>\n<\/tr>\n<\/tbody>\n<\/table>\n<div class=\"MsoNormal\" style=\"margin-left: 18.0pt\">\n<span>Y<br \/>\nen su primera participaci\u00f3n en una competici\u00f3n:<\/span><\/div>\n<div class=\"MsoNormal\" style=\"margin-left: 36.0pt;text-indent: -18.0pt\">\n<!--[if !supportLists]-->&#8211;<span style=\"font-size: 7pt\">&nbsp;&nbsp;&nbsp;&nbsp;&nbsp;&nbsp;&nbsp;&nbsp;&nbsp;<br \/>\n<\/span><!--[endif]--><span>Con 1<br \/>\npunto:<\/span><\/div>\n<div align=\"center\" class=\"MsoNormal\" style=\"margin-left: 18.0pt;text-align: center\">\n<span>&#8211;&nbsp;&nbsp;&nbsp;&nbsp;<br \/>\nJavier P\u00e1ramo<\/span><\/div>\n<div class=\"MsoNormal\" style=\"margin-left: 36.0pt;text-indent: -18.0pt\">\n<!--[if !supportLists]-->&#8211;<span style=\"font-size: 7pt\">&nbsp;&nbsp;&nbsp;&nbsp;&nbsp;&nbsp;&nbsp;&nbsp;&nbsp;<br \/>\n<\/span><!--[endif]--><span>Con 0<br \/>\npuntos:<\/span><\/div>\n<div align=\"center\" class=\"MsoNormal\" style=\"margin-left: 36.0pt;text-align: center;text-indent: -18.0pt\">\n<!--[if !supportLists]-->&#8211;<span style=\"font-size: 7pt\">&nbsp;&nbsp;&nbsp;&nbsp;&nbsp;&nbsp;&nbsp;&nbsp;&nbsp;<br \/>\n<\/span><!--[endif]--><span>Rub\u00e9n Monge<\/span><\/div>\n<div align=\"center\" class=\"MsoNormal\" style=\"margin-left: 36.0pt;text-align: center;text-indent: -18.0pt\">\n<!--[if !supportLists]-->&#8211;<span style=\"font-size: 7pt\">&nbsp;&nbsp;&nbsp;&nbsp;&nbsp;&nbsp;&nbsp;&nbsp;&nbsp;<br \/>\n<\/span><!--[endif]--><span>Gracia<br \/>\nOrtiz<\/span><\/div>\n<div align=\"center\" class=\"MsoNormal\" style=\"margin-left: 36.0pt;text-align: center;text-indent: -18.0pt\">\n<span><br \/><\/span><\/div>\n<div align=\"center\" class=\"MsoNormal\" style=\"margin-left: 36.0pt;text-align: center;text-indent: -18.0pt\">\n<span><span style=\"color: #660000\"><a href=\"http:\/\/chess-results.com\/tnr89471.aspx?art=1&amp;rd=4&amp;lan=2&amp;wi=821\"><span style=\"color: #660000\"><b>INFANTIL CIUDAD REAL 2013<\/b><\/span><\/a><\/span><\/span><\/div>\n<div class=\"MsoNormal\" style=\"text-align: justify\">\n<\/div>\n<h1 style=\"text-align: center\">\n<span style=\"font-weight: normal\"><u><span style=\"color: blue\"><br \/><\/span><\/u><\/span><\/h1>\n<h1 style=\"text-align: center\">\n<u><span style=\"color: blue;font-size: large\">DEPORTE EN EDAD ESCOLAR DE TOLEDO<\/span><\/u><\/h1>\n<div align=\"center\" class=\"MsoNormal\" style=\"text-align: center\">\n<table cellpadding=\"0\" cellspacing=\"0\" class=\"tr-caption-container\" style=\"float: left;text-align: left\">\n<tbody>\n<tr>\n<td style=\"text-align: center\"><a href=\"https:\/\/www.bfv.cloud\/ajedrezeuropa\/wp-content\/uploads\/2013\/01\/fotostoledodep.edadescolar016.jpg\" style=\"clear: left;margin-bottom: 1em;margin-left: auto;margin-right: auto\"><img loading=\"lazy\" decoding=\"async\" border=\"0\" height=\"240\" src=\"https:\/\/blogger.googleusercontent.com\/img\/b\/R29vZ2xl\/AVvXsEhM5FqEoGbLktIeWqw1dW9JQMIyfDygjMEonuO9yOAtpWYnk5t5kcTFnPoCQpxn_NsYVW-4cVmUp1dnygykGbrRvJpHJD_nkWiu0200Z-OVtQ3RMvdVj0JcXLZMjx-almTZr0xqYz33XVs\/s320\/fotos+toledo+dep.+edad+escolar+016.jpg\" width=\"320\" \/><\/a><\/td>\n<\/tr>\n<tr>\n<td class=\"tr-caption\" style=\"text-align: center\">Una visi\u00f3n de las primeras mesas del Cadete de<br \/>\nToledo antes de comenzar la 3\u00aa ronda<\/td>\n<\/tr>\n<\/tbody>\n<\/table>\n<p><b style=\"color: blue;font-family: Verdana, sans-serif\"><u>Categor\u00eda Cadete y sub-16:<\/u>&nbsp;<\/b><\/div>\n<div align=\"center\" class=\"MsoBodyText\" style=\"text-align: center\">\n<span style=\"font-family: Verdana, sans-serif\">1\u00ba.- Isaac Lozano, 3 puntos.<\/span><\/div>\n<div align=\"center\" class=\"MsoBodyText\" style=\"text-align: center\">\n<span style=\"font-family: Verdana, sans-serif\">(Con el 100% de los puntos y empatado \u00fanicamente con<br \/>\nsu pr\u00f3xima rival)<\/span><\/div>\n<div align=\"center\" class=\"MsoBodyText\" style=\"text-align: center\">\n<span style=\"font-family: Verdana, sans-serif\">6\u00ba.- Silvia Toribio, 2 puntos.<\/span><\/div>\n<div align=\"center\" class=\"MsoBodyText\" style=\"text-align: center\">\n<span style=\"font-family: Verdana, sans-serif\">(En 2\u00ba lugar de la clasificaci\u00f3n femenina)<\/span><\/div>\n<div class=\"MsoBodyText\" style=\"margin-left: 36.0pt;text-indent: -18.0pt\">\n<!--[if !supportLists]--><span style=\"font-family: Verdana, sans-serif\">&#8211;<span style=\"font-size: 7pt\">&nbsp;&nbsp;&nbsp;&nbsp;&nbsp;&nbsp;&nbsp;&nbsp;&nbsp;<br \/>\n<\/span><!--[endif]-->Con 1 punto,<br \/>\nclasificados del puesto 11\u00ba al 18\u00ba:<\/span><\/div>\n<div align=\"center\" class=\"MsoBodyText\" style=\"margin-left: 36.0pt;text-align: center;text-indent: -18.0pt\">\n<!--[if !supportLists]--><span style=\"font-family: Verdana, sans-serif\">&#8211;<span style=\"font-size: 7pt\">&nbsp;&nbsp;&nbsp;&nbsp;&nbsp;&nbsp;&nbsp;&nbsp;&nbsp;<br \/>\n<\/span><!--[endif]-->Jos\u00e9 Luis D\u00edaz<\/span><\/div>\n<div align=\"center\" class=\"MsoBodyText\" style=\"margin-left: 36.0pt;text-align: center;text-indent: -18.0pt\">\n<!--[if !supportLists]--><span style=\"font-family: Verdana, sans-serif\">&#8211;<span style=\"font-size: 7pt\">&nbsp;&nbsp;&nbsp;&nbsp;&nbsp;&nbsp;&nbsp;&nbsp;&nbsp;<br \/>\n<\/span><!--[endif]-->Ra\u00fal D\u00edaz<\/span><\/div>\n<div align=\"center\" class=\"MsoBodyText\" style=\"margin-left: 36.0pt;text-align: center;text-indent: -18.0pt\">\n<span style=\"font-family: Verdana, sans-serif\"><br \/><\/span><\/div>\n<div align=\"center\" class=\"MsoBodyText\" style=\"margin-left: 36.0pt;text-align: center;text-indent: -18.0pt\">\n<span style=\"font-family: Verdana, sans-serif\"><a href=\"http:\/\/chess-results.com\/tnr90013.aspx?art=1&amp;rd=3&amp;lan=2&amp;wi=821\"><span style=\"color: #38761d\"><b>CLASIFICACI\u00d3N CADETE TOLEDO 2013<\/b><\/span><\/a><\/span><\/div>\n<div class=\"MsoBodyText\">\n<\/div>\n<div class=\"MsoBodyText\">\n<span style=\"font-family: Verdana, sans-serif\"><u><span style=\"color: blue\"><b>Categor\u00eda Infantil<\/b><\/span><\/u><u><span style=\"color: blue\"><b><br \/>\n<\/b><\/span>(A partir del 16 de febrero, cuando se publiquen las listas de federados,<br \/>\ntambi\u00e9n se indicar\u00e1 su clasificaci\u00f3n por edades):<\/u><\/span><\/div>\n<div align=\"center\" class=\"MsoBodyText\" style=\"text-align: center\">\n<span style=\"font-family: Verdana, sans-serif\">1\u00ba.- Irene Sim\u00f3n, 3 puntos.<\/span><\/div>\n<table cellpadding=\"0\" cellspacing=\"0\" class=\"tr-caption-container\" style=\"float: right;margin-left: 1em;text-align: right\">\n<tbody>\n<tr>\n<td style=\"text-align: center\"><a href=\"https:\/\/www.bfv.cloud\/ajedrezeuropa\/wp-content\/uploads\/2013\/01\/fotostoledodep.edadescolar009.jpg\" style=\"clear: right;margin-bottom: 1em;margin-left: auto;margin-right: auto\"><img loading=\"lazy\" decoding=\"async\" border=\"0\" height=\"240\" src=\"https:\/\/blogger.googleusercontent.com\/img\/b\/R29vZ2xl\/AVvXsEi-vcI-905lVNFnXv1fWK6uZR1mIbtp1KpvNKsFzeTZrIMeMf7CdJ4hCQuZzxKKnhXR2AkQJJXPGZorDZEBhCicgCJ4QHiyg0zL-c5x3-0cn3Xw5UGtXtA97JZrvHZJUTNnuGPKkSWdIwY\/s320\/fotos+toledo+dep.+edad+escolar+009.jpg\" width=\"320\" \/><\/a><\/td>\n<\/tr>\n<tr>\n<td class=\"tr-caption\" style=\"text-align: center\">Luz Mar\u00eda disputa una de las partidas del Infantil<\/td>\n<\/tr>\n<\/tbody>\n<\/table>\n<div align=\"center\" class=\"MsoBodyText\" style=\"text-align: center\">\n<span style=\"font-family: Verdana, sans-serif\">(Ha conseguido todos los puntos disputados junto a<br \/>\notros 6 participantes)<\/span><\/div>\n<div align=\"center\" class=\"MsoBodyText\" style=\"text-align: center\">\n<span style=\"font-family: Verdana, sans-serif\">10\u00ba.- Iv\u00e1n Valencia, 2,5 puntos.<\/span><\/div>\n<div align=\"center\" class=\"MsoBodyText\" style=\"text-align: center\">\n<span style=\"font-family: Verdana, sans-serif\">24\u00ba.- Alba P\u00edriz, 2 puntos.<\/span><\/div>\n<div align=\"center\" class=\"MsoBodyText\" style=\"text-align: center\">\n<span style=\"font-family: Verdana, sans-serif\">(3\u00aa clasificada femenina)<\/span><\/div>\n<div align=\"center\" class=\"MsoBodyText\" style=\"text-align: center\">\n<span style=\"font-family: Verdana, sans-serif\">39\u00ba.- Mar\u00eda Oliver, 1,5 puntos.<\/span><\/div>\n<div align=\"center\" class=\"MsoBodyText\" style=\"text-align: center\">\n<span style=\"font-family: Verdana, sans-serif\">55\u00ba.- Jes\u00fas Romo, 1 punto.<\/span><\/div>\n<div align=\"center\" class=\"MsoBodyText\" style=\"text-align: center\">\n<span style=\"font-family: Verdana, sans-serif\">62\u00ba.- Pablo Aguilar, 1 punto.<\/span><\/div>\n<div align=\"center\" class=\"MsoBodyText\" style=\"text-align: center\">\n<span style=\"font-family: Verdana, sans-serif\">68\u00ba.- \u00d3scar Roncero. \u00bd punto.<\/span><\/div>\n<div align=\"center\" class=\"MsoBodyText\" style=\"text-align: center\">\n<span style=\"font-family: Verdana, sans-serif\">A\u00fan sin puntuar en su primera participaci\u00f3n:<\/span><\/div>\n<div align=\"center\" class=\"MsoBodyText\" style=\"text-align: center\">\n<span style=\"font-family: Verdana, sans-serif\">Luz Mar\u00eda Lozano y H\u00e9ctor Nieves<\/span><\/div>\n<div align=\"center\" class=\"MsoBodyText\" style=\"text-align: center\">\n<\/div>\n<div align=\"center\" class=\"MsoBodyText\" style=\"text-align: center\">\n<a href=\"http:\/\/chess-results.com\/tnr90012.aspx?art=1&amp;rd=3&amp;lan=2&amp;wi=821\"><span style=\"color: #38761d;font-family: Verdana, sans-serif\"><b>CLASIFICACI\u00d3N INFANTIL TOLEDO 2013<\/b><\/span><\/a><\/div>\n<h2>\n<\/h2>\n<h2>\n<div style=\"text-align: center\">\n<b style=\"font-family: 'Trebuchet MS', sans-serif;font-size: 16pt\"><u><span style=\"color: #274e13\">EL PROVINCIAL SUB-18 DE<br \/>\nTOLEDO<\/span><\/u><\/b><\/div>\n<p><span style=\"color: #274e13;font-family: Trebuchet MS, sans-serif\"><\/p>\n<div style=\"text-align: center\">\n<b style=\"font-size: 16pt\"><u>YA EN MARCHA<\/u><\/b><\/div>\n<p><\/span><\/h2>\n<table cellpadding=\"0\" cellspacing=\"0\" class=\"tr-caption-container\" style=\"float: left;margin-right: 1em;text-align: left\">\n<tbody>\n<tr>\n<td style=\"text-align: center\"><a href=\"https:\/\/www.bfv.cloud\/ajedrezeuropa\/wp-content\/uploads\/2013\/01\/fotostoledodep.edadescolar013.jpg\" style=\"clear: left;margin-bottom: 1em;margin-left: auto;margin-right: auto\"><img loading=\"lazy\" decoding=\"async\" border=\"0\" height=\"300\" src=\"https:\/\/blogger.googleusercontent.com\/img\/b\/R29vZ2xl\/AVvXsEjTMa64KirFdKVvJsUHxrLFoeK_IXBsX7I0hHHDgbbZH4kHn5Mb2KuNT4088GWN4Zdr0CmZ9TLK1sswha7tJ-H6CCCh1W8-jYGsLLZcRm5uQ6XNnf8DDSv1hZy2xgd4ulU29TlJRUpBcY4\/s400\/fotos+toledo+dep.+edad+escolar+013.jpg\" width=\"400\" \/><\/a><\/td>\n<\/tr>\n<tr>\n<td class=\"tr-caption\" style=\"text-align: center\">A la derecha, Daniel P\u00edriz y Jorge Sim\u00f3n en la partida inicial<br \/>\ndel sub-18 de Toledo<\/td>\n<\/tr>\n<\/tbody>\n<\/table>\n<div align=\"center\" class=\"MsoBodyText\" style=\"text-align: center\">\n<span style=\"color: #274e13;text-indent: 35.4pt\">Como<br \/>\nes tradici\u00f3n en Toledo, coincidiendo con el 2\u00ba d\u00eda de la competici\u00f3n escolar,<br \/>\nha comenzado el Campeonato Provincial sub-18 que este a\u00f1o cuenta con la<br \/>\nparticipaci\u00f3n de 10 jugadores, 4 de ellos federados por nuestros clubes. La 1\u00aa<br \/>\nronda se sald\u00f3 con las victorias de Daniel P\u00edriz y Jorge Sim\u00f3n, la derrota del<br \/>\ndebutante Rub\u00e9n Escribano y las tablas firmadas por Jes\u00fas M\u00aa Bricio. La<br \/>\norganizaci\u00f3n ha dejado para el s\u00e1bado 2 de febrero la jornada de doble ronda en<br \/>\nesta categor\u00eda, con lo que por los propios resultados y el escaso n\u00famero de<br \/>\nparticipantes, ser\u00e1 este d\u00eda el que tendr\u00e1 los enfrentamientos m\u00e1s igualados y<br \/>\nel que decidir\u00e1 buena parte de la clasificaci\u00f3n final.&nbsp;<\/span><\/div>\n<div align=\"center\" class=\"MsoBodyText\" style=\"text-align: center\">\n<span style=\"color: #274e13;text-indent: 35.4pt\"><br \/><\/span><\/div>\n<div align=\"center\" class=\"MsoBodyText\" style=\"text-align: center\">\n<span style=\"text-indent: 35.4pt\"><a href=\"http:\/\/chess-results.com\/tnr90824.aspx?art=1&amp;rd=1&amp;lan=2&amp;wi=821\"><span style=\"color: #351c75;font-family: Verdana, sans-serif\"><b>PROVINCIAL SUB-18 TOLEDO 2013<\/b><\/span><\/a><\/span><\/div>\n<div class=\"MsoBodyText\" style=\"text-indent: 35.4pt\">\n<\/div>\n","protected":false},"excerpt":{"rendered":"<p>Jes\u00fas Romo de 7 a\u00f1os en su primera partida en competici\u00f3n &nbsp; &nbsp; &nbsp; &nbsp; &nbsp;Con las rondas celebradas el s\u00e1bado y el domingo pasados en los Campeonatos en Edad Escolar de Toledo y Ciudad Real se han completado la mitad de las partidas previstas en las categor\u00edas cadetes de ambos provinciales y en la [&hellip;]<\/p>\n","protected":false},"author":1,"featured_media":478,"comment_status":"open","ping_status":"closed","sticky":false,"template":"","format":"standard","meta":{"footnotes":""},"categories":[1],"tags":[],"class_list":["post-477","post","type-post","status-publish","format-standard","has-post-thumbnail","hentry","category-noticias"],"_links":{"self":[{"href":"https:\/\/www.bfv.cloud\/ajedrezeuropa\/wp-json\/wp\/v2\/posts\/477","targetHints":{"allow":["GET"]}}],"collection":[{"href":"https:\/\/www.bfv.cloud\/ajedrezeuropa\/wp-json\/wp\/v2\/posts"}],"about":[{"href":"https:\/\/www.bfv.cloud\/ajedrezeuropa\/wp-json\/wp\/v2\/types\/post"}],"author":[{"embeddable":true,"href":"https:\/\/www.bfv.cloud\/ajedrezeuropa\/wp-json\/wp\/v2\/users\/1"}],"replies":[{"embeddable":true,"href":"https:\/\/www.bfv.cloud\/ajedrezeuropa\/wp-json\/wp\/v2\/comments?post=477"}],"version-history":[{"count":1,"href":"https:\/\/www.bfv.cloud\/ajedrezeuropa\/wp-json\/wp\/v2\/posts\/477\/revisions"}],"predecessor-version":[{"id":485,"href":"https:\/\/www.bfv.cloud\/ajedrezeuropa\/wp-json\/wp\/v2\/posts\/477\/revisions\/485"}],"wp:featuredmedia":[{"embeddable":true,"href":"https:\/\/www.bfv.cloud\/ajedrezeuropa\/wp-json\/wp\/v2\/media\/478"}],"wp:attachment":[{"href":"https:\/\/www.bfv.cloud\/ajedrezeuropa\/wp-json\/wp\/v2\/media?parent=477"}],"wp:term":[{"taxonomy":"category","embeddable":true,"href":"https:\/\/www.bfv.cloud\/ajedrezeuropa\/wp-json\/wp\/v2\/categories?post=477"},{"taxonomy":"post_tag","embeddable":true,"href":"https:\/\/www.bfv.cloud\/ajedrezeuropa\/wp-json\/wp\/v2\/tags?post=477"}],"curies":[{"name":"wp","href":"https:\/\/api.w.org\/{rel}","templated":true}]}}