{"id":489,"date":"2017-01-30T08:24:00","date_gmt":"2017-01-30T08:24:00","guid":{"rendered":"https:\/\/www.bfv.cloud\/ajedrezeuropa\/index.php\/2017\/01\/30\/nuestro-calendario-de-competiciones-y-cursos-enero-abril-2017\/"},"modified":"2025-11-20T10:18:22","modified_gmt":"2025-11-20T10:18:22","slug":"nuestro-calendario-de-competiciones-y-cursos-enero-abril-2017","status":"publish","type":"post","link":"https:\/\/www.bfv.cloud\/ajedrezeuropa\/nuestro-calendario-de-competiciones-y-cursos-enero-abril-2017\/","title":{"rendered":"NUESTRO CALENDARIO DE COMPETICIONES Y CURSOS ENERO\/ABRIL 2017"},"content":{"rendered":"<div class=\"separator\" style=\"clear: both;text-align: center\">\n<\/div>\n<div class=\"separator\" style=\"clear: both;text-align: center\">\n<\/div>\n<div class=\"separator\" style=\"clear: both;text-align: center\">\n<a href=\"https:\/\/www.bfv.cloud\/ajedrezeuropa\/wp-content\/uploads\/2017\/01\/0001.jpg\" style=\"margin-left: 1em;margin-right: 1em\"><img fetchpriority=\"high\" decoding=\"async\" border=\"0\" height=\"640\" src=\"https:\/\/blogger.googleusercontent.com\/img\/b\/R29vZ2xl\/AVvXsEi_jd_Z94ERa9jgVQU_ToLkYhuJaiuV7BgbjYArEe_rtSREszZ5DK-uFO_Ios7itIuUsDREF4FFLT5RhS1p9_gkw5cLv23ncrsELZFXsXyDgO0yqxXtIrCDV7qXytoouoNtWmXNc5PZEHo\/s640\/0001.jpg\" width=\"628\" \/><\/a><\/div>\n<p><span style=\"font-family: Verdana, sans-serif;font-size: large\"><b>Publicamos el calendario de competiciones y cursos especiales para el periodo comprendido entre enero y abril de 2017. La programaci\u00f3n recoge los campeonatos en los que alumn@s y equipos de nuestras escuelas y clubes estar\u00e1n participando, as\u00ed como los cursos especiales que estamos organizando y que ya tienen las fechas confirmadas. No est\u00e1n incluidos otros campeonatos como los provinciales para jugadores de las categor\u00edas absoluta, femenina y veterana de Ciudad Real y Toledo.<\/b><\/span><\/p>\n","protected":false},"excerpt":{"rendered":"<p>Publicamos el calendario de competiciones y cursos especiales para el periodo comprendido entre enero y abril de 2017. La programaci\u00f3n recoge los campeonatos en los que alumn@s y equipos de nuestras escuelas y clubes estar\u00e1n participando, as\u00ed como los cursos especiales que estamos organizando y que ya tienen las fechas confirmadas. No est\u00e1n incluidos otros [&hellip;]<\/p>\n","protected":false},"author":1,"featured_media":490,"comment_status":"open","ping_status":"closed","sticky":false,"template":"","format":"standard","meta":{"footnotes":""},"categories":[1],"tags":[],"class_list":["post-489","post","type-post","status-publish","format-standard","has-post-thumbnail","hentry","category-noticias"],"_links":{"self":[{"href":"https:\/\/www.bfv.cloud\/ajedrezeuropa\/wp-json\/wp\/v2\/posts\/489","targetHints":{"allow":["GET"]}}],"collection":[{"href":"https:\/\/www.bfv.cloud\/ajedrezeuropa\/wp-json\/wp\/v2\/posts"}],"about":[{"href":"https:\/\/www.bfv.cloud\/ajedrezeuropa\/wp-json\/wp\/v2\/types\/post"}],"author":[{"embeddable":true,"href":"https:\/\/www.bfv.cloud\/ajedrezeuropa\/wp-json\/wp\/v2\/users\/1"}],"replies":[{"embeddable":true,"href":"https:\/\/www.bfv.cloud\/ajedrezeuropa\/wp-json\/wp\/v2\/comments?post=489"}],"version-history":[{"count":1,"href":"https:\/\/www.bfv.cloud\/ajedrezeuropa\/wp-json\/wp\/v2\/posts\/489\/revisions"}],"predecessor-version":[{"id":491,"href":"https:\/\/www.bfv.cloud\/ajedrezeuropa\/wp-json\/wp\/v2\/posts\/489\/revisions\/491"}],"wp:featuredmedia":[{"embeddable":true,"href":"https:\/\/www.bfv.cloud\/ajedrezeuropa\/wp-json\/wp\/v2\/media\/490"}],"wp:attachment":[{"href":"https:\/\/www.bfv.cloud\/ajedrezeuropa\/wp-json\/wp\/v2\/media?parent=489"}],"wp:term":[{"taxonomy":"category","embeddable":true,"href":"https:\/\/www.bfv.cloud\/ajedrezeuropa\/wp-json\/wp\/v2\/categories?post=489"},{"taxonomy":"post_tag","embeddable":true,"href":"https:\/\/www.bfv.cloud\/ajedrezeuropa\/wp-json\/wp\/v2\/tags?post=489"}],"curies":[{"name":"wp","href":"https:\/\/api.w.org\/{rel}","templated":true}]}}