{"id":492,"date":"2010-08-13T10:34:00","date_gmt":"2010-08-13T10:34:00","guid":{"rendered":"https:\/\/www.bfv.cloud\/ajedrezeuropa\/index.php\/2010\/08\/13\/proximos-torneos-en-villafranca\/"},"modified":"2025-11-20T10:18:25","modified_gmt":"2025-11-20T10:18:25","slug":"proximos-torneos-en-villafranca","status":"publish","type":"post","link":"https:\/\/www.bfv.cloud\/ajedrezeuropa\/proximos-torneos-en-villafranca\/","title":{"rendered":"PR\u00d3XIMOS TORNEOS EN VILLAFRANCA"},"content":{"rendered":"<div class=\"separator\" style=\"border-bottom: medium none;border-left: medium none;border-right: medium none;border-top: medium none;clear: both;text-align: center\"><a href=\"https:\/\/www.bfv.cloud\/ajedrezeuropa\/wp-content\/uploads\/2010\/08\/carteldeltorneodevillafranca.jpg\" style=\"clear: left;float: left;margin-bottom: 1em;margin-right: 1em\"><img decoding=\"async\" border=\"0\" src=\"https:\/\/blogger.googleusercontent.com\/img\/b\/R29vZ2xl\/AVvXsEi1u7Tc-MshhhvgkiSFS3YLCz_ZVHSj-fb-j1BtJD3bxScZpEAbhMPju-w3otEhl17PSzhwTRDD58zp19GH_GtkYdP0IXUCebjNPiZ2bJ30KljVEpbUeOFknN1yvInqZ-EwitwYXGVfSrw\/s320\/cartel+del+torneo+de+villafranca.JPG\" \/><\/a><\/div>\n<p><span style=\", serif\">El s\u00e1bado, 18 de septiembre, se celebrar\u00e1 la decimocuarta edici\u00f3n del torneo de ferias de Villafranca en el sal\u00f3n de actos de la Casa de la Cultura. 19 son los trofeos que este a\u00f1o se est\u00e1n preparando para entregar a los premiados en las distintas categor\u00edas. En el cartel de este a\u00f1o se pueden leer m\u00e1s detalles. Para inscripciones escribir a la direcci\u00f3n de correo: <a href=\"mailto:felixtoribio@nuestroajedrezeneuropa.com\">felixtoribio@nuestroajedrezeneuropa.com<\/a><\/span><\/p>\n<div class=\"separator\" style=\"border-bottom: medium none;border-left: medium none;border-right: medium none;border-top: medium none;clear: both;text-align: center\">\n<\/div>\n<div class=\"separator\" style=\"border-bottom: medium none;border-left: medium none;border-right: medium none;border-top: medium none;clear: both;text-align: center\"><a href=\"https:\/\/www.bfv.cloud\/ajedrezeuropa\/wp-content\/uploads\/2010\/08\/CARTELDELTORNEODELOSNIA\u0091OS.jpg\" style=\"clear: right;float: right;margin-bottom: 1em;margin-left: 1em\"><img decoding=\"async\" border=\"0\" src=\"https:\/\/www.bfv.cloud\/ajedrezeuropa\/wp-content\/uploads\/2010\/08\/CARTELDELTORNEODELOSNIC391OS.jpg\" \/><\/a><span style=\", serif\">En la tarde del pr\u00f3ximo 28 de agosto, en la sede del ajedrez de Villafranca, se disputar\u00e1 el octavo torneo de ajedrez para ni\u00f1os que celebramos&nbsp;bajo el patrocinio del club de Villafranca. Este torneo est\u00e1 orientado a la participaci\u00f3n de los chicos y chicas que han&nbsp;asistido a&nbsp;la escuela de verano y quiere ser la puerta de inicio en la competici\u00f3n de nuestros m\u00e1s peque\u00f1os.<\/span><\/div>\n<div class=\"separator\" style=\"border-bottom: medium none;border-left: medium none;border-right: medium none;border-top: medium none;clear: both;text-align: center\">\n<\/div>\n","protected":false},"excerpt":{"rendered":"<p>El s\u00e1bado, 18 de septiembre, se celebrar\u00e1 la decimocuarta edici\u00f3n del torneo de ferias de Villafranca en el sal\u00f3n de actos de la Casa de la Cultura. 19 son los trofeos que este a\u00f1o se est\u00e1n preparando para entregar a los premiados en las distintas categor\u00edas. En el cartel de este a\u00f1o se pueden leer [&hellip;]<\/p>\n","protected":false},"author":1,"featured_media":493,"comment_status":"open","ping_status":"closed","sticky":false,"template":"","format":"standard","meta":{"footnotes":""},"categories":[1],"tags":[],"class_list":["post-492","post","type-post","status-publish","format-standard","has-post-thumbnail","hentry","category-noticias"],"_links":{"self":[{"href":"https:\/\/www.bfv.cloud\/ajedrezeuropa\/wp-json\/wp\/v2\/posts\/492","targetHints":{"allow":["GET"]}}],"collection":[{"href":"https:\/\/www.bfv.cloud\/ajedrezeuropa\/wp-json\/wp\/v2\/posts"}],"about":[{"href":"https:\/\/www.bfv.cloud\/ajedrezeuropa\/wp-json\/wp\/v2\/types\/post"}],"author":[{"embeddable":true,"href":"https:\/\/www.bfv.cloud\/ajedrezeuropa\/wp-json\/wp\/v2\/users\/1"}],"replies":[{"embeddable":true,"href":"https:\/\/www.bfv.cloud\/ajedrezeuropa\/wp-json\/wp\/v2\/comments?post=492"}],"version-history":[{"count":1,"href":"https:\/\/www.bfv.cloud\/ajedrezeuropa\/wp-json\/wp\/v2\/posts\/492\/revisions"}],"predecessor-version":[{"id":496,"href":"https:\/\/www.bfv.cloud\/ajedrezeuropa\/wp-json\/wp\/v2\/posts\/492\/revisions\/496"}],"wp:featuredmedia":[{"embeddable":true,"href":"https:\/\/www.bfv.cloud\/ajedrezeuropa\/wp-json\/wp\/v2\/media\/493"}],"wp:attachment":[{"href":"https:\/\/www.bfv.cloud\/ajedrezeuropa\/wp-json\/wp\/v2\/media?parent=492"}],"wp:term":[{"taxonomy":"category","embeddable":true,"href":"https:\/\/www.bfv.cloud\/ajedrezeuropa\/wp-json\/wp\/v2\/categories?post=492"},{"taxonomy":"post_tag","embeddable":true,"href":"https:\/\/www.bfv.cloud\/ajedrezeuropa\/wp-json\/wp\/v2\/tags?post=492"}],"curies":[{"name":"wp","href":"https:\/\/api.w.org\/{rel}","templated":true}]}}