{"id":497,"date":"2018-12-04T20:11:00","date_gmt":"2018-12-04T20:11:00","guid":{"rendered":"https:\/\/www.bfv.cloud\/ajedrezeuropa\/index.php\/2018\/12\/04\/nuestro-ajedrez-en-europa-en-la-xi-copa-de-espana-por-equipos\/"},"modified":"2025-11-20T10:18:28","modified_gmt":"2025-11-20T10:18:28","slug":"nuestro-ajedrez-en-europa-en-la-xi-copa-de-espana-por-equipos","status":"publish","type":"post","link":"https:\/\/www.bfv.cloud\/ajedrezeuropa\/nuestro-ajedrez-en-europa-en-la-xi-copa-de-espana-por-equipos\/","title":{"rendered":"NUESTRO AJEDREZ EN EUROPA EN LA XI COPA DE ESPA\u00d1A POR EQUIPOS"},"content":{"rendered":"<div class=\"separator\" style=\"clear: both;text-align: center\">\n<a href=\"https:\/\/www.bfv.cloud\/ajedrezeuropa\/wp-content\/uploads\/2018\/12\/CARTELXICOPAESPA25C32591AEQUIPOS.jpg\" style=\"clear: left;float: left;margin-bottom: 1em;margin-right: 1em\"><img fetchpriority=\"high\" decoding=\"async\" border=\"0\" data-original-height=\"818\" data-original-width=\"734\" height=\"400\" src=\"https:\/\/blogger.googleusercontent.com\/img\/b\/R29vZ2xl\/AVvXsEgNvX2DbyBvpelgA-0JB2Sg0wakngHjX5Y-D1Q6mgPK3IQERbkwUfcJMqFw3_3kLNTixXSFfnR284ZGe3Ru5V70YfHpEfRKQm7e51GwYitupIZYxWHY1SK0KuEz0WZ07mkI8U8weNF-YmE\/s400\/CARTEL+XI+COPA+ESPA%25C3%2591A+EQUIPOS.jpg\" width=\"356\" \/><\/a><\/div>\n<p><\/p>\n<div class=\"MsoPlainText\">\n<span style=\", sans-serif;font-size: large\"><b>Del 6 al 9 de diciembre se celebrar\u00e1 en Benidorm la 11\u00aa<br \/>\nedici\u00f3n de la Copa de Espa\u00f1a por equipos en las categor\u00edas juvenil (sub-18) e<br \/>\ninfantil (sub-12). El proyecto <span style=\"color: #20124d\">Nuestro Ajedrez en Europa<\/span> estar\u00e1 representado por 2<br \/>\nequipos juveniles y un tercero en el infantil. En total 15 chicos y chicas de<br \/>\nlas escuelas de ajedrez de <span style=\"color: #660000\">Alc\u00e1zar de San Juan y Villafranca de los Caballeros<\/span><br \/>\nque estar\u00e1n acompa\u00f1ados por el GM <span style=\"color: #0c343d\">Herminio Herr\u00e1iz<\/span> y por <span style=\"color: #0c343d\">Silvia Toribio<\/span> como<br \/>\nentrenadores.<\/b><\/span><\/div>\n<div class=\"MsoPlainText\">\n<span style=\", sans-serif;font-size: large\"><b>La Copa de Espa\u00f1a de este a\u00f1o se presenta con una<br \/>\nparticipaci\u00f3n r\u00e9cord: 42 equipos en categor\u00eda juvenil y 29 en infantil. En<br \/>\ntotal 71 formaciones con m\u00e1s de 300 ajedrecistas con presencia de casi todas las<br \/>\ncomunidades aut\u00f3nomas.<\/b><\/span><\/div>\n<div class=\"MsoPlainText\">\n<span style=\", sans-serif;font-size: large\"><b>El sub-18 de <span style=\"color: #660000\">Nuestro Ajedrez en Europa<\/span> estar\u00e1 formado<br \/>\npor: <span style=\"color: #20124d\">\u00c1lvaro Moreno Mart\u00edn-Viveros, Adrian Alonso L\u00e1zaro, Roberto L\u00f3pez N\u00fa\u00f1ez,<br \/>\nAlfredo Amador And\u00fajar, Irene Sim\u00f3n Escalona y Roberto Yeghiazaryan Petrosyan<\/span>.<br \/>\nSer\u00e1 la d\u00e9cima ocasi\u00f3n consecutiva en la que el club manchego participar\u00e1 en la<br \/>\nm\u00e1xima competici\u00f3n nacional juvenil por equipos. En todas ellas se situ\u00f3 entre los<br \/>\n15 mejores de Espa\u00f1a, con diferentes generaciones, pero con la constante del esfuerzo y<br \/>\ndedicaci\u00f3n que han hecho posible mantenerse entre la \u00e9lite nacional durante<\/p>\n<table cellpadding=\"0\" cellspacing=\"0\" class=\"tr-caption-container\" style=\"float: right;margin-left: 1em;text-align: right\">\n<tbody>\n<tr>\n<td style=\"text-align: center\"><a href=\"https:\/\/www.bfv.cloud\/ajedrezeuropa\/wp-content\/uploads\/2018\/12\/EQUIPOSS18S12YMONITORES.jpg\" style=\"clear: right;margin-bottom: 1em;margin-left: auto;margin-right: auto\"><img decoding=\"async\" border=\"0\" data-original-height=\"506\" data-original-width=\"814\" height=\"245\" src=\"https:\/\/blogger.googleusercontent.com\/img\/b\/R29vZ2xl\/AVvXsEgTKJ7Y3TUj9Fqi1x7dgMlVEqlqt1xCXvROTdwUJom6fVmIlq-Ve_rg0lvWsV9BRhDgPECGgEj33rp8xXXyA0ZtXQt3y26ZbGGACW8vnYlX68em5df1XGtKmNyZ7RNpq2nxh_ZcFtzNAd4\/s400\/EQUIPOS+S18+S12+Y+MONITORES.jpg\" width=\"400\" \/><\/a><\/td>\n<\/tr>\n<tr>\n<td class=\"tr-caption\" style=\"text-align: center\">Foto de los componentes de los equipos<br \/>\nen el pasado regional sub-18 y sub-12<\/td>\n<\/tr>\n<\/tbody>\n<\/table>\n<p>una<br \/>\nd\u00e9cada.<\/b><\/span><\/div>\n<div class=\"MsoPlainText\">\n<span style=\", sans-serif;font-size: large\"><b>Tambi\u00e9n el club <span style=\"color: #660000\">Nuestro Ajedrez por la Igualdad<\/span><br \/>\npresentar\u00e1 un equipo en la categor\u00eda juvenil compuesto por:<span style=\"color: #20124d\"> Enrique Velasco<br \/>\nAragon\u00e9s, Isabel Marcos-Alberca Lizcano, Arsenio L\u00f3pez Ochoa, Adri\u00e1n Alhambra<br \/>\nRubio y Clara Vela Adri\u00e1n<\/span>. En los \u00faltimos 3 a\u00f1os, este equipo, ha estado<br \/>\npresente en esta competici\u00f3n nacional. Hoy forman un grupo con experiencia del<br \/>\nque se espera una notable mejora.<\/b><\/span><\/div>\n<table cellpadding=\"0\" cellspacing=\"0\" class=\"tr-caption-container\" style=\"float: left;margin-right: 1em;text-align: left\">\n<tbody>\n<tr>\n<td style=\"text-align: center\"><a href=\"https:\/\/www.bfv.cloud\/ajedrezeuropa\/wp-content\/uploads\/2018\/12\/IGUALDADS12.jpg\" style=\"clear: left;margin-bottom: 1em;margin-left: auto;margin-right: auto\"><img decoding=\"async\" border=\"0\" data-original-height=\"918\" data-original-width=\"1449\" height=\"252\" src=\"https:\/\/blogger.googleusercontent.com\/img\/b\/R29vZ2xl\/AVvXsEj6ekpZMwQyxUtN-rRUX-Cvgt5nXv78tBKmRzVeKIFgezckitNGczEfxgCV-iVuc73plroDVRwGAjAF_7zeXW88FmAPwPi3jME-j1rIOpli_w1gShIh1c7nBIwsZo20uc6pKdxbTnpCpn8\/s400\/IGUALDAD+S12.jpg\" width=\"400\" \/><\/a><\/td>\n<\/tr>\n<tr>\n<td class=\"tr-caption\" style=\"text-align: center\">Los 4 jugadores sub+12 que jugar\u00e1n con la Igualdad en Benidorm<\/td>\n<\/tr>\n<\/tbody>\n<\/table>\n<div class=\"MsoPlainText\">\n<span style=\", sans-serif;font-size: large\"><b>Por \u00faltimo, en la categor\u00eda sub-12, participar\u00e1 el equipo<br \/>\ninfantil de <span style=\"color: #660000\">Nuestro Ajedrez por la Igualdad<\/span> en su tercera convocatoria<br \/>\nnacional, despu\u00e9s de lograr la medalla de plata en el regional de Castilla La<br \/>\nMancha celebrado en septiembre. Este sub-12 estar\u00e1 compuesto por: <span style=\"color: #20124d\">Alonso L\u00f3pez<br \/>\nNu\u00f1ez, Carlos P\u00e9rez Manzanedo, Gabriel Amador And\u00fajar y \u00c1ngel Collado Alcolado.<\/span><\/b><\/span><\/div>\n<div class=\"MsoPlainText\">\n<span style=\", sans-serif;font-size: large\"><b>\u00a1Buena suerte y feliz experiencia para todos! <\/b><\/span><\/div>\n<p><\/p>\n","protected":false},"excerpt":{"rendered":"<p>Del 6 al 9 de diciembre se celebrar\u00e1 en Benidorm la 11\u00aa edici\u00f3n de la Copa de Espa\u00f1a por equipos en las categor\u00edas juvenil (sub-18) e infantil (sub-12). El proyecto Nuestro Ajedrez en Europa estar\u00e1 representado por 2 equipos juveniles y un tercero en el infantil. En total 15 chicos y chicas de las escuelas [&hellip;]<\/p>\n","protected":false},"author":1,"featured_media":498,"comment_status":"open","ping_status":"closed","sticky":false,"template":"","format":"standard","meta":{"footnotes":""},"categories":[1],"tags":[],"class_list":["post-497","post","type-post","status-publish","format-standard","has-post-thumbnail","hentry","category-noticias"],"_links":{"self":[{"href":"https:\/\/www.bfv.cloud\/ajedrezeuropa\/wp-json\/wp\/v2\/posts\/497","targetHints":{"allow":["GET"]}}],"collection":[{"href":"https:\/\/www.bfv.cloud\/ajedrezeuropa\/wp-json\/wp\/v2\/posts"}],"about":[{"href":"https:\/\/www.bfv.cloud\/ajedrezeuropa\/wp-json\/wp\/v2\/types\/post"}],"author":[{"embeddable":true,"href":"https:\/\/www.bfv.cloud\/ajedrezeuropa\/wp-json\/wp\/v2\/users\/1"}],"replies":[{"embeddable":true,"href":"https:\/\/www.bfv.cloud\/ajedrezeuropa\/wp-json\/wp\/v2\/comments?post=497"}],"version-history":[{"count":1,"href":"https:\/\/www.bfv.cloud\/ajedrezeuropa\/wp-json\/wp\/v2\/posts\/497\/revisions"}],"predecessor-version":[{"id":501,"href":"https:\/\/www.bfv.cloud\/ajedrezeuropa\/wp-json\/wp\/v2\/posts\/497\/revisions\/501"}],"wp:featuredmedia":[{"embeddable":true,"href":"https:\/\/www.bfv.cloud\/ajedrezeuropa\/wp-json\/wp\/v2\/media\/498"}],"wp:attachment":[{"href":"https:\/\/www.bfv.cloud\/ajedrezeuropa\/wp-json\/wp\/v2\/media?parent=497"}],"wp:term":[{"taxonomy":"category","embeddable":true,"href":"https:\/\/www.bfv.cloud\/ajedrezeuropa\/wp-json\/wp\/v2\/categories?post=497"},{"taxonomy":"post_tag","embeddable":true,"href":"https:\/\/www.bfv.cloud\/ajedrezeuropa\/wp-json\/wp\/v2\/tags?post=497"}],"curies":[{"name":"wp","href":"https:\/\/api.w.org\/{rel}","templated":true}]}}