{"id":502,"date":"2014-06-09T23:08:00","date_gmt":"2014-06-09T23:08:00","guid":{"rendered":"https:\/\/www.bfv.cloud\/ajedrezeuropa\/index.php\/2014\/06\/09\/la-simultanea-del-cp-juan-de-austria-reune-a-35-ajedrecistas-menores-de-18-anos\/"},"modified":"2025-11-20T10:18:36","modified_gmt":"2025-11-20T10:18:36","slug":"la-simultanea-del-cp-juan-de-austria-reune-a-35-ajedrecistas-menores-de-18-anos","status":"publish","type":"post","link":"https:\/\/www.bfv.cloud\/ajedrezeuropa\/la-simultanea-del-cp-juan-de-austria-reune-a-35-ajedrecistas-menores-de-18-anos\/","title":{"rendered":"LA SIMULT\u00c1NEA DEL CP JUAN DE AUSTRIA RE\u00daNE A 35 AJEDRECISTAS MENORES DE 18 A\u00d1OS."},"content":{"rendered":"<div class=\"separator\" style=\"clear: both;text-align: center\">\n<a href=\"https:\/\/www.bfv.cloud\/ajedrezeuropa\/wp-content\/uploads\/2014\/06\/SAM_0504.jpg\" style=\"margin-left: 1em;margin-right: 1em\"><img fetchpriority=\"high\" decoding=\"async\" border=\"0\" src=\"https:\/\/www.bfv.cloud\/ajedrezeuropa\/wp-content\/uploads\/2014\/06\/SAM_0504.jpg\" height=\"116\" width=\"640\" \/><\/a><\/div>\n<h4>\n<span style=\"font-family: Courier New, Courier, monospace\"><u>\u00c9xito de la 8\u00aa \u00abSimult\u00e1nea del Colegio Juan de Austria\u00bb<\/u><\/span><\/h4>\n<div class=\"separator\" style=\"clear: both;text-align: center\">\n<a href=\"https:\/\/www.bfv.cloud\/ajedrezeuropa\/wp-content\/uploads\/2014\/06\/SAM_0494.jpg\" style=\"clear: right;float: right;margin-bottom: 1em;margin-left: 1em\"><img decoding=\"async\" border=\"0\" src=\"https:\/\/www.bfv.cloud\/ajedrezeuropa\/wp-content\/uploads\/2014\/06\/SAM_0494.jpg\" height=\"300\" width=\"400\" \/><\/a><\/div>\n<p><a href=\"https:\/\/www.bfv.cloud\/ajedrezeuropa\/wp-content\/uploads\/2014\/06\/SAM_0488.jpg\" style=\"clear: left;float: left;margin-bottom: 1em;margin-right: 1em\"><img decoding=\"async\" border=\"0\" src=\"https:\/\/www.bfv.cloud\/ajedrezeuropa\/wp-content\/uploads\/2014\/06\/SAM_0488.jpg\" height=\"300\" width=\"400\" \/><\/a><span style=\"font-family: Courier New, Courier, monospace\">El pasado domingo, por la ma\u00f1ana, m\u00e1s de 50 personas se congregaban en la entrada del CP \u00abJuan de Austria\u00bb para participar en una nueva edici\u00f3n de la Simult\u00e1nea de fin de curso. 4 chicos y 3 chicas de la EDM de ajedrez de Alc\u00e1zar de San Juan fueron los encargados de enfrentarse a los 28 ni\u00f1os, menores de 16 a\u00f1os, que llenaron todo el espacio destinado a las partidas. Esta afluencia de j\u00f3venes y peque\u00f1os jugadores ha sido la m\u00e1s numerosa de todas las ediciones celebradas y resume un a\u00f1o de amplio crecimiento de la pr\u00e1ctica del \u00abdeporte de la mente\u00bb en la propia escuela municipal de ajedrez y en distintos colegios alcazare\u00f1os.<\/span><br \/>\n<span style=\"font-family: Courier New, Courier, monospace\">Como siempre, la actividad estuvo planteada desde el punto de vista de la aportaci\u00f3n de ingredientes novedosos a lo que es una simult\u00e1nea tradicional.&nbsp;<\/span><br \/>\n<span style=\"font-family: Courier New, Courier, monospace\">Javier Valdepe\u00f1as, Silvia Toribio, Julio M\u00e9rida, Marta Espinosa,Leo de Giorgi, Nuria Lozano y Enrique Velasco, se enfrentaron a 4 rivales a la vez, con la dificultad a\u00f1adida de un tiempo limitado por un reloj de ajedrez.&nbsp;<\/span><span style=\"font-family: 'Courier New', Courier, monospace\">&nbsp;&nbsp;<\/span><\/p>\n<h3>\n<div style=\"text-align: center\">\n<u style=\"background-color: white\"><span style=\"color: #38761d\"><br \/><\/span><\/u><br \/>\n<u style=\"background-color: white\"><span style=\"color: #38761d\">EL INTER\u00c9S DE LOS PADRES POR LAS ACTIVIDADES<\/span><\/u><\/div>\n<p><u style=\"background-color: white\"><\/p>\n<div style=\"text-align: center\">\n<u><span style=\"color: #38761d\">DEL PROYECTO<\/span><\/u><\/div>\n<table cellpadding=\"0\" cellspacing=\"0\" class=\"tr-caption-container\" style=\"float: right;margin-left: 1em;text-align: right\">\n<tbody>\n<tr>\n<td style=\"text-align: center\"><a href=\"https:\/\/www.bfv.cloud\/ajedrezeuropa\/wp-content\/uploads\/2014\/06\/SAM_0472.jpg\" style=\"clear: right;margin-bottom: 1em;margin-left: auto;margin-right: auto\"><img loading=\"lazy\" decoding=\"async\" border=\"0\" src=\"https:\/\/www.bfv.cloud\/ajedrezeuropa\/wp-content\/uploads\/2014\/06\/SAM_0472.jpg\" height=\"300\" width=\"400\" \/><\/a><\/td>\n<\/tr>\n<tr>\n<td class=\"tr-caption\" style=\"text-align: center\">El comienzo de la reuni\u00f3n en Villafranca<\/td>\n<\/tr>\n<\/tbody>\n<\/table>\n<div style=\"text-align: center\">\n<u><span style=\"color: #38761d\"><br \/><\/span><\/u><\/div>\n<p><\/u><\/h3>\n<div class=\"MsoTitle\">\n<span style=\"background-color: white;color: #38761d;font-family: Trebuchet MS, sans-serif\">&nbsp;<span style=\"font-size: 12pt;text-align: justify\">Las reuniones celebradas el pasado<br \/>\ns\u00e1bado para explicar la organizaci\u00f3n y los objetivos del pr\u00f3ximo campus de<br \/>\nverano, contaron con una amplia participaci\u00f3n de los padres y madres de alumnos<br \/>\nde las escuelas de ajedrez de Villafranca de los Caballeros y Alc\u00e1zar de San<br \/>\nJuan. El proyecto \u201cNUESTRO AJEDREZ EN EUROPA\u201d, junto a los ayuntamientos de<br \/>\nAlc\u00e1zar y Villafranca, organizan el CAMPUS DE PERFECCIONAMIENTO con el objetivo<br \/>\nprioritario de mejorar la formaci\u00f3n t\u00e9cnica y ampliar los conocimientos<br \/>\nte\u00f3rico\/pr\u00e1cticos de sus j\u00f3venes y peque\u00f1os aficionados. Por s\u00e9ptimo a\u00f1o<br \/>\nconsecutivo, apostamos por una actividad que es una de nuestras se\u00f1as de<br \/>\nidentidad; un campus con unas caracter\u00edsticas \u00fanicas, por su dise\u00f1o y<br \/>\ncontenidos, que marca la diferencia respecto al resto.<\/span><\/span><\/div>\n<table cellpadding=\"0\" cellspacing=\"0\" class=\"tr-caption-container\" style=\"float: left;margin-right: 1em;text-align: left\">\n<tbody>\n<tr>\n<td style=\"text-align: center\"><a href=\"https:\/\/www.bfv.cloud\/ajedrezeuropa\/wp-content\/uploads\/2014\/06\/2014-06-0713.43.00.jpg\" style=\"clear: left;margin-bottom: 1em;margin-left: auto;margin-right: auto\"><img loading=\"lazy\" decoding=\"async\" border=\"0\" src=\"https:\/\/www.bfv.cloud\/ajedrezeuropa\/wp-content\/uploads\/2014\/06\/2014-06-0713.43.00.jpg\" height=\"300\" width=\"400\" \/><\/a><\/td>\n<\/tr>\n<tr>\n<td class=\"tr-caption\" style=\"text-align: center\">Un momento del encuentro con los padres en Alc\u00e1zar<\/td>\n<\/tr>\n<\/tbody>\n<\/table>\n<div class=\"MsoTitle\" style=\"text-align: justify\">\n<span style=\"background-color: white;font-size: 12pt\"><span style=\"color: #38761d;font-family: Trebuchet MS, sans-serif\">Como entrenadores de los grupos de<br \/>\ntecnificaci\u00f3n y perfeccionamiento nos acompa\u00f1ar\u00e1n: el GM Herminio Herr\u00e1iz, el<br \/>\nMF Fernando Visier Segovia y Ana Isabel Gonz\u00e1lez Berruga. Para los grupos de<br \/>\niniciaci\u00f3n y desarrollo contaremos con los monitores: Antonio Albo, Luis Miguel<br \/>\nMonreal y Sergio Y\u00e9benes. Las clases, entrenamientos y resto de actividades del<br \/>\ncampus tendr\u00e1n lugar del lunes 28 de julio al s\u00e1bado 2 de agosto, estando<br \/>\nprevisto el acto de inauguraci\u00f3n, ese mismo lunes por la tarde, en el sal\u00f3n<br \/>\nprincipal del Centro Juvenil \u201cLa Covadonga\u201d de Alc\u00e1zar;&nbsp; quedando la clausura para la tarde del s\u00e1bado<br \/>\nen la sala de conferencias de la Casa de la Cultura de Villafranca. <\/span><\/span><\/div>\n<div class=\"MsoTitle\" style=\"text-align: justify\">\n<span style=\"background-color: white;font-size: 12pt\"><span style=\"color: #38761d;font-family: Trebuchet MS, sans-serif\">Gracias al apoyo continuado de los dos<br \/>\nayuntamientos que sustentan el proyecto, mantenemos las tasas de inscripci\u00f3n en<br \/>\nlas mismas cuant\u00edas, un a\u00f1o m\u00e1s:<\/span><\/span><\/div>\n<div class=\"MsoTitle\" style=\"text-align: justify\">\n<\/div>\n<div class=\"MsoTitle\" style=\"text-align: center\">\n<b><span style=\"background-color: white;font-size: 12pt\"><span style=\"color: #38761d;font-family: Trebuchet MS, sans-serif\">&#8211; Alumnos y alumnas de las escuelas de ajedrez de Alc\u00e1zar<br \/>\ny Villafranca: <\/span><\/span><\/b><\/div>\n<div class=\"MsoTitle\" style=\"text-align: center\">\n<b><span style=\"background-color: white;font-size: 12pt\"><span style=\"color: #38761d;font-family: Trebuchet MS, sans-serif\">75 \u20ac.<\/span><\/span><\/b><\/div>\n<div class=\"MsoTitle\" style=\"text-align: center\">\n<b><span style=\"background-color: white;font-size: 12pt\"><span style=\"color: #38761d;font-family: Trebuchet MS, sans-serif\">&nbsp;&#8211; Reserva de un<br \/>\nm\u00e1ximo de 10 plazas para chicos y chicas no pertenecientes a ninguna de las 2<br \/>\nescuelas:<\/span><\/span><\/b><\/div>\n<div class=\"MsoTitle\" style=\"text-align: center\">\n<b><span style=\"background-color: white;font-size: 12pt\"><span style=\"color: #38761d;font-family: Trebuchet MS, sans-serif\">120 \u20ac<\/span><\/span><\/b><\/div>\n<div class=\"MsoTitle\" style=\"text-align: justify\">\n<\/div>\n<div class=\"MsoTitle\" style=\"text-align: justify\">\n<span style=\"background-color: white;font-size: 12pt\"><span style=\"color: #38761d;font-family: Trebuchet MS, sans-serif\">El periodo de reserva y<br \/>\npre-inscripci\u00f3n estar\u00e1 abierto hasta el 15 de julio, pudiendo participar chicos<br \/>\ny chicas con edades comprendidas entre los 6 y los 20 a\u00f1os de edad.<\/span><\/span><\/div>\n<p><\/p>\n<div class=\"MsoTitle\" style=\"text-align: justify\">\n<span style=\"background-color: white;font-size: 12pt\"><span style=\"color: #38761d;font-family: Trebuchet MS, sans-serif\">El resto de detalles organizativos se<br \/>\npueden consultar en el tr\u00edptico que ya est\u00e1 publicado en esta p\u00e1gina.<\/span><\/span><\/div>\n<div class=\"MsoTitle\" style=\"text-align: justify\">\n<span style=\"background-color: white;font-size: 12pt\"><span style=\"color: #38761d;font-family: Trebuchet MS, sans-serif\"><br \/><\/span><\/span><\/div>\n<div class=\"MsoTitle\" style=\"text-align: center\">\n<span style=\"color: #990000;font-family: Trebuchet MS, sans-serif\"><span style=\"background-color: white\"><b><u>UNA AFICI\u00d3N PARA TODA LA VIDA<\/u><\/b><\/span><\/span><\/div>\n<div class=\"MsoTitle\" style=\"text-align: center\">\n<span style=\"color: #990000;font-family: Trebuchet MS, sans-serif\"><span style=\"background-color: white\"><b><u><br \/><\/u><\/b><\/span><\/span><\/div>\n<div class=\"MsoTitle\" style=\"text-align: center\">\n<a href=\"https:\/\/www.bfv.cloud\/ajedrezeuropa\/wp-content\/uploads\/2014\/06\/JosC3A9C381ngelVelaenGranada.jpg\" style=\"clear: left;float: left;margin-bottom: 1em;margin-right: 1em\"><img loading=\"lazy\" decoding=\"async\" border=\"0\" src=\"https:\/\/www.bfv.cloud\/ajedrezeuropa\/wp-content\/uploads\/2014\/06\/JosC3A9C381ngelVelaenGranada.jpg\" height=\"320\" width=\"214\" \/><\/a><span style=\"color: #990000;font-family: Trebuchet MS, sans-serif\"><span style=\"background-color: white\">Jos\u00e9 \u00c1ngel Vela Horcajada es uno de los antiguos alumnos de la escuela de ajedrez de Alc\u00e1zar, actualmente est\u00e1 cursando estudios universitarios en Granada y hace unos meses particip\u00f3 y venci\u00f3 en el torneo de ajedrez &nbsp;de esta universidad andaluza. Con este motivo, queremos hacer un recuerdo especial a todos los j\u00f3venes ajedrecistas de nuestras escuelas que junto a sus estudios mantienen viva su afici\u00f3n por el ajedrez, acerc\u00e1ndose a \u00e9l cuando la ocasi\u00f3n y el tiempo se lo permiten.&nbsp;<\/span><\/span><\/div>\n<p><span style=\"font-family: Courier New, Courier, monospace\"><br \/><\/span><\/p>\n","protected":false},"excerpt":{"rendered":"<p>\u00c9xito de la 8\u00aa \u00abSimult\u00e1nea del Colegio Juan de Austria\u00bb El pasado domingo, por la ma\u00f1ana, m\u00e1s de 50 personas se congregaban en la entrada del CP \u00abJuan de Austria\u00bb para participar en una nueva edici\u00f3n de la Simult\u00e1nea de fin de curso. 4 chicos y 3 chicas de la EDM de ajedrez de Alc\u00e1zar [&hellip;]<\/p>\n","protected":false},"author":1,"featured_media":503,"comment_status":"open","ping_status":"closed","sticky":false,"template":"","format":"standard","meta":{"footnotes":""},"categories":[1],"tags":[],"class_list":["post-502","post","type-post","status-publish","format-standard","has-post-thumbnail","hentry","category-noticias"],"_links":{"self":[{"href":"https:\/\/www.bfv.cloud\/ajedrezeuropa\/wp-json\/wp\/v2\/posts\/502","targetHints":{"allow":["GET"]}}],"collection":[{"href":"https:\/\/www.bfv.cloud\/ajedrezeuropa\/wp-json\/wp\/v2\/posts"}],"about":[{"href":"https:\/\/www.bfv.cloud\/ajedrezeuropa\/wp-json\/wp\/v2\/types\/post"}],"author":[{"embeddable":true,"href":"https:\/\/www.bfv.cloud\/ajedrezeuropa\/wp-json\/wp\/v2\/users\/1"}],"replies":[{"embeddable":true,"href":"https:\/\/www.bfv.cloud\/ajedrezeuropa\/wp-json\/wp\/v2\/comments?post=502"}],"version-history":[{"count":1,"href":"https:\/\/www.bfv.cloud\/ajedrezeuropa\/wp-json\/wp\/v2\/posts\/502\/revisions"}],"predecessor-version":[{"id":509,"href":"https:\/\/www.bfv.cloud\/ajedrezeuropa\/wp-json\/wp\/v2\/posts\/502\/revisions\/509"}],"wp:featuredmedia":[{"embeddable":true,"href":"https:\/\/www.bfv.cloud\/ajedrezeuropa\/wp-json\/wp\/v2\/media\/503"}],"wp:attachment":[{"href":"https:\/\/www.bfv.cloud\/ajedrezeuropa\/wp-json\/wp\/v2\/media?parent=502"}],"wp:term":[{"taxonomy":"category","embeddable":true,"href":"https:\/\/www.bfv.cloud\/ajedrezeuropa\/wp-json\/wp\/v2\/categories?post=502"},{"taxonomy":"post_tag","embeddable":true,"href":"https:\/\/www.bfv.cloud\/ajedrezeuropa\/wp-json\/wp\/v2\/tags?post=502"}],"curies":[{"name":"wp","href":"https:\/\/api.w.org\/{rel}","templated":true}]}}