{"id":510,"date":"2013-07-15T13:41:00","date_gmt":"2013-07-15T13:41:00","guid":{"rendered":"https:\/\/www.bfv.cloud\/ajedrezeuropa\/index.php\/2013\/07\/15\/comienza-el-campeonato-de-espana-sub-14-con-la-participacion-de-irene-simon-y-javier-valdepenas\/"},"modified":"2025-11-20T10:18:40","modified_gmt":"2025-11-20T10:18:40","slug":"comienza-el-campeonato-de-espana-sub-14-con-la-participacion-de-irene-simon-y-javier-valdepenas","status":"publish","type":"post","link":"https:\/\/www.bfv.cloud\/ajedrezeuropa\/comienza-el-campeonato-de-espana-sub-14-con-la-participacion-de-irene-simon-y-javier-valdepenas\/","title":{"rendered":"COMIENZA EL CAMPEONATO DE ESPA\u00d1A SUB-14 CON LA PARTICIPACI\u00d3N DE IRENE SIM\u00d3N Y JAVIER VALDEPE\u00d1AS"},"content":{"rendered":"<table cellpadding=\"0\" cellspacing=\"0\" class=\"tr-caption-container\" style=\"float: right;margin-left: 1em;text-align: right\">\n<tbody>\n<tr>\n<td style=\"text-align: center\"><a href=\"https:\/\/www.bfv.cloud\/ajedrezeuropa\/wp-content\/uploads\/2013\/07\/fotoscamp.espaC3B1asub16017.jpg\" style=\"clear: right;margin-bottom: 1em;margin-left: auto;margin-right: auto\"><img fetchpriority=\"high\" decoding=\"async\" border=\"0\" height=\"300\" src=\"https:\/\/blogger.googleusercontent.com\/img\/b\/R29vZ2xl\/AVvXsEiEs6kbh-EynjVhR666VDaPxU3qHWw20q5cmdl-uVXghZojjZIEEFsgEM3dcUhnrcA8JEBoEnVlbdg1uFyhEQThDsM1RxL7CPqrmsMQ1W7NugjWessyXUrI7ROeMpdZLBkam2Yx9VtILZc\/s400\/fotos+camp.+espa%C3%B1a+sub+16+017.jpg\" width=\"400\" \/><\/a><\/td>\n<\/tr>\n<tr>\n<td class=\"tr-caption\" style=\"text-align: center\">Javier Valdepe\u00f1as<\/td>\n<\/tr>\n<\/tbody>\n<\/table>\n<p><\/p>\n<table cellpadding=\"0\" cellspacing=\"0\" class=\"tr-caption-container\" style=\"float: right;margin-left: 1em;text-align: right\">\n<tbody>\n<tr>\n<td style=\"text-align: center\"><a href=\"https:\/\/www.bfv.cloud\/ajedrezeuropa\/wp-content\/uploads\/2013\/07\/ESCOLARTOLEDOJORNADAFINAL009.jpg\" style=\"clear: right;margin-bottom: 1em;margin-left: auto;margin-right: auto\"><img decoding=\"async\" border=\"0\" height=\"400\" src=\"https:\/\/blogger.googleusercontent.com\/img\/b\/R29vZ2xl\/AVvXsEgoIdi4cpdStvlrrB78cvscJyGQqpBfkH-4XU_5ZBsstmBuyZXHpTQ7zXMfWQ3emWtsJOozfXzqJ0t6VdgD_zmp5vCVLZEiTe8IZQXF3zppUdZ-Ei7onxvt6lGFd8qIECfLeov5zFcTKVk\/s400\/ESCOLAR+TOLEDO+JORNADA+FINAL+009.jpg\" width=\"380\" \/><\/a><\/td>\n<\/tr>\n<tr>\n<td class=\"tr-caption\" style=\"text-align: center\">Irene Sim\u00f3n<\/td>\n<\/tr>\n<\/tbody>\n<\/table>\n<div class=\"MsoBodyText\">\n<span style=\"font-family: Verdana, sans-serif\"><b>Hoy ha dado inicio el Campeonato de Espa\u00f1a sub-14 con 151<br \/>\njugadores en el ranking inicial, 122 chicos y 29 chicas, y la participaci\u00f3n de<br \/>\nJavier Valdepe\u00f1as Octavio e Irene Sim\u00f3n Escalona como actuales campeones<br \/>\nregionales de la categor\u00eda. Mientras que para Javier es la primera ocasi\u00f3n de<br \/>\njugar un nacional por edades, para Irene es su 3\u00aa oportunidad, despu\u00e9s de<br \/>\ncompetir en el sub-8 y el sub-10 en temporadas anteriores. Los dos parten de<br \/>\nposiciones medias en el listado oficial de este campeonato y sus objetivos<br \/>\npasan por mejorar este ranking, desarrollando un juego preciso y de buena<br \/>\ncalidad t\u00e9cnica. Ya en la 1\u00aa ronda, ante rivales te\u00f3ricamente superiores,<br \/>\nJavier ha conseguido ganar e Irene ha luchado durante cerca de 3 horas de<br \/>\npartida, aunque finalmente ha perdido. Ambos son jugadores cuya evoluci\u00f3n est\u00e1<br \/>\nsiendo muy meritoria y son unos pilares fundamentales para el actual equipo sub-16 de Nuestro Ajedrez en Europa. Adem\u00e1s, en funci\u00f3n de su edad, todav\u00eda les queda un buen n\u00famero de a\u00f1os para representar al proyecto en torneos individuales y por equipos.&nbsp;<\/b><\/span><\/div>\n<div class=\"MsoBodyText\">\n<span style=\"font-family: Verdana, sans-serif\"><b>Desde aqu\u00ed, todo nuestro empuje para ellos y, por supuesto, para sus entrenadores y preparadores.<\/b><\/span><br \/>\n<span style=\"font-family: Verdana, sans-serif\"><b><br \/><\/b><\/span><\/p>\n<div style=\"text-align: center\">\n<span style=\"font-family: Verdana, sans-serif\"><b><a href=\"http:\/\/chess-results.com\/tnr104025.aspx?lan=2\">SIGUE LOS RESULTADOS Y CLASIFICACIONES AQU\u00cd<\/a><\/b><\/span><\/div>\n<div style=\"text-align: center\">\n<span style=\"font-family: Verdana, sans-serif\"><a href=\"http:\/\/www.soloajedrez.com\/feda\/2013\/sub14.html\">PARA VER LAS PARTIDAS EN DIRECTO AQU\u00cd<\/a><\/span><\/div>\n<\/div>\n","protected":false},"excerpt":{"rendered":"<p>Javier Valdepe\u00f1as Irene Sim\u00f3n Hoy ha dado inicio el Campeonato de Espa\u00f1a sub-14 con 151 jugadores en el ranking inicial, 122 chicos y 29 chicas, y la participaci\u00f3n de Javier Valdepe\u00f1as Octavio e Irene Sim\u00f3n Escalona como actuales campeones regionales de la categor\u00eda. Mientras que para Javier es la primera ocasi\u00f3n de jugar un nacional [&hellip;]<\/p>\n","protected":false},"author":1,"featured_media":511,"comment_status":"open","ping_status":"closed","sticky":false,"template":"","format":"standard","meta":{"footnotes":""},"categories":[1],"tags":[],"class_list":["post-510","post","type-post","status-publish","format-standard","has-post-thumbnail","hentry","category-noticias"],"_links":{"self":[{"href":"https:\/\/www.bfv.cloud\/ajedrezeuropa\/wp-json\/wp\/v2\/posts\/510","targetHints":{"allow":["GET"]}}],"collection":[{"href":"https:\/\/www.bfv.cloud\/ajedrezeuropa\/wp-json\/wp\/v2\/posts"}],"about":[{"href":"https:\/\/www.bfv.cloud\/ajedrezeuropa\/wp-json\/wp\/v2\/types\/post"}],"author":[{"embeddable":true,"href":"https:\/\/www.bfv.cloud\/ajedrezeuropa\/wp-json\/wp\/v2\/users\/1"}],"replies":[{"embeddable":true,"href":"https:\/\/www.bfv.cloud\/ajedrezeuropa\/wp-json\/wp\/v2\/comments?post=510"}],"version-history":[{"count":1,"href":"https:\/\/www.bfv.cloud\/ajedrezeuropa\/wp-json\/wp\/v2\/posts\/510\/revisions"}],"predecessor-version":[{"id":513,"href":"https:\/\/www.bfv.cloud\/ajedrezeuropa\/wp-json\/wp\/v2\/posts\/510\/revisions\/513"}],"wp:featuredmedia":[{"embeddable":true,"href":"https:\/\/www.bfv.cloud\/ajedrezeuropa\/wp-json\/wp\/v2\/media\/511"}],"wp:attachment":[{"href":"https:\/\/www.bfv.cloud\/ajedrezeuropa\/wp-json\/wp\/v2\/media?parent=510"}],"wp:term":[{"taxonomy":"category","embeddable":true,"href":"https:\/\/www.bfv.cloud\/ajedrezeuropa\/wp-json\/wp\/v2\/categories?post=510"},{"taxonomy":"post_tag","embeddable":true,"href":"https:\/\/www.bfv.cloud\/ajedrezeuropa\/wp-json\/wp\/v2\/tags?post=510"}],"curies":[{"name":"wp","href":"https:\/\/api.w.org\/{rel}","templated":true}]}}