{"id":514,"date":"2025-07-27T17:25:00","date_gmt":"2025-07-27T17:25:00","guid":{"rendered":"https:\/\/www.bfv.cloud\/ajedrezeuropa\/index.php\/2025\/07\/27\/514\/"},"modified":"2025-11-20T10:18:46","modified_gmt":"2025-11-20T10:18:46","slug":"514","status":"publish","type":"post","link":"https:\/\/www.bfv.cloud\/ajedrezeuropa\/514\/","title":{"rendered":""},"content":{"rendered":"<\/p>\n<div class=\"separator\" style=\"clear: both;text-align: center\"><a href=\"https:\/\/www.bfv.cloud\/ajedrezeuropa\/wp-content\/uploads\/2025\/07\/CARTEL20XXII20TORNEO20FERIA20ALCAZAR-1-scaled.jpg\" style=\"margin-left: 1em;margin-right: 1em\"><img fetchpriority=\"high\" decoding=\"async\" border=\"0\" data-original-height=\"3481\" data-original-width=\"2467\" height=\"640\" src=\"https:\/\/blogger.googleusercontent.com\/img\/b\/R29vZ2xl\/AVvXsEjZ7cl3bXy9OMGoMgSK0bytGGopfV0KTGo5ns1-ox-6KmXsy2G-Keu9xn94Nd5KKxkgHra3ee2mTKh9q8AwnIdHzyD4HKoonLzhf91N86_VSJt_vdFDFvvQVUlMRfF__6omFhLTz9FvKQVCteOZ_cPUFX679mBLN3pHjo8UwnHwbO-0Bd5KEciBwQqLYe8\/w454-h640\/CARTEL%20XXII%20TORNEO%20FERIA%20ALCAZAR.jpg\" width=\"454\" \/><\/a><\/div>\n<p><span style=\"font-size: large\"><span style=\"font-family: arial\">&nbsp;Esta es la informaci\u00f3n del&nbsp;<\/span><b style=\"font-family: arial\"><span>XXII Torneo de Ferias de Alc\u00e1zar de San Juan que se celebrar\u00e1 el domingo 24 de agosto por la ma\u00f1ana en la sede de la Federaci\u00f3n Regional de Baloncesto en Alc\u00e1zar de San Juan<\/span><\/b><\/span><span><span style=\"font-family: arial\"><span style=\"font-size: large\">. En las bases consta el&nbsp;<b>localizador del lugar de juego y un enlace con el formulario para realizar la inscripci\u00f3n hasta el 20 de agosto o hasta&nbsp; completar los 80 participantes<\/b>&nbsp;que permite la sala de juego. Como todos los a\u00f1os se jugar\u00e1n 2 torneos por sistema suizo individual diferenciados (ABSOLUTO Y SUB18) con trofeos a los 3 primeros equipos de cada categor\u00eda. Tambi\u00e9n se entregar\u00e1 una pieza de ajedrez elaborada por la Alfarer\u00eda de los Hermanos Pe\u00f1o a todos los participantes.<\/span><\/span><\/span><\/p>\n<p><span style=\"font-family: arial;font-size: large\">Tambi\u00e9n pod\u00e9is acceder al formulario a trav\u00e9s del siguiente enlace:<\/span><\/p>\n<p><span><span style=\"font-family: arial\"><a href=\"https:\/\/docs.google.com\/forms\/d\/1By_4f2UTe2rZdCA5N9SK5ZFq6L8VdVWaYs37m9LaNhA\/edit\" target=\"_blank\"><span style=\"font-size: large\">ENLACE CON EL FORMULARIO DE INSCRIPCI\u00d3N<\/span><\/a><br \/><\/span><\/span><\/p>\n<\/p>\n<div class=\"separator\" style=\"clear: both;text-align: center\"><a href=\"https:\/\/www.bfv.cloud\/ajedrezeuropa\/wp-content\/uploads\/2025\/07\/BASES20DEL20XXII20TORNEO20FERIA20202520IX20TORNEO20ABSOLUTO_001.jpg\" style=\"margin-left: 1em;margin-right: 1em\"><img decoding=\"async\" border=\"0\" data-original-height=\"842\" data-original-width=\"595\" height=\"640\" src=\"https:\/\/blogger.googleusercontent.com\/img\/b\/R29vZ2xl\/AVvXsEhJrE0owjXvcVEKRPkrT7fhMPKd0jv0qW3KfGxbtiNbh7b8uRcMBDnrwUMHjoP5ipdXP3O8WRZGrPowCFnJY_omY6G0K5Xik-XPdYID3Qjho6gP1j_skDMT2JPt9ILKXi9iFTaqQ0uToDbKmlMuxiQTV9DIOqEGBuGL20iW6d2idUmPOIQTGp2E7d2bl50\/w452-h640\/BASES%20DEL%20XXII%20TORNEO%20FERIA%202025%20(IX%20TORNEO%20ABSOLUTO)_001.jpg\" width=\"452\" \/><\/a><\/div>\n<p><\/p>\n<div class=\"separator\" style=\"clear: both;text-align: center\"><a href=\"https:\/\/www.bfv.cloud\/ajedrezeuropa\/wp-content\/uploads\/2025\/07\/BASES20DEL20XXII20TORNEO20FERIA20202520XVII20TORNEO20S-18_001.jpg\" style=\"margin-left: 1em;margin-right: 1em\"><img decoding=\"async\" border=\"0\" data-original-height=\"842\" data-original-width=\"595\" height=\"640\" src=\"https:\/\/blogger.googleusercontent.com\/img\/b\/R29vZ2xl\/AVvXsEh5ioAOIFAadxn71DpJZDBp28KfGELMENDJvGaajxmznuzfpq6iQMKdxxHd1XfrqYY34qfBPgSsklwXL176St8WPew71d9wPQxoVbn6D2NGq2p4gnZimr9mU25ah1U39THmJv-AB3IIAwN2k0A4noKxVokyOgUAo23X6gu2a8DuF40T6TapvhCMh30CHWY\/w452-h640\/BASES%20DEL%20XXII%20TORNEO%20FERIA%202025%20(XVII%20TORNEO%20S-18)_001.jpg\" width=\"452\" \/><\/a><\/div>\n<\/p>\n<p><span style=\"font-size: 14pt\"><br \/><\/span><\/p>\n","protected":false},"excerpt":{"rendered":"<p>&nbsp;Esta es la informaci\u00f3n del&nbsp;XXII Torneo de Ferias de Alc\u00e1zar de San Juan que se celebrar\u00e1 el domingo 24 de agosto por la ma\u00f1ana en la sede de la Federaci\u00f3n Regional de Baloncesto en Alc\u00e1zar de San Juan. En las bases consta el&nbsp;localizador del lugar de juego y un enlace con el formulario para realizar [&hellip;]<\/p>\n","protected":false},"author":1,"featured_media":515,"comment_status":"open","ping_status":"closed","sticky":false,"template":"","format":"standard","meta":{"footnotes":""},"categories":[1],"tags":[],"class_list":["post-514","post","type-post","status-publish","format-standard","has-post-thumbnail","hentry","category-noticias"],"_links":{"self":[{"href":"https:\/\/www.bfv.cloud\/ajedrezeuropa\/wp-json\/wp\/v2\/posts\/514","targetHints":{"allow":["GET"]}}],"collection":[{"href":"https:\/\/www.bfv.cloud\/ajedrezeuropa\/wp-json\/wp\/v2\/posts"}],"about":[{"href":"https:\/\/www.bfv.cloud\/ajedrezeuropa\/wp-json\/wp\/v2\/types\/post"}],"author":[{"embeddable":true,"href":"https:\/\/www.bfv.cloud\/ajedrezeuropa\/wp-json\/wp\/v2\/users\/1"}],"replies":[{"embeddable":true,"href":"https:\/\/www.bfv.cloud\/ajedrezeuropa\/wp-json\/wp\/v2\/comments?post=514"}],"version-history":[{"count":1,"href":"https:\/\/www.bfv.cloud\/ajedrezeuropa\/wp-json\/wp\/v2\/posts\/514\/revisions"}],"predecessor-version":[{"id":518,"href":"https:\/\/www.bfv.cloud\/ajedrezeuropa\/wp-json\/wp\/v2\/posts\/514\/revisions\/518"}],"wp:featuredmedia":[{"embeddable":true,"href":"https:\/\/www.bfv.cloud\/ajedrezeuropa\/wp-json\/wp\/v2\/media\/515"}],"wp:attachment":[{"href":"https:\/\/www.bfv.cloud\/ajedrezeuropa\/wp-json\/wp\/v2\/media?parent=514"}],"wp:term":[{"taxonomy":"category","embeddable":true,"href":"https:\/\/www.bfv.cloud\/ajedrezeuropa\/wp-json\/wp\/v2\/categories?post=514"},{"taxonomy":"post_tag","embeddable":true,"href":"https:\/\/www.bfv.cloud\/ajedrezeuropa\/wp-json\/wp\/v2\/tags?post=514"}],"curies":[{"name":"wp","href":"https:\/\/api.w.org\/{rel}","templated":true}]}}