{"id":519,"date":"2021-09-08T18:07:00","date_gmt":"2021-09-08T18:07:00","guid":{"rendered":"https:\/\/www.bfv.cloud\/ajedrezeuropa\/index.php\/2021\/09\/08\/abiertas-las-preinscripciones-para-la-escuela-de-ajedrez-de-alcazar\/"},"modified":"2025-11-20T10:18:50","modified_gmt":"2025-11-20T10:18:50","slug":"abiertas-las-preinscripciones-para-la-escuela-de-ajedrez-de-alcazar","status":"publish","type":"post","link":"https:\/\/www.bfv.cloud\/ajedrezeuropa\/abiertas-las-preinscripciones-para-la-escuela-de-ajedrez-de-alcazar\/","title":{"rendered":"ABIERTAS LAS PREINSCRIPCIONES PARA LA ESCUELA DE AJEDREZ DE ALC\u00c1ZAR"},"content":{"rendered":"<p>&nbsp;<\/p>\n<div class=\"separator\" style=\"clear: both;text-align: center\"><a href=\"https:\/\/www.bfv.cloud\/ajedrezeuropa\/wp-content\/uploads\/2021\/09\/COMIENZOCLASESALCAZAR2021-22.jpg\" style=\"clear: left;float: left;margin-bottom: 1em;margin-right: 1em\"><img fetchpriority=\"high\" decoding=\"async\" border=\"0\" data-original-height=\"1732\" data-original-width=\"1233\" height=\"640\" src=\"https:\/\/blogger.googleusercontent.com\/img\/b\/R29vZ2xl\/AVvXsEi2PEGOIH6yu2RdbM8k_wGjHgV3SB5OsQpn2PSXgBB-VhpFldNMIYWXnN3TBV9WGZIggZfap0TRwNQlL7IYEUYA1tBGLum7rM-Et-I860uVGpm4prOTuZnUfZ9kNXozmpsdegfmLaGAepk\/w456-h640\/COMIENZO+CLASES+ALCAZAR+2021-22.jpg\" width=\"456\" \/><\/a><\/div>\n<p><span style=\"font-family: verdana;font-size: large\">Hoy ha quedado abierto el periodo de preinscripci\u00f3n para la temporada 2021\/22 de la Escuela de Ajedrez de Alc\u00e1zar de San Juan. Este periodo finalizar\u00e1 el pr\u00f3ximo 14 de septiembre, quedando para entre el 15 y el 30 de septiembre la inscripci\u00f3n definitiva.<\/span><span style=\"font-family: verdana;font-size: large\"><br \/>Esta temporada se ampl\u00edan los grupos a 6, con 2 grupos de iniciaci\u00f3n, 3 de perfeccionamiento y 1 de tecnificaci\u00f3n. En el cartel que publicamos figuran la distribuci\u00f3n de horarios por grupos y las condiciones econ\u00f3micas, que son las mismas que la temporada pasada. El s\u00e1bado 25 de septiembre se iniciar\u00e1n las clases en las escuelas de ajedrez de Alc\u00e1zar y Vilafranca de los Caballeros.&nbsp;<br \/><\/span><a href=\"https:\/\/www.bfv.cloud\/ajedrezeuropa\/wp-content\/uploads\/2021\/09\/FICHADEINSCRIPCIONESCUELAAJEDREZTEMP2021-22_001.jpg\" style=\"clear: left;float: left;font-family: verdana;font-size: x-large;margin-bottom: 1em;margin-right: 1em;text-align: center\"><img decoding=\"async\" border=\"0\" data-original-height=\"2048\" data-original-width=\"1447\" height=\"742\" src=\"https:\/\/blogger.googleusercontent.com\/img\/b\/R29vZ2xl\/AVvXsEjS4v95IYbqGkeaY2yHHzgMFjGYKqzYNR7uak3pqYewsLWiadwmDvGFXzsPNwYAJw_2EmrRTiIcgwMGqyTNudHm7jYe4A61wCMPdBR2Q0p5xRQGeo-ghz68G1SZYVwjl6g2LqDFm79BkSI\/w524-h742\/FICHA+DE+INSCRIPCION+ESCUELA+AJEDREZ+TEMP+2021-22_001.jpg\" width=\"524\" \/><\/a><\/p>\n","protected":false},"excerpt":{"rendered":"<p>&nbsp; Hoy ha quedado abierto el periodo de preinscripci\u00f3n para la temporada 2021\/22 de la Escuela de Ajedrez de Alc\u00e1zar de San Juan. Este periodo finalizar\u00e1 el pr\u00f3ximo 14 de septiembre, quedando para entre el 15 y el 30 de septiembre la inscripci\u00f3n definitiva.Esta temporada se ampl\u00edan los grupos a 6, con 2 grupos de [&hellip;]<\/p>\n","protected":false},"author":1,"featured_media":520,"comment_status":"open","ping_status":"closed","sticky":false,"template":"","format":"standard","meta":{"footnotes":""},"categories":[1],"tags":[],"class_list":["post-519","post","type-post","status-publish","format-standard","has-post-thumbnail","hentry","category-noticias"],"_links":{"self":[{"href":"https:\/\/www.bfv.cloud\/ajedrezeuropa\/wp-json\/wp\/v2\/posts\/519","targetHints":{"allow":["GET"]}}],"collection":[{"href":"https:\/\/www.bfv.cloud\/ajedrezeuropa\/wp-json\/wp\/v2\/posts"}],"about":[{"href":"https:\/\/www.bfv.cloud\/ajedrezeuropa\/wp-json\/wp\/v2\/types\/post"}],"author":[{"embeddable":true,"href":"https:\/\/www.bfv.cloud\/ajedrezeuropa\/wp-json\/wp\/v2\/users\/1"}],"replies":[{"embeddable":true,"href":"https:\/\/www.bfv.cloud\/ajedrezeuropa\/wp-json\/wp\/v2\/comments?post=519"}],"version-history":[{"count":1,"href":"https:\/\/www.bfv.cloud\/ajedrezeuropa\/wp-json\/wp\/v2\/posts\/519\/revisions"}],"predecessor-version":[{"id":522,"href":"https:\/\/www.bfv.cloud\/ajedrezeuropa\/wp-json\/wp\/v2\/posts\/519\/revisions\/522"}],"wp:featuredmedia":[{"embeddable":true,"href":"https:\/\/www.bfv.cloud\/ajedrezeuropa\/wp-json\/wp\/v2\/media\/520"}],"wp:attachment":[{"href":"https:\/\/www.bfv.cloud\/ajedrezeuropa\/wp-json\/wp\/v2\/media?parent=519"}],"wp:term":[{"taxonomy":"category","embeddable":true,"href":"https:\/\/www.bfv.cloud\/ajedrezeuropa\/wp-json\/wp\/v2\/categories?post=519"},{"taxonomy":"post_tag","embeddable":true,"href":"https:\/\/www.bfv.cloud\/ajedrezeuropa\/wp-json\/wp\/v2\/tags?post=519"}],"curies":[{"name":"wp","href":"https:\/\/api.w.org\/{rel}","templated":true}]}}