{"id":523,"date":"2013-03-12T08:45:00","date_gmt":"2013-03-12T08:45:00","guid":{"rendered":"https:\/\/www.bfv.cloud\/ajedrezeuropa\/index.php\/2013\/03\/12\/finalizan-las-jornadas-de-ajedrez-en-el-centro-penitenciario-de-alcazar\/"},"modified":"2025-11-20T10:18:52","modified_gmt":"2025-11-20T10:18:52","slug":"finalizan-las-jornadas-de-ajedrez-en-el-centro-penitenciario-de-alcazar","status":"publish","type":"post","link":"https:\/\/www.bfv.cloud\/ajedrezeuropa\/finalizan-las-jornadas-de-ajedrez-en-el-centro-penitenciario-de-alcazar\/","title":{"rendered":"FINALIZAN LAS JORNADAS DE AJEDREZ EN EL CENTRO PENITENCIARIO DE ALC\u00c1ZAR"},"content":{"rendered":"<div class=\"separator\" style=\"clear: both;text-align: center\">\n<a href=\"https:\/\/www.bfv.cloud\/ajedrezeuropa\/wp-content\/uploads\/2013\/03\/logomanchainformacion.png\" style=\"margin-left: 1em;margin-right: 1em\"><img decoding=\"async\" border=\"0\" height=\"77\" src=\"https:\/\/blogger.googleusercontent.com\/img\/b\/R29vZ2xl\/AVvXsEi3KdByrhj-VRR-Bp-WdqMbCUcnfEWWeqhUWSU1TD0Rvw4qM_CYj6VOm3uuM3vbtnXqt-jyv6654VhtpEaMAkHndRlwRoJpHRWMYFZMKEFAzO_3hgP_8LpepN5UYiR3LuuYHK38ZIcObs0\/s320\/logo+manchainformacion.png\" width=\"320\" \/><\/a><\/div>\n<div class=\"separator\" style=\"clear: both;text-align: center\">\n<\/div>\n<div class=\"separator\" style=\"clear: both;text-align: center\">\n<a href=\"https:\/\/www.bfv.cloud\/ajedrezeuropa\/wp-content\/uploads\/2013\/03\/RP-ajedrez2.jpg\" style=\"margin-left: 1em;margin-right: 1em\"><img fetchpriority=\"high\" decoding=\"async\" border=\"0\" height=\"161\" src=\"https:\/\/www.bfv.cloud\/ajedrezeuropa\/wp-content\/uploads\/2013\/03\/RP-ajedrez2.jpg\" width=\"400\" \/><\/a><\/div>\n<p>\n<span style=\"background-color: white;color: grey;font-family: Helvetica, 'Lucida Grande', Tahoma, 'Lucida Sans Unicode', Arial, Verdana, sans-serif;font-size: 12px\">Marta Romero | Alc\u00e1zar de S Juan 11\/03\/2013<\/span><br \/>\n<span style=\"background-color: white;color: #222222;font-family: Helvetica, 'Lucida Grande', Tahoma, 'Lucida Sans Unicode', Arial, Verdana, sans-serif;font-size: 14px\"><br \/><\/span><br \/>\n<span style=\"background-color: white;color: #222222;font-family: Helvetica, 'Lucida Grande', Tahoma, 'Lucida Sans Unicode', Arial, Verdana, sans-serif;font-size: 14px\">El lunes, 11 de marzo, finalizaban las jornadas de ajedrez y pensamiento estrat\u00e9gico en el centro penitenciario de Alc\u00e1zar. La iniciativa, desarrollada por la escuela de ajedrez de Alc\u00e1zar de San Juan y Villafranca de los Caballeros -que cuenta con el apoyo de ambos ayuntamientos- ha sido muy positiva para los reclusos que han participado con inter\u00e9s.<\/span><br \/>\n<span style=\"background-color: white;color: #222222;font-family: Helvetica, 'Lucida Grande', Tahoma, 'Lucida Sans Unicode', Arial, Verdana, sans-serif;font-size: 14px\">&nbsp;El desarrollo de habilidades sociales, de la responsabilidad personal y el pensamiento estrat\u00e9gico, de cara a la integraci\u00f3n y reinserci\u00f3n social de los internos, han sido los objetivos de estas jornadas.<\/span><span style=\"background-color: white;color: #343434;font-family: Helvetica, 'Lucida Grande', Tahoma, 'Lucida Sans Unicode', Arial, Verdana, sans-serif;font-size: 14px;text-align: justify\">El balance de las jornadas de ajedrez y pensamiento estrat\u00e9gico que, hasta el lunes 11 de marzo, se han estado desarrollando en la prisi\u00f3n de Alc\u00e1zar de San Juan, ha resultado muy positivo para internos, personal del centro y organizadores.<\/span><span style=\"background-color: white;color: #343434;font-family: Helvetica, 'Lucida Grande', Tahoma, 'Lucida Sans Unicode', Arial, Verdana, sans-serif;font-size: 14px;text-align: justify\">&nbsp;<\/span><br \/>\n<br style=\"background-color: white;color: #343434;font-family: Helvetica, 'Lucida Grande', Tahoma, 'Lucida Sans Unicode', Arial, Verdana, sans-serif;font-size: 14px;text-align: justify\" \/><br \/>\n<span style=\"background-color: white;color: #343434;font-family: Helvetica, 'Lucida Grande', Tahoma, 'Lucida Sans Unicode', Arial, Verdana, sans-serif;font-size: 14px;text-align: justify\">Jornadas que se han desarrollado en &nbsp;3 tardes -1 de ellas para explicar las t\u00e9cnicas del juego y 2 para profundizar en el desarrollo del curso. Juan Antonio Montero \u2013 del club de ajedrez \u201cMagic\u201d de Extremadura- traslad\u00f3 la experiencia, puesta en pr\u00e1ctica para la reinserci\u00f3n de presos en las c\u00e1rceles extreme\u00f1as con muy buenos resultados, a la prisi\u00f3n alcazare\u00f1a.<\/span><br \/>\n<br style=\"background-color: white;color: #343434;font-family: Helvetica, 'Lucida Grande', Tahoma, 'Lucida Sans Unicode', Arial, Verdana, sans-serif;font-size: 14px;text-align: justify\" \/><br \/>\n<span style=\"background-color: white;color: #343434;font-family: Helvetica, 'Lucida Grande', Tahoma, 'Lucida Sans Unicode', Arial, Verdana, sans-serif;font-size: 14px;text-align: justify\">El ajedrez se ha utilizado como herramienta para iniciar a los reclusos en el control de sus impulsos, el desarrollo del pensamiento estrat\u00e9gico y t\u00e1cticas de actuaci\u00f3n futuras. Todo esto para que puedan poner en pr\u00e1ctica habilidades sociales que les ayuden a desenvolverse mejor en su vida cotidiana.<\/span><br \/>\n<br style=\"background-color: white;color: #343434;font-family: Helvetica, 'Lucida Grande', Tahoma, 'Lucida Sans Unicode', Arial, Verdana, sans-serif;font-size: 14px;text-align: justify\" \/><br \/>\n<span style=\"background-color: white;color: #343434;font-family: Helvetica, 'Lucida Grande', Tahoma, 'Lucida Sans Unicode', Arial, Verdana, sans-serif;font-size: 14px;text-align: justify\">La directora del centro penitenciario, Mercedes Iruarrizaga, comentaba que \u201cla experiencia ha resultado muy positiva, no s\u00f3lo porque se ha puesto una \u201csemillita\u201d para lograr el gran objetivo de reducir la impulsividad de los internos; sino adem\u00e1s porque ha contado con la participaci\u00f3n e implicaci\u00f3n de muchos funcionarios, que han compartido el juego con los reclusos. Ser\u00eda precipitado decir que se han logrado todos los objetivos, pero facilitar a los presos un ambiente en el que no se permite la violencia f\u00edsica ni verbal, en el que se relacionan con compa\u00f1eros con los que jam\u00e1s hubieran interactuado, el tener la responsabilidad de estar a cierta hora en un sitio para asistir a las jornadas y mostrarse receptivos a los valores que se desarrollan a trav\u00e9s del ajedrez -como es recapacitar, planear una estrategia, etc.- les permitir\u00e1 establecer otro tipo de relaciones sociales m\u00e1s positivas en un futuro.<\/span><\/p>\n<div>\n<span style=\"background-color: white;color: #343434;font-family: Helvetica, 'Lucida Grande', Tahoma, 'Lucida Sans Unicode', Arial, Verdana, sans-serif;font-size: 14px;text-align: justify\"><br \/><\/span><\/div>\n<div>\n<span style=\"background-color: white;color: #343434;font-family: Helvetica, 'Lucida Grande', Tahoma, 'Lucida Sans Unicode', Arial, Verdana, sans-serif;font-size: 14px;text-align: justify\">\u201d<\/span><span style=\"background-color: white;color: #343434;font-family: Helvetica, 'Lucida Grande', Tahoma, 'Lucida Sans Unicode', Arial, Verdana, sans-serif;font-size: 14px;text-align: justify\">Por su parte, F\u00e9lix Toribio -director de las escuelas de ajedrez y organizador de la iniciativa, que ha contado con el apoyo de los Ayuntamientos de Alc\u00e1zar de San Juan y Villafranca- destacaba que la experiencia ha resultado mejor de lo esperado.\u201c Los reclusos han mostrado mucho inter\u00e9s y est\u00e1n siendo muy participativos. Esta nueva experiencia ha resultado para mi muy positiva. Hemos intentado darles las herramientas para que, a trav\u00e9s del ajedrez, puedan reubicarse, meditar sus decisiones, ver a largo plazo, organizar estrategias y desarrollar valores que est\u00e1n m\u00e1s all\u00e1 del ahora y el aqu\u00ed. Me gustar\u00eda mucho poder plantearlo como una actividad anual en el centro penitenciario\u201d. Ha recalcado la importancia del apoyo institucional en este tipo de iniciativas, con el que ha contado desde el principio: \u201cla pata social es igual de importante que la formativa; ya que pone en marcha otras competencias del ajedrez. Es algo que vamos a seguir impulsando. Creemos que el ajedrez puede desempe\u00f1ar un buen papel social, no s\u00f3lo en centros penitenciarios, tambi\u00e9n en los de mayores, ni\u00f1os con c\u00e1ncer , discapacitados y otros colectivos sociales en los que este deporte puede usarse como t\u00e9cnica terape\u00fatica. Esto es posible, no s\u00f3lo por el trabajo y la constancia, sino por el imprescindible apoyo de las instituciones.\u201d<\/span><span style=\"background-color: white;color: #343434;font-family: Helvetica, 'Lucida Grande', Tahoma, 'Lucida Sans Unicode', Arial, Verdana, sans-serif;font-size: 14px;text-align: justify\">Al cierre de las jornadas asistieron el concejal de deportes de Alc\u00e1zar -Manuel De La Gu\u00eda- y el Alcalde de Villafranca de los Caballeros -Andr\u00e9s Beldad.<\/span><\/div>\n<p><br style=\"background-color: white;color: #343434;font-family: Helvetica, 'Lucida Grande', Tahoma, 'Lucida Sans Unicode', Arial, Verdana, sans-serif;font-size: 14px;text-align: justify\" \/><br \/>\n<span style=\"background-color: white;color: #343434;font-family: Helvetica, 'Lucida Grande', Tahoma, 'Lucida Sans Unicode', Arial, Verdana, sans-serif;font-size: 14px;text-align: justify\">\u201cEl Ayuntamiento de Alc\u00e1zar se implic\u00f3, desde el primer momento, con esta iniciativa; ampliando la partida econ\u00f3mica destinada a la escuela de ajedrez para poder llevarla a cabo\u201d -comentaba De la Gu\u00eda- \u201cLas administraciones debemos apoyar este tipo de proyectos para ayudar a la reinserci\u00f3n, que funcionan, y ser\u00e1 muy bueno para ayudar a los reclusos a pensar mejor las consecuencias que pueden tener sus decisiones en la vida diaria.\u201d<\/span><br \/>\n<br style=\"background-color: white;color: #343434;font-family: Helvetica, 'Lucida Grande', Tahoma, 'Lucida Sans Unicode', Arial, Verdana, sans-serif;font-size: 14px;text-align: justify\" \/><br \/>\n<span style=\"background-color: white;color: #343434;font-family: Helvetica, 'Lucida Grande', Tahoma, 'Lucida Sans Unicode', Arial, Verdana, sans-serif;font-size: 14px;text-align: justify\">Por su parte, Beldad -Alcalde de Villafranca- corroboraba las palabras del edil alcazare\u00f1o: \u201chemos querido acompa\u00f1ar a nuestro club de ajedrez en esta iniciativa, tan novedosa e importante, dirigida a un colectivo que no es al que habitualmente se dirige el ajedrez y sus beneficios. Las Administraciones debemos estar al lado de estas iniciativas sociales\u201d.&nbsp;<\/span><br \/>\n<br style=\"background-color: white;color: #343434;font-family: Helvetica, 'Lucida Grande', Tahoma, 'Lucida Sans Unicode', Arial, Verdana, sans-serif;font-size: 14px;text-align: justify\" \/><br \/>\n<span style=\"background-color: white;color: #343434;font-family: Helvetica, 'Lucida Grande', Tahoma, 'Lucida Sans Unicode', Arial, Verdana, sans-serif;font-size: 14px;text-align: justify\">Ambos destacaron la excelencia y el buen nivel de la escuela -con 7 clasificados para el Campeonato Regional de ajedrez- y alabaron la labor social que estaba emprendiendo.<\/span><\/p>\n","protected":false},"excerpt":{"rendered":"<p>Marta Romero | Alc\u00e1zar de S Juan 11\/03\/2013 El lunes, 11 de marzo, finalizaban las jornadas de ajedrez y pensamiento estrat\u00e9gico en el centro penitenciario de Alc\u00e1zar. La iniciativa, desarrollada por la escuela de ajedrez de Alc\u00e1zar de San Juan y Villafranca de los Caballeros -que cuenta con el apoyo de ambos ayuntamientos- ha sido [&hellip;]<\/p>\n","protected":false},"author":1,"featured_media":524,"comment_status":"open","ping_status":"closed","sticky":false,"template":"","format":"standard","meta":{"footnotes":""},"categories":[1],"tags":[],"class_list":["post-523","post","type-post","status-publish","format-standard","has-post-thumbnail","hentry","category-noticias"],"_links":{"self":[{"href":"https:\/\/www.bfv.cloud\/ajedrezeuropa\/wp-json\/wp\/v2\/posts\/523","targetHints":{"allow":["GET"]}}],"collection":[{"href":"https:\/\/www.bfv.cloud\/ajedrezeuropa\/wp-json\/wp\/v2\/posts"}],"about":[{"href":"https:\/\/www.bfv.cloud\/ajedrezeuropa\/wp-json\/wp\/v2\/types\/post"}],"author":[{"embeddable":true,"href":"https:\/\/www.bfv.cloud\/ajedrezeuropa\/wp-json\/wp\/v2\/users\/1"}],"replies":[{"embeddable":true,"href":"https:\/\/www.bfv.cloud\/ajedrezeuropa\/wp-json\/wp\/v2\/comments?post=523"}],"version-history":[{"count":1,"href":"https:\/\/www.bfv.cloud\/ajedrezeuropa\/wp-json\/wp\/v2\/posts\/523\/revisions"}],"predecessor-version":[{"id":526,"href":"https:\/\/www.bfv.cloud\/ajedrezeuropa\/wp-json\/wp\/v2\/posts\/523\/revisions\/526"}],"wp:featuredmedia":[{"embeddable":true,"href":"https:\/\/www.bfv.cloud\/ajedrezeuropa\/wp-json\/wp\/v2\/media\/524"}],"wp:attachment":[{"href":"https:\/\/www.bfv.cloud\/ajedrezeuropa\/wp-json\/wp\/v2\/media?parent=523"}],"wp:term":[{"taxonomy":"category","embeddable":true,"href":"https:\/\/www.bfv.cloud\/ajedrezeuropa\/wp-json\/wp\/v2\/categories?post=523"},{"taxonomy":"post_tag","embeddable":true,"href":"https:\/\/www.bfv.cloud\/ajedrezeuropa\/wp-json\/wp\/v2\/tags?post=523"}],"curies":[{"name":"wp","href":"https:\/\/api.w.org\/{rel}","templated":true}]}}