{"id":527,"date":"2015-07-15T06:52:00","date_gmt":"2015-07-15T06:52:00","guid":{"rendered":"https:\/\/www.bfv.cloud\/ajedrezeuropa\/index.php\/2015\/07\/15\/ya-esta-abierto-el-periodo-de-inscripciones-definitivas-para-el-campus-de-verano\/"},"modified":"2025-11-20T10:18:55","modified_gmt":"2025-11-20T10:18:55","slug":"ya-esta-abierto-el-periodo-de-inscripciones-definitivas-para-el-campus-de-verano","status":"publish","type":"post","link":"https:\/\/www.bfv.cloud\/ajedrezeuropa\/ya-esta-abierto-el-periodo-de-inscripciones-definitivas-para-el-campus-de-verano\/","title":{"rendered":"YA EST\u00c1 ABIERTO EL PERIODO DE INSCRIPCIONES DEFINITIVAS PARA EL CAMPUS DE VERANO"},"content":{"rendered":"<div class=\"separator\" style=\"clear: both;text-align: center\">\n<a href=\"https:\/\/www.bfv.cloud\/ajedrezeuropa\/wp-content\/uploads\/2015\/07\/TRIP25C32597TICOVIIICAMPUS1.jpg\" style=\"margin-left: 1em;margin-right: 1em\"><img fetchpriority=\"high\" decoding=\"async\" border=\"0\" height=\"436\" src=\"https:\/\/blogger.googleusercontent.com\/img\/b\/R29vZ2xl\/AVvXsEirAtCsnvsSr43TQbpYcJ8UOtT4w280myWdny2Cytf2zDmw8G0pNerOikqsJ5KLYBsQHLmbi-am0yLxbcHM0OmEKDzasi3M62YfjbHxCFKCsRTLARvPwQW74CV1teZ-Ap0aecKNCgYRy1k\/s640\/TRIP%25C3%2597TICO+VIII+CAMPUS+1.jpg\" width=\"640\" \/><\/a><\/div>\n<p><\/p>\n<div class=\"separator\" style=\"clear: both;text-align: center\">\n<a href=\"https:\/\/www.bfv.cloud\/ajedrezeuropa\/wp-content\/uploads\/2015\/07\/TRIP25C32597TICOVIIICAMPUS2.jpg\" style=\"margin-left: 1em;margin-right: 1em\"><img decoding=\"async\" border=\"0\" height=\"450\" src=\"https:\/\/blogger.googleusercontent.com\/img\/b\/R29vZ2xl\/AVvXsEjnT-Jj_Y5TJpxCn7jWUjovMkG3vshxvqWHbh4s6LpfIufpbgKaH1KnCrRAkMOdP3ztresIX9eaYJ-fFl9hZ6kBQ0fg75wSWL60erA-Y1nMF4jzB6_NPqX3n98hwvXVbmAaHxR9IaQTqrw\/s640\/TRIP%25C3%2597TICO+VIII+CAMPUS+2.jpg\" width=\"640\" \/><\/a><\/div>\n<p><span style=\"font-family: Georgia, Times New Roman, serif\"><b><br \/><\/b><\/span><br \/>\n<span style=\"font-family: Georgia, Times New Roman, serif\"><b>Hoy comienza el periodo oficial de inscripciones para la 8\u00aa edici\u00f3n del campus de verano. Aunque el \u00faltimo d\u00eda laborable para formalizar el pago de la tasa es el viernes 24 de julio, recomendamos hacerlo durante esta semana para poder terminar de elaborar los distintos grupos formativos el pr\u00f3ximo mi\u00e9rcoles. Toda la informaci\u00f3n est\u00e1 disponible en el tr\u00edptico que publicamos.<\/b><\/span><br \/>\n<span style=\"font-family: Georgia, Times New Roman, serif\"><b>\u00a1\u00a1OS ESPERAMOS!!<\/b><\/span><\/p>\n","protected":false},"excerpt":{"rendered":"<p>Hoy comienza el periodo oficial de inscripciones para la 8\u00aa edici\u00f3n del campus de verano. Aunque el \u00faltimo d\u00eda laborable para formalizar el pago de la tasa es el viernes 24 de julio, recomendamos hacerlo durante esta semana para poder terminar de elaborar los distintos grupos formativos el pr\u00f3ximo mi\u00e9rcoles. Toda la informaci\u00f3n est\u00e1 disponible [&hellip;]<\/p>\n","protected":false},"author":1,"featured_media":528,"comment_status":"open","ping_status":"closed","sticky":false,"template":"","format":"standard","meta":{"footnotes":""},"categories":[1],"tags":[],"class_list":["post-527","post","type-post","status-publish","format-standard","has-post-thumbnail","hentry","category-noticias"],"_links":{"self":[{"href":"https:\/\/www.bfv.cloud\/ajedrezeuropa\/wp-json\/wp\/v2\/posts\/527","targetHints":{"allow":["GET"]}}],"collection":[{"href":"https:\/\/www.bfv.cloud\/ajedrezeuropa\/wp-json\/wp\/v2\/posts"}],"about":[{"href":"https:\/\/www.bfv.cloud\/ajedrezeuropa\/wp-json\/wp\/v2\/types\/post"}],"author":[{"embeddable":true,"href":"https:\/\/www.bfv.cloud\/ajedrezeuropa\/wp-json\/wp\/v2\/users\/1"}],"replies":[{"embeddable":true,"href":"https:\/\/www.bfv.cloud\/ajedrezeuropa\/wp-json\/wp\/v2\/comments?post=527"}],"version-history":[{"count":1,"href":"https:\/\/www.bfv.cloud\/ajedrezeuropa\/wp-json\/wp\/v2\/posts\/527\/revisions"}],"predecessor-version":[{"id":530,"href":"https:\/\/www.bfv.cloud\/ajedrezeuropa\/wp-json\/wp\/v2\/posts\/527\/revisions\/530"}],"wp:featuredmedia":[{"embeddable":true,"href":"https:\/\/www.bfv.cloud\/ajedrezeuropa\/wp-json\/wp\/v2\/media\/528"}],"wp:attachment":[{"href":"https:\/\/www.bfv.cloud\/ajedrezeuropa\/wp-json\/wp\/v2\/media?parent=527"}],"wp:term":[{"taxonomy":"category","embeddable":true,"href":"https:\/\/www.bfv.cloud\/ajedrezeuropa\/wp-json\/wp\/v2\/categories?post=527"},{"taxonomy":"post_tag","embeddable":true,"href":"https:\/\/www.bfv.cloud\/ajedrezeuropa\/wp-json\/wp\/v2\/tags?post=527"}],"curies":[{"name":"wp","href":"https:\/\/api.w.org\/{rel}","templated":true}]}}