{"id":531,"date":"2015-03-23T22:49:00","date_gmt":"2015-03-23T22:49:00","guid":{"rendered":"https:\/\/www.bfv.cloud\/ajedrezeuropa\/index.php\/2015\/03\/23\/luismi-monreal-subcampeon-absoluto-de-toledo\/"},"modified":"2025-11-20T10:18:59","modified_gmt":"2025-11-20T10:18:59","slug":"luismi-monreal-subcampeon-absoluto-de-toledo","status":"publish","type":"post","link":"https:\/\/www.bfv.cloud\/ajedrezeuropa\/luismi-monreal-subcampeon-absoluto-de-toledo\/","title":{"rendered":"LUISMI MONREAL, SUBCAMPE\u00d3N ABSOLUTO DE TOLEDO"},"content":{"rendered":"<table cellpadding=\"0\" cellspacing=\"0\" class=\"tr-caption-container\" style=\"float: right;margin-left: 1em;text-align: right\">\n<tbody>\n<tr>\n<td style=\"text-align: center\"><a href=\"https:\/\/www.bfv.cloud\/ajedrezeuropa\/wp-content\/uploads\/2015\/03\/SAM_1296.jpg\" style=\"clear: right;margin-bottom: 1em;margin-left: auto;margin-right: auto\"><img fetchpriority=\"high\" decoding=\"async\" border=\"0\" src=\"https:\/\/www.bfv.cloud\/ajedrezeuropa\/wp-content\/uploads\/2015\/03\/SAM_1296.jpg\" height=\"345\" width=\"400\" \/><\/a><\/td>\n<\/tr>\n<tr>\n<td class=\"tr-caption\" style=\"text-align: center\">Luismi Monreal, de p\u00ede, observando las partidas en el pasado<br \/>Campeonato por Equipos de Toledo<\/td>\n<\/tr>\n<\/tbody>\n<\/table>\n<p><span style=\"font-family: Georgia, Times New Roman, serif\">Luis Miguel Monreal Bejarano, ha finalizado en la segunda posici\u00f3n del Campeonato Individual Absoluto de Toledo tras sumar 5 puntos y empatar con el campe\u00f3n, Ram\u00f3n Cid. Luismi es jugador de nuestro equipo absoluto y con \u00e9l tambi\u00e9n es campe\u00f3n provincial por clubes. Adem\u00e1s es uno de los preparadores habituales de los equipos sub-16 del proyecto, y forma parte del grupo de profesores del campus de verano y de la concentraci\u00f3n de Navidad.<\/span><br \/>\n<span style=\"font-family: Georgia, Times New Roman, serif\">Otros cuatro j\u00f3venes jugadores de nuestros clubes han participado en este provincial individual obteniendo los siguientes resultados: Roberto L\u00f3pez (17\u00ba clasificado), Alonso Lopez (28\u00ba), Gabriel Amador (31\u00ba) y Alfredo Amador (33\u00ba)<\/span><\/p>\n<table cellpadding=\"0\" cellspacing=\"0\" class=\"tr-caption-container\" style=\"float: right;margin-left: 1em;text-align: right\">\n<tbody>\n<tr>\n<td style=\"text-align: center\"><a href=\"https:\/\/www.bfv.cloud\/ajedrezeuropa\/wp-content\/uploads\/2015\/03\/SAM_1302.jpg\" style=\"clear: right;margin-bottom: 1em;margin-left: auto;margin-right: auto\"><img decoding=\"async\" border=\"0\" src=\"https:\/\/www.bfv.cloud\/ajedrezeuropa\/wp-content\/uploads\/2015\/03\/SAM_1302.jpg\" height=\"202\" width=\"320\" \/><\/a><\/td>\n<\/tr>\n<tr>\n<td class=\"tr-caption\" style=\"text-align: center\">Alonso L\u00f3pez y Gabriel Amador<\/td>\n<\/tr>\n<\/tbody>\n<\/table>\n<p><span style=\"font-family: Georgia, Times New Roman, serif\">Estos 4 ajedrecistas son de las categor\u00edas sub-14, sub-12 y sub-10, y su principal objetivo en este absoluto ha sido el de coger experiencia de juego para seguir mejorando su preparaci\u00f3n de cara a las pr\u00f3ximas competiciones de esta temporada.<\/p>\n<table cellpadding=\"0\" cellspacing=\"0\" class=\"tr-caption-container\" style=\"float: left;margin-right: 1em;text-align: left\">\n<tbody>\n<tr>\n<td style=\"text-align: center\"><a href=\"https:\/\/www.bfv.cloud\/ajedrezeuropa\/wp-content\/uploads\/2015\/03\/SAM_1295.jpg\" style=\"clear: left;margin-bottom: 1em;margin-left: auto;margin-right: auto\"><img decoding=\"async\" border=\"0\" src=\"https:\/\/www.bfv.cloud\/ajedrezeuropa\/wp-content\/uploads\/2015\/03\/SAM_1295.jpg\" height=\"188\" width=\"200\" \/><\/a><\/td>\n<\/tr>\n<tr>\n<td class=\"tr-caption\" style=\"text-align: center\">Alfredo Amador y Roberto L\u00f3pez<\/td>\n<\/tr>\n<\/tbody>\n<\/table>\n<p><\/span><\/p>\n","protected":false},"excerpt":{"rendered":"<p>Luismi Monreal, de p\u00ede, observando las partidas en el pasadoCampeonato por Equipos de Toledo Luis Miguel Monreal Bejarano, ha finalizado en la segunda posici\u00f3n del Campeonato Individual Absoluto de Toledo tras sumar 5 puntos y empatar con el campe\u00f3n, Ram\u00f3n Cid. Luismi es jugador de nuestro equipo absoluto y con \u00e9l tambi\u00e9n es campe\u00f3n provincial [&hellip;]<\/p>\n","protected":false},"author":1,"featured_media":532,"comment_status":"open","ping_status":"closed","sticky":false,"template":"","format":"standard","meta":{"footnotes":""},"categories":[1],"tags":[],"class_list":["post-531","post","type-post","status-publish","format-standard","has-post-thumbnail","hentry","category-noticias"],"_links":{"self":[{"href":"https:\/\/www.bfv.cloud\/ajedrezeuropa\/wp-json\/wp\/v2\/posts\/531","targetHints":{"allow":["GET"]}}],"collection":[{"href":"https:\/\/www.bfv.cloud\/ajedrezeuropa\/wp-json\/wp\/v2\/posts"}],"about":[{"href":"https:\/\/www.bfv.cloud\/ajedrezeuropa\/wp-json\/wp\/v2\/types\/post"}],"author":[{"embeddable":true,"href":"https:\/\/www.bfv.cloud\/ajedrezeuropa\/wp-json\/wp\/v2\/users\/1"}],"replies":[{"embeddable":true,"href":"https:\/\/www.bfv.cloud\/ajedrezeuropa\/wp-json\/wp\/v2\/comments?post=531"}],"version-history":[{"count":1,"href":"https:\/\/www.bfv.cloud\/ajedrezeuropa\/wp-json\/wp\/v2\/posts\/531\/revisions"}],"predecessor-version":[{"id":535,"href":"https:\/\/www.bfv.cloud\/ajedrezeuropa\/wp-json\/wp\/v2\/posts\/531\/revisions\/535"}],"wp:featuredmedia":[{"embeddable":true,"href":"https:\/\/www.bfv.cloud\/ajedrezeuropa\/wp-json\/wp\/v2\/media\/532"}],"wp:attachment":[{"href":"https:\/\/www.bfv.cloud\/ajedrezeuropa\/wp-json\/wp\/v2\/media?parent=531"}],"wp:term":[{"taxonomy":"category","embeddable":true,"href":"https:\/\/www.bfv.cloud\/ajedrezeuropa\/wp-json\/wp\/v2\/categories?post=531"},{"taxonomy":"post_tag","embeddable":true,"href":"https:\/\/www.bfv.cloud\/ajedrezeuropa\/wp-json\/wp\/v2\/tags?post=531"}],"curies":[{"name":"wp","href":"https:\/\/api.w.org\/{rel}","templated":true}]}}