{"id":539,"date":"2023-08-23T12:03:00","date_gmt":"2023-08-23T12:03:00","guid":{"rendered":"https:\/\/www.bfv.cloud\/ajedrezeuropa\/index.php\/2023\/08\/23\/reportaje-manchacentro-tv-y-entrevista-onda-cero\/"},"modified":"2025-11-20T10:19:03","modified_gmt":"2025-11-20T10:19:03","slug":"reportaje-manchacentro-tv-y-entrevista-onda-cero","status":"publish","type":"post","link":"https:\/\/www.bfv.cloud\/ajedrezeuropa\/reportaje-manchacentro-tv-y-entrevista-onda-cero\/","title":{"rendered":"REPORTAJE MANCHACENTRO TV Y ENTREVISTA ONDA CERO"},"content":{"rendered":"<p>&nbsp;<\/p>\n<div class=\"separator\" style=\"clear: both;text-align: center\"><iframe allowfullscreen=\"\" class=\"BLOG_video_class\" height=\"351\" src=\"https:\/\/www.youtube.com\/embed\/ZJ0ZuvKyH_0\" width=\"422\" youtube-src-id=\"ZJ0ZuvKyH_0\"><\/iframe><\/div>\n<p><\/p>\n<p><span style=\"font-family: arial;font-size: large\">Aqu\u00ed dejamos un enlace con el reportaje emitido por ManchaCentro TV con motivo de la obtenci\u00f3n del t\u00edtulo de campe\u00f3n de Castilla-La Mancha en modalidad rel\u00e1mpago por el equipo absoluto de Nuestro Ajedrez en Europa.<\/span><\/p>\n<\/p>\n<div class=\"separator\" style=\"clear: both;text-align: center\"><a href=\"https:\/\/www.bfv.cloud\/ajedrezeuropa\/wp-content\/uploads\/2023\/08\/920ENTREVISTA20ONDACERO20CON20MARCOS.jpeg\" style=\"margin-left: 1em;margin-right: 1em\"><img fetchpriority=\"high\" decoding=\"async\" border=\"0\" data-original-height=\"1326\" data-original-width=\"2009\" height=\"422\" src=\"https:\/\/blogger.googleusercontent.com\/img\/b\/R29vZ2xl\/AVvXsEjHEcEYXKvr07XR803cP2ZgI8Lux7bgq0X4VgMZlVVEtWzZp5tom1Naz0Mjn_w8vSUhfsEOimlI-6kDO7_OGzIfq9kcWqTb6G6Sp-nNglTD9ve9yLuf3C_I7-_Jk-LJsxhTMpniOxF4V7rhdfJC9o8_RZBDYUIwhPsJz3td6WUr1XqaDEYdhYDexA6f55A\/w640-h422\/9%20ENTREVISTA%20ONDACERO%20CON%20MARCOS.jpeg\" width=\"640\" \/><\/a><\/div>\n<p><span style=\"font-family: arial;font-size: large\">Por su parte, Onda Cero en Alc\u00e1zar de San Juan, en su programa del mediod\u00eda presentado por Marcos Galv\u00e1n, tambi\u00e9n quiso conocer el desarrollo del torneo y destacar el m\u00e9rito de esta victoria.&nbsp;<\/span><\/p>\n<p><span style=\"font-family: arial;font-size: large\">\u00a1\u00a1Gracias a todos los profesionales de los medios de comunicaci\u00f3n que siempre est\u00e1n ah\u00ed para hablar de nuestro ajedrez!!<\/span><\/p>\n","protected":false},"excerpt":{"rendered":"<p>&nbsp; Aqu\u00ed dejamos un enlace con el reportaje emitido por ManchaCentro TV con motivo de la obtenci\u00f3n del t\u00edtulo de campe\u00f3n de Castilla-La Mancha en modalidad rel\u00e1mpago por el equipo absoluto de Nuestro Ajedrez en Europa. Por su parte, Onda Cero en Alc\u00e1zar de San Juan, en su programa del mediod\u00eda presentado por Marcos Galv\u00e1n, [&hellip;]<\/p>\n","protected":false},"author":1,"featured_media":540,"comment_status":"open","ping_status":"closed","sticky":false,"template":"","format":"standard","meta":{"footnotes":""},"categories":[1],"tags":[],"class_list":["post-539","post","type-post","status-publish","format-standard","has-post-thumbnail","hentry","category-noticias"],"_links":{"self":[{"href":"https:\/\/www.bfv.cloud\/ajedrezeuropa\/wp-json\/wp\/v2\/posts\/539","targetHints":{"allow":["GET"]}}],"collection":[{"href":"https:\/\/www.bfv.cloud\/ajedrezeuropa\/wp-json\/wp\/v2\/posts"}],"about":[{"href":"https:\/\/www.bfv.cloud\/ajedrezeuropa\/wp-json\/wp\/v2\/types\/post"}],"author":[{"embeddable":true,"href":"https:\/\/www.bfv.cloud\/ajedrezeuropa\/wp-json\/wp\/v2\/users\/1"}],"replies":[{"embeddable":true,"href":"https:\/\/www.bfv.cloud\/ajedrezeuropa\/wp-json\/wp\/v2\/comments?post=539"}],"version-history":[{"count":1,"href":"https:\/\/www.bfv.cloud\/ajedrezeuropa\/wp-json\/wp\/v2\/posts\/539\/revisions"}],"predecessor-version":[{"id":541,"href":"https:\/\/www.bfv.cloud\/ajedrezeuropa\/wp-json\/wp\/v2\/posts\/539\/revisions\/541"}],"wp:featuredmedia":[{"embeddable":true,"href":"https:\/\/www.bfv.cloud\/ajedrezeuropa\/wp-json\/wp\/v2\/media\/540"}],"wp:attachment":[{"href":"https:\/\/www.bfv.cloud\/ajedrezeuropa\/wp-json\/wp\/v2\/media?parent=539"}],"wp:term":[{"taxonomy":"category","embeddable":true,"href":"https:\/\/www.bfv.cloud\/ajedrezeuropa\/wp-json\/wp\/v2\/categories?post=539"},{"taxonomy":"post_tag","embeddable":true,"href":"https:\/\/www.bfv.cloud\/ajedrezeuropa\/wp-json\/wp\/v2\/tags?post=539"}],"curies":[{"name":"wp","href":"https:\/\/api.w.org\/{rel}","templated":true}]}}