{"id":542,"date":"2022-01-14T09:51:00","date_gmt":"2022-01-14T09:51:00","guid":{"rendered":"https:\/\/www.bfv.cloud\/ajedrezeuropa\/index.php\/2022\/01\/14\/angel-collado-finaliza-2o-en-el-torneo-internacional-de-roquetas-de-mar\/"},"modified":"2025-11-20T10:19:04","modified_gmt":"2025-11-20T10:19:04","slug":"angel-collado-finaliza-2o-en-el-torneo-internacional-de-roquetas-de-mar","status":"publish","type":"post","link":"https:\/\/www.bfv.cloud\/ajedrezeuropa\/angel-collado-finaliza-2o-en-el-torneo-internacional-de-roquetas-de-mar\/","title":{"rendered":"\u00c1NGEL COLLADO FINALIZA 2\u00ba EN EL TORNEO INTERNACIONAL DE ROQUETAS DE MAR"},"content":{"rendered":"<p><span style=\"font-family: georgia;font-size: large\"><b><u><i><\/i><\/u><\/b><\/span><\/p>\n<table align=\"center\" cellpadding=\"0\" cellspacing=\"0\" class=\"tr-caption-container\" style=\"margin-left: auto;margin-right: auto\">\n<tbody>\n<tr>\n<td style=\"text-align: center\"><a href=\"https:\/\/blogger.googleusercontent.com\/img\/a\/AVvXsEgQCLuidXOkhWYbppe9Jb73WCMcyPg1OmvoI9v4rQfliAj6f6n0bjs1HQqdj-yRhPzXPZzSXFWYi6it8fTrA32TLVfLCIPZgTLCCfs07vG2mXj19PJdif3eumcFxAOiNP3yz63ZI_39J-SPLiLOqcW6tHsCbzLAjcq8CBtVxnDFTryWWBYu6nRdRBvw=s1567\" style=\"margin-left: auto;margin-right: auto\"><img fetchpriority=\"high\" decoding=\"async\" border=\"0\" data-original-height=\"1276\" data-original-width=\"1567\" height=\"522\" src=\"https:\/\/blogger.googleusercontent.com\/img\/a\/AVvXsEgQCLuidXOkhWYbppe9Jb73WCMcyPg1OmvoI9v4rQfliAj6f6n0bjs1HQqdj-yRhPzXPZzSXFWYi6it8fTrA32TLVfLCIPZgTLCCfs07vG2mXj19PJdif3eumcFxAOiNP3yz63ZI_39J-SPLiLOqcW6tHsCbzLAjcq8CBtVxnDFTryWWBYu6nRdRBvw=w640-h522\" width=\"640\" \/><\/a><\/td>\n<\/tr>\n<tr>\n<td class=\"tr-caption\" style=\"text-align: center\">\u00c1ngel en el podio recibiendo el premio de subcampe\u00f3n<\/td>\n<\/tr>\n<\/tbody>\n<\/table>\n<p><span style=\"font-family: georgia;font-size: large\"><b><u><i><br \/>\u00c1ngel Collado y Alonso L\u00f3pez en el open internacional de Roquetas<\/i><\/u><\/b><\/span><\/p>\n<p><span style=\"font-family: georgia;font-size: large\"><b>El fin de semana pasado finaliz\u00f3 en Roquetas de Mar la 9\u00aa edici\u00f3n del Open Internacional sub-2150, que cont\u00f3 con la participaci\u00f3n de dos j\u00f3venes valores de las escuelas de ajedrez de Alc\u00e1zar de San Juan y Villafranca de los Caballeros. Por un lado, \u00c1ngel Collado Alcolado, que con solo 14 a\u00f1os culmin\u00f3 una magn\u00edfica actuaci\u00f3n con 6 puntos sobre 7 posibles, con lo que logr\u00f3 la 2\u00aa plaza con una valoraci\u00f3n (performance) de sus resultados en el torneo de 2.121 de Elo FIDE. \u00c1ngel es miembro del equipo juvenil del club Nuestro Ajedrez en Europa que en el mes de septiembre se alz\u00f3 con la medalla de plata en el campeonato de Castilla-La Mancha por clubes. Del mismo modo, Alonso L\u00f3pez N\u00fa\u00f1ez, realiz\u00f3 una buena actuaci\u00f3n, finalizando en la 21\u00aa posici\u00f3n entre los 80 jugadores del torneo. Alonso, pertenece a la escuela de ajedrez de Villafranca, y a pesar de tener solo 15 a\u00f1os lleva una trayectoria muy importante dentro del ajedrez regional y nacional, habiendo participado ya en un campeonato del mundo. Recordemos, adem\u00e1s, que tanto \u00c1ngel como Alonso, formaron parte de la selecci\u00f3n castellano-manchega de ajedrez en 2021 dentro de las categor\u00edas infantil y cadete, respectivamente.<\/b><\/span><\/p>\n<p><span style=\"font-family: georgia;font-size: large\"><\/span><\/p>\n<table align=\"center\" cellpadding=\"0\" cellspacing=\"0\" class=\"tr-caption-container\" style=\"margin-left: auto;margin-right: auto\">\n<tbody>\n<tr>\n<td style=\"text-align: center\"><a href=\"https:\/\/blogger.googleusercontent.com\/img\/a\/AVvXsEg8yLVzmr71MV_IZ6AHfMmnxL7GaYZd8hRrPq_Ou2iyPguOK_nZI0D3D_5K6MAakplxHC35xnxZ9F7RXHHdRqu2PzvLHiCheQH67DItxXNMTf6fkiIih1JblRFJmaSdKQQnxF6-Ppc99HY1yVCqhqs3Sl873X_SdnALOWpoTOlxIIAkjP3nEVSjluNN=s1617\" style=\"margin-left: auto;margin-right: auto\"><img decoding=\"async\" border=\"0\" data-original-height=\"1190\" data-original-width=\"1617\" height=\"470\" src=\"https:\/\/blogger.googleusercontent.com\/img\/a\/AVvXsEg8yLVzmr71MV_IZ6AHfMmnxL7GaYZd8hRrPq_Ou2iyPguOK_nZI0D3D_5K6MAakplxHC35xnxZ9F7RXHHdRqu2PzvLHiCheQH67DItxXNMTf6fkiIih1JblRFJmaSdKQQnxF6-Ppc99HY1yVCqhqs3Sl873X_SdnALOWpoTOlxIIAkjP3nEVSjluNN=w640-h470\" width=\"640\" \/><\/a><\/td>\n<\/tr>\n<tr>\n<td class=\"tr-caption\" style=\"text-align: center\">Alonso, de p\u00ede, y \u00c1ngel en una imagen del torneo<\/td>\n<\/tr>\n<\/tbody>\n<\/table>\n<p><b style=\"font-family: georgia;font-size: x-large\"><i><u><br \/><\/u><\/i><\/b><\/p>\n<p><b style=\"font-family: georgia;font-size: x-large\"><i><u>XIII Concentraci\u00f3n de Navidad<\/u><\/i><\/b><\/p>\n<p><b style=\"font-family: georgia;font-size: x-large\"><i><\/i><\/b><\/p>\n<div class=\"separator\" style=\"clear: both;text-align: center\"><b style=\"font-family: georgia;font-size: x-large\"><i><a href=\"https:\/\/blogger.googleusercontent.com\/img\/a\/AVvXsEjSfQJoCslpBWB0_bLEmuqRIrPqxIUW2CF2FygftfMdJ7iaOMbkTLUXSDBapATVbc2xKqxFO8LpX7ROfI4yrt0RivxbjjXDiTI7iOh8jZxvqZ2R7csStcKPH-Knub0vr6PZlTq4lnX_21zq4y5BXADg39K7GO97Q5I-4iMdVboHPZEpr7UuXc1LXd8c=s1435\" style=\"clear: left;float: left;margin-bottom: 1em;margin-right: 1em\"><img decoding=\"async\" border=\"0\" data-original-height=\"1435\" data-original-width=\"907\" height=\"640\" src=\"https:\/\/blogger.googleusercontent.com\/img\/a\/AVvXsEjSfQJoCslpBWB0_bLEmuqRIrPqxIUW2CF2FygftfMdJ7iaOMbkTLUXSDBapATVbc2xKqxFO8LpX7ROfI4yrt0RivxbjjXDiTI7iOh8jZxvqZ2R7csStcKPH-Knub0vr6PZlTq4lnX_21zq4y5BXADg39K7GO97Q5I-4iMdVboHPZEpr7UuXc1LXd8c=w404-h640\" width=\"404\" \/><\/a><\/i><\/b><\/div>\n<\/p>\n<p><span style=\"font-family: georgia;font-size: large\"><b>A finales del pasado mes de diciembre se recuper\u00f3 una de las actividades formativas m\u00e1s importantes del proyecto Nuestro Ajedrez en Europa, la Concentraci\u00f3n de Navidad. En esta 13\u00aa edici\u00f3n participaron 20 alumnos de nuestras escuelas de ajedrez, contando con Daniel P\u00edriz Fern\u00e1ndez, Roberto L\u00f3pez N\u00fa\u00f1ez, Antonio Albo Maroto y Silvia Toribio Camu\u00f1as como entrenadores. Debido a la alta incidencia de contagios por covid se redujo el n\u00famero de alumnos por aula a un m\u00e1ximo de 6.&nbsp;<\/b><\/span><\/p>\n<div class=\"separator\" style=\"clear: both;text-align: center\"><span style=\"font-family: georgia;font-size: large\"><b><a href=\"https:\/\/blogger.googleusercontent.com\/img\/a\/AVvXsEinN3acRzd7AyXMBO4Xpi89kAJ1e_TEgkPc8ls7M5Qznn85vXvy63mydoIRNp20inGXIyIbdb1QdohgiEA6w8lLqScv-N3iw_CKYsI5_TcTMn6KVZafkyseSErudWtCGncOHHfnSD411qio-HPY3a-xs_uqaDti_t3tojOWHJeYmJk0tBIpuQvqD_oH=s1473\" style=\"clear: right;float: right;margin-bottom: 1em;margin-left: 1em\"><img loading=\"lazy\" decoding=\"async\" border=\"0\" data-original-height=\"1473\" data-original-width=\"872\" height=\"640\" src=\"https:\/\/blogger.googleusercontent.com\/img\/a\/AVvXsEinN3acRzd7AyXMBO4Xpi89kAJ1e_TEgkPc8ls7M5Qznn85vXvy63mydoIRNp20inGXIyIbdb1QdohgiEA6w8lLqScv-N3iw_CKYsI5_TcTMn6KVZafkyseSErudWtCGncOHHfnSD411qio-HPY3a-xs_uqaDti_t3tojOWHJeYmJk0tBIpuQvqD_oH=w378-h640\" width=\"378\" \/><\/a><\/b><\/span><\/div>\n<p><span style=\"font-family: georgia;font-size: large\"><b><br \/><\/b><\/span><\/p>\n<p><span style=\"font-family: georgia;font-size: large\"><b>Por otro lado, se aplaz\u00f3 el Torneo de Ajedrez por la Igualdad. En las pr\u00f3ximas semanas se establecer\u00e1 una nueva fecha para su celebraci\u00f3n.<\/b><\/span><\/p>\n<p><span style=\"font-family: georgia;font-size: large\"><b><i><u>Fases provinciales del Campeonato Regional del Deporte en Edad Escolar (CRDEE)<\/u><\/i><\/b><\/span><\/p>\n<p><span style=\"font-family: georgia;font-size: large\"><b>Este fin de semana comienza la fase provincial de Ciudad Real del Deporte en Edad Escolar en la localidad de Miguelturra. Casi 30 chicos y chicas de la escuela de ajedrez de Alc\u00e1zar participar\u00e1n en las distintas categor\u00edas de este torneo del que informaremos con m\u00e1s detalle pr\u00f3ximamente.<\/b><\/span><\/p>\n<p><span style=\"font-family: georgia;font-size: large\"><\/span><\/p>\n<div class=\"separator\" style=\"clear: both;text-align: center\"><span style=\"font-family: georgia;font-size: large\"><a href=\"https:\/\/blogger.googleusercontent.com\/img\/a\/AVvXsEjQ2ZaIiLpXxOn0hKDDDluADR41QxPsvZV58uetx7H9rQ4o--V2IA4630sfILhBdyMbaFBdINVCEQ9l_8jEfQApgkmq8sBT6tBAIu0UnjREoiuD-586w2QpiW3lvslfwg479qbysyedwPxbM1idxi6xsyO3jry0IPsHOOGqyOwZjHIzId-zQoeZAYgk=s1499\" style=\"margin-left: 1em;margin-right: 1em\"><img loading=\"lazy\" decoding=\"async\" border=\"0\" data-original-height=\"1003\" data-original-width=\"1499\" height=\"428\" src=\"https:\/\/blogger.googleusercontent.com\/img\/a\/AVvXsEjQ2ZaIiLpXxOn0hKDDDluADR41QxPsvZV58uetx7H9rQ4o--V2IA4630sfILhBdyMbaFBdINVCEQ9l_8jEfQApgkmq8sBT6tBAIu0UnjREoiuD-586w2QpiW3lvslfwg479qbysyedwPxbM1idxi6xsyO3jry0IPsHOOGqyOwZjHIzId-zQoeZAYgk=w640-h428\" width=\"640\" \/><\/a><\/span><\/div>\n<p><span style=\"font-family: georgia;font-size: large\"><br \/><b><br \/><\/b><\/span><\/p>\n<p><span style=\"font-family: georgia;font-size: large\"><b>El siguiente fin de semana del 22 y 23 de enero ya estar\u00e1n en marcha tambi\u00e9n los provinciales escolares de Toledo.<\/b><\/span><\/p>\n","protected":false},"excerpt":{"rendered":"<p>\u00c1ngel en el podio recibiendo el premio de subcampe\u00f3n \u00c1ngel Collado y Alonso L\u00f3pez en el open internacional de Roquetas El fin de semana pasado finaliz\u00f3 en Roquetas de Mar la 9\u00aa edici\u00f3n del Open Internacional sub-2150, que cont\u00f3 con la participaci\u00f3n de dos j\u00f3venes valores de las escuelas de ajedrez de Alc\u00e1zar de San [&hellip;]<\/p>\n","protected":false},"author":1,"featured_media":0,"comment_status":"open","ping_status":"closed","sticky":false,"template":"","format":"standard","meta":{"footnotes":""},"categories":[1],"tags":[],"class_list":["post-542","post","type-post","status-publish","format-standard","hentry","category-noticias"],"_links":{"self":[{"href":"https:\/\/www.bfv.cloud\/ajedrezeuropa\/wp-json\/wp\/v2\/posts\/542","targetHints":{"allow":["GET"]}}],"collection":[{"href":"https:\/\/www.bfv.cloud\/ajedrezeuropa\/wp-json\/wp\/v2\/posts"}],"about":[{"href":"https:\/\/www.bfv.cloud\/ajedrezeuropa\/wp-json\/wp\/v2\/types\/post"}],"author":[{"embeddable":true,"href":"https:\/\/www.bfv.cloud\/ajedrezeuropa\/wp-json\/wp\/v2\/users\/1"}],"replies":[{"embeddable":true,"href":"https:\/\/www.bfv.cloud\/ajedrezeuropa\/wp-json\/wp\/v2\/comments?post=542"}],"version-history":[{"count":1,"href":"https:\/\/www.bfv.cloud\/ajedrezeuropa\/wp-json\/wp\/v2\/posts\/542\/revisions"}],"predecessor-version":[{"id":543,"href":"https:\/\/www.bfv.cloud\/ajedrezeuropa\/wp-json\/wp\/v2\/posts\/542\/revisions\/543"}],"wp:attachment":[{"href":"https:\/\/www.bfv.cloud\/ajedrezeuropa\/wp-json\/wp\/v2\/media?parent=542"}],"wp:term":[{"taxonomy":"category","embeddable":true,"href":"https:\/\/www.bfv.cloud\/ajedrezeuropa\/wp-json\/wp\/v2\/categories?post=542"},{"taxonomy":"post_tag","embeddable":true,"href":"https:\/\/www.bfv.cloud\/ajedrezeuropa\/wp-json\/wp\/v2\/tags?post=542"}],"curies":[{"name":"wp","href":"https:\/\/api.w.org\/{rel}","templated":true}]}}