{"id":544,"date":"2012-08-01T22:55:00","date_gmt":"2012-08-01T22:55:00","guid":{"rendered":"https:\/\/www.bfv.cloud\/ajedrezeuropa\/index.php\/2012\/08\/01\/nuestro-campus-es-noticia-en-mancha-centro-tv\/"},"modified":"2025-11-20T10:19:04","modified_gmt":"2025-11-20T10:19:04","slug":"nuestro-campus-es-noticia-en-mancha-centro-tv","status":"publish","type":"post","link":"https:\/\/www.bfv.cloud\/ajedrezeuropa\/nuestro-campus-es-noticia-en-mancha-centro-tv\/","title":{"rendered":"NUESTRO CAMPUS ES NOTICIA EN MANCHA CENTRO TV"},"content":{"rendered":"<div align=\"center\">\n<div class=\"separator\" style=\"clear: both;text-align: center\"><object><\/object><\/div>\n<div class=\"separator\" style=\"clear: both;text-align: center\">\n<\/div>\n<div class=\"separator\" style=\"clear: both;text-align: center\"><span style=\"color: #274e13;font-family: Verdana, sans-serif\">Aqu\u00ed ten\u00e9is la noticia elaborada por Manchacentro TV sobre la inauguraci\u00f3n de&nbsp;nuestro<\/span><span style=\"color: #274e13;font-family: Verdana, sans-serif\">&nbsp;V CAMPUS DE VERANO. Adem\u00e1s se han emitido reportajes por este mismo canal de TDT, por TV La Mancha y por diversas emisoras de radio y distintos medios de comunicaci\u00f3n escrita. Cuando llegue el momento publicaremos los reportajes sobre la clausura que tendr\u00e1 lugar el s\u00e1bado 4 de agosto en la casa de la cultura de Villafranca de los Caballeros.<\/span><\/div>\n<p><span id=\"goog_2059425544\"><\/span><span id=\"goog_2059425545\"><\/span>\ufeff<\/div>\n","protected":false},"excerpt":{"rendered":"<p>Aqu\u00ed ten\u00e9is la noticia elaborada por Manchacentro TV sobre la inauguraci\u00f3n de&nbsp;nuestro&nbsp;V CAMPUS DE VERANO. Adem\u00e1s se han emitido reportajes por este mismo canal de TDT, por TV La Mancha y por diversas emisoras de radio y distintos medios de comunicaci\u00f3n escrita. Cuando llegue el momento publicaremos los reportajes sobre la clausura que tendr\u00e1 lugar [&hellip;]<\/p>\n","protected":false},"author":1,"featured_media":0,"comment_status":"open","ping_status":"closed","sticky":false,"template":"","format":"standard","meta":{"footnotes":""},"categories":[1],"tags":[],"class_list":["post-544","post","type-post","status-publish","format-standard","hentry","category-noticias"],"_links":{"self":[{"href":"https:\/\/www.bfv.cloud\/ajedrezeuropa\/wp-json\/wp\/v2\/posts\/544","targetHints":{"allow":["GET"]}}],"collection":[{"href":"https:\/\/www.bfv.cloud\/ajedrezeuropa\/wp-json\/wp\/v2\/posts"}],"about":[{"href":"https:\/\/www.bfv.cloud\/ajedrezeuropa\/wp-json\/wp\/v2\/types\/post"}],"author":[{"embeddable":true,"href":"https:\/\/www.bfv.cloud\/ajedrezeuropa\/wp-json\/wp\/v2\/users\/1"}],"replies":[{"embeddable":true,"href":"https:\/\/www.bfv.cloud\/ajedrezeuropa\/wp-json\/wp\/v2\/comments?post=544"}],"version-history":[{"count":1,"href":"https:\/\/www.bfv.cloud\/ajedrezeuropa\/wp-json\/wp\/v2\/posts\/544\/revisions"}],"predecessor-version":[{"id":545,"href":"https:\/\/www.bfv.cloud\/ajedrezeuropa\/wp-json\/wp\/v2\/posts\/544\/revisions\/545"}],"wp:attachment":[{"href":"https:\/\/www.bfv.cloud\/ajedrezeuropa\/wp-json\/wp\/v2\/media?parent=544"}],"wp:term":[{"taxonomy":"category","embeddable":true,"href":"https:\/\/www.bfv.cloud\/ajedrezeuropa\/wp-json\/wp\/v2\/categories?post=544"},{"taxonomy":"post_tag","embeddable":true,"href":"https:\/\/www.bfv.cloud\/ajedrezeuropa\/wp-json\/wp\/v2\/tags?post=544"}],"curies":[{"name":"wp","href":"https:\/\/api.w.org\/{rel}","templated":true}]}}