{"id":546,"date":"2012-01-30T23:59:00","date_gmt":"2012-01-30T23:59:00","guid":{"rendered":"https:\/\/www.bfv.cloud\/ajedrezeuropa\/index.php\/2012\/01\/30\/un-nuevo-fin-de-semana-de-competicion-en-miguelturra-y-mocejon\/"},"modified":"2025-11-20T10:19:18","modified_gmt":"2025-11-20T10:19:18","slug":"un-nuevo-fin-de-semana-de-competicion-en-miguelturra-y-mocejon","status":"publish","type":"post","link":"https:\/\/www.bfv.cloud\/ajedrezeuropa\/un-nuevo-fin-de-semana-de-competicion-en-miguelturra-y-mocejon\/","title":{"rendered":"UN NUEVO FIN DE SEMANA DE COMPETICI\u00d3N EN MIGUELTURRA Y MOCEJ\u00d3N"},"content":{"rendered":"<table cellpadding=\"0\" cellspacing=\"0\" class=\"tr-caption-container\" style=\"float: left;margin-right: 1em;text-align: left\">\n<tbody>\n<tr>\n<td style=\"text-align: center\"><a href=\"https:\/\/www.bfv.cloud\/ajedrezeuropa\/wp-content\/uploads\/2012\/01\/EscolarCiudadReal2012.jpg\" style=\"clear: left;margin-bottom: 1em;margin-left: auto;margin-right: auto\"><img decoding=\"async\" border=\"0\" height=\"240px\" src=\"https:\/\/blogger.googleusercontent.com\/img\/b\/R29vZ2xl\/AVvXsEjo-jkvjQ8XlvRrqCNGUSbODX6B7aZaGvTxWSnNTNORXLLa0b5tyhm6NlPILWcXdvQqmZbM5ONEBamEJUgj4_Zt2_40rJZnCjd996Q2kSs_plSpZu-JgObdL25eIPuJ1983uDEINhjS36c\/s320\/Escolar+Ciudad+Real+2012.jpg\" width=\"320px\" \/><\/a><\/td>\n<\/tr>\n<tr>\n<td class=\"tr-caption\" style=\"text-align: center\">Fernando y Mario durante la 4\u00aa ronda del Escolar Cadete <br \/>\nde Ciudad Real<\/td>\n<\/tr>\n<\/tbody>\n<\/table>\n<p><strong><span style=\", serif\">La fase provincial de Ciudad Real del Campeonato del Deporte en Edad Escolar vivir\u00e1 su jornada final el pr\u00f3ximo domingo 5 de febrero. Mientras en la categor\u00eda cadete la&nbsp;competici\u00f3n est\u00e1 bastante definida, encabezada por 2 de nuestros alumnos, Carlos \u00c1lvarez y Leo de Giorgi, con 4,5 puntos y 4 respectivamente, a falta tan s\u00f3lo de la ronda final; la Infantil todav\u00eda tiene muchas y distintas combinaciones posibles en las 2 partidas restantes, para ofrecer los 3 jugadores y las 3 jugadoras que representar\u00e1n a Ciudad Real en la fase regional que se celebrar\u00e1 en Daimiel. Estos son los enlaces para seguir los resultados el domingo pr\u00f3ximo:<\/span><\/strong><\/p>\n<div align=\"center\"><a href=\"http:\/\/chess-results.com\/tnr63314.aspx?art=1&amp;rd=5&amp;lan=2\"><span style=\"color: purple;font-size: large\">Escolar Cadete Ciudad Real<\/span><\/a><\/div>\n<div align=\"center\"><a href=\"http:\/\/chess-results.com\/tnr63312.aspx?art=1&amp;rd=6&amp;lan=2\"><span style=\"color: purple;font-size: large\">Escolar Infantil Ciudad Real<\/span><\/a><\/div>\n<div align=\"center\">\ufeff<\/div>\n<table align=\"center\" cellpadding=\"0\" cellspacing=\"0\" class=\"tr-caption-container\" style=\"margin-left: auto;margin-right: auto;text-align: center\">\n<tbody>\n<tr>\n<td style=\"text-align: center\"><a href=\"https:\/\/www.bfv.cloud\/ajedrezeuropa\/wp-content\/uploads\/2012\/01\/EscolarCiudadReal2012004.jpg\" style=\"margin-left: auto;margin-right: auto\"><img decoding=\"async\" border=\"0\" height=\"240px\" src=\"https:\/\/blogger.googleusercontent.com\/img\/b\/R29vZ2xl\/AVvXsEgVA45u1FyxsQejCNhBQac-QPepZgm_fIm3t9cxm1VvZfzj1xEpKXo56xyR8Bcnvnjf3Hf3-nmIvYuTVjEYdnxFjQ18tUKaKOsh0mX0PmncWPXTO9st5gsvNPODdT9NVs8sBcn7XYsDkME\/s320\/Escolar+Ciudad+Real+2012+004.jpg\" width=\"320px\" \/><\/a><\/td>\n<\/tr>\n<tr>\n<td class=\"tr-caption\" style=\"text-align: center\">Javier Valdepe\u00f1as ocupa la 12\u00aa plaza del Escolar Infantil<br \/>\nde Ciudad Real<\/td>\n<\/tr>\n<\/tbody>\n<\/table>\n<p><\/p>\n<table cellpadding=\"0\" cellspacing=\"0\" class=\"tr-caption-container\" style=\"float: right;margin-left: 1em;text-align: right\">\n<tbody>\n<tr>\n<td style=\"text-align: center\"><a href=\"https:\/\/www.bfv.cloud\/ajedrezeuropa\/wp-content\/uploads\/2012\/01\/EscolarToledo2012021.jpg\" style=\"clear: right;margin-bottom: 1em;margin-left: auto;margin-right: auto\"><img decoding=\"async\" border=\"0\" height=\"240px\" src=\"https:\/\/blogger.googleusercontent.com\/img\/b\/R29vZ2xl\/AVvXsEjZKI7TTz8dJCZQm7eRoWcwMOrpIUYKX4gKB4xsHcyNbvdmxWIF_Laf4u9LPxZ4GVtlNt0g2iogIb_ETwtNkK1sXQol_BO9g7vVqzi1rgTvDt8nZXkOq8bXsHONZIM49hKuUexFY84XwCU\/s320\/Escolar+Toledo+2012+021.jpg\" width=\"320px\" \/><\/a><\/td>\n<\/tr>\n<tr>\n<td class=\"tr-caption\" style=\"text-align: center\">En el&nbsp;Provincial sub-18 de Toledo se disputaron la 3\u00aa y 4 \u00aa<br \/>\nronda. En la foto vemos&nbsp;a&nbsp; Santiago, Jorge y <br \/>\na la izquierda,&nbsp;sentado jugando su partida,<br \/>\na Sergio.<\/td>\n<\/tr>\n<\/tbody>\n<\/table>\n<p><strong><span style=\", serif\"><span style=\"color: blue\">Entretanto, Toledo, contin\u00faa avanzando en sus competiciones a falta de los 2 d\u00edas decisivos. Por un lado, el Campeonato sub-18 vive unos interesantes enfrentamientos con la importante participaci\u00f3n de 4 de nuestros mejores jugadores. Esta generaci\u00f3n de chicos toledanos nacidos en 1995, con Santi, Daniel, Jorge y Sergio, como sus m\u00e1ximos exponentes, han proporcionado a nuestro ajedrez sus \u00e9xitos m\u00e1s notables. Por&nbsp;eso, desde aqu\u00ed, haremos todo lo necesario para su reconocimiento p\u00fablico e institucional; un reconocimiento que la mezquindad de alg\u00fan dirigente federativo ha impedido que se produzca en algunos lugares. El veto impuesto a estos chicos desde la actual delegaci\u00f3n de Toledo de la FACLM, califica y define a su culpable.&nbsp;Ahora bien,&nbsp;como esto es deporte y&nbsp;admitimos las derrotas, asumiremos,&nbsp;con cierto humor,&nbsp;&nbsp;que, en este aspecto, hemos sido vencidos por las fuerzas de mayor desarrollo de las que dispone el&nbsp;ser humano, a saber: la envidia, la mentira y la idiotez.<\/span>&nbsp;&nbsp;&nbsp;<\/span><\/strong><br \/>\n\ufeff <\/p>\n<table cellpadding=\"0\" cellspacing=\"0\" class=\"tr-caption-container\" style=\"float: right;margin-left: 1em;text-align: right\">\n<tbody>\n<tr>\n<td style=\"text-align: center\"><a href=\"https:\/\/www.bfv.cloud\/ajedrezeuropa\/wp-content\/uploads\/2012\/01\/EscolarToledo2012025.jpg\" style=\"clear: right;margin-bottom: 1em;margin-left: auto;margin-right: auto\"><img decoding=\"async\" border=\"0\" height=\"240px\" src=\"https:\/\/blogger.googleusercontent.com\/img\/b\/R29vZ2xl\/AVvXsEjZbXQgvnbwor18CgL-dPdxwqn3Mx0izxxVafV-TxM1t-l0XjVcGQvojqAjSD5PAhdwdGGrt9BPaJSsMd_vvWwDdzpj_w_RsFmU1Iz_NEHtQM0FEwCrRYjojRYtHc35kiOIOC0P9WqgG-w\/s320\/Escolar+Toledo+2012+025.jpg\" width=\"320px\" \/><\/a><\/td>\n<\/tr>\n<tr>\n<td class=\"tr-caption\" style=\"text-align: center\">Jes\u00fas M\u00aa ocupa la 3\u00aa posici\u00f3n en el Cadete de Toledo<\/td>\n<\/tr>\n<\/tbody>\n<\/table>\n<p>\ufeff <\/p>\n<p>\n<strong><span style=\"color: blue;, serif\">En el Cadete, Jes\u00fas Mar\u00eda con 3 puntos e Isaac con 2, ocupan los puestos 3\u00ba y 10\u00ba de la clasificaci\u00f3n tras celebrarse 4 rondas. Sus pr\u00f3ximas partidas resultar\u00e1n definitivas para sus posibilidades de representar a Toledo en la fase regional.<\/span><\/strong><br \/>\n\ufeff <\/p>\n<table cellpadding=\"0\" cellspacing=\"0\" class=\"tr-caption-container\" style=\"float: right;margin-left: 1em;text-align: right\">\n<tbody>\n<tr>\n<td style=\"text-align: center\"><a href=\"https:\/\/www.bfv.cloud\/ajedrezeuropa\/wp-content\/uploads\/2012\/01\/EscolarToledo2012017.jpg\" style=\"clear: right;margin-bottom: 1em;margin-left: auto;margin-right: auto\"><img decoding=\"async\" border=\"0\" height=\"240px\" src=\"https:\/\/blogger.googleusercontent.com\/img\/b\/R29vZ2xl\/AVvXsEh3Ci5tc8L-YBfnCDx7FpZJCHD7JJznKTT5wCt1jwoxyWOvjarMzZLIV2zfI6bmqpDzKYtgWYd2XMHWBBTCF8dD_F-m2GFqqZE17BkGox7OjE0bdOKVDJf3Xtq6PEzWMJ0A9ejTckT0lbc\/s320\/Escolar+Toledo+2012+017.jpg\" width=\"320px\" \/><\/a><\/td>\n<\/tr>\n<tr>\n<td class=\"tr-caption\" style=\"text-align: center\">El buen nivel de varias chicas del Infantil de Toledo<br \/>\nles permite ocupar las primeras posiciones en la<br \/>\nclasificaci\u00f3n provisional despu\u00e9s de 5 rondas.<br \/>\nEn la foto, Irene, 2\u00aa clasificada femenina.<\/td>\n<\/tr>\n<\/tbody>\n<\/table>\n<p>\n\ufeff <strong><span style=\"color: blue;, serif\">Aunque, si algo destaca este a\u00f1o, es la constante presencia entre los primeros puestos de la clasificaci\u00f3n de un gran n\u00famero de chicas que, ya sea en el Cadete&nbsp;o en el Infantil, demuestran la positiva evoluci\u00f3n del ajedrez femenino. En lo que respecta a nuestras jugadoras, debemos destacar las actuaciones de Irene, Silvia y Mar\u00eda, las 2 primeras en el grupo de 4 puntos y Mar\u00eda, en su primer a\u00f1o de sub-10, con 2 puntos tras 5 rondas.<\/span><\/strong><br \/>\n<strong><span style=\"color: blue;font-family: Georgia\">A todos nuestros chicos y chicas participantes&nbsp; en estos escolares, les deseamos un excelente final de campeonatos. Estamos convencidos&nbsp; que desde los mayores a los m\u00e1s peque\u00f1os podr\u00e1n disfrutar de su afici\u00f3n por el ajedrez, cumpliendo de paso con sus objetivos personales.<\/span><\/strong><br \/>\n<strong><span style=\"color: blue;font-family: Georgia\">Estos son los enlaces de las competiciones de Toledo:<\/span><\/strong><\/p>\n<div align=\"center\"><a href=\"http:\/\/chess-results.com\/tnr64493.aspx?art=1&amp;rd=3&amp;lan=2\"><span style=\"font-size: large\">Provincial sub-18 Toledo<\/span><\/a><\/div>\n<div align=\"center\"><a href=\"http:\/\/chess-results.com\/tnr63816.aspx?art=1&amp;rd=4&amp;lan=2\"><span style=\"font-size: large\">Escolar Cadete Toledo<\/span><\/a><\/div>\n<div align=\"center\"><a href=\"http:\/\/chess-results.com\/tnr64092.aspx?art=1&amp;rd=5&amp;lan=2\"><span style=\"font-size: large\">Escolar Infantil Toledo<\/span><\/a><\/div>\n<p>\ufeff\ufeff\ufeff <\/p>\n<table cellpadding=\"0\" cellspacing=\"0\" class=\"tr-caption-container\" style=\"margin-left: auto;margin-right: auto;text-align: center\">\n<tbody>\n<tr>\n<td style=\"text-align: center\"><a href=\"https:\/\/www.bfv.cloud\/ajedrezeuropa\/wp-content\/uploads\/2012\/01\/EscolarToledo2012016.jpg\" style=\"clear: right;margin-bottom: 1em;margin-left: auto;margin-right: auto\"><img decoding=\"async\" border=\"0\" height=\"240px\" src=\"https:\/\/blogger.googleusercontent.com\/img\/b\/R29vZ2xl\/AVvXsEhXYymNMnihwSfDGdOITxyG_imyyB7UNYi2FadB8VhOuuk7TQCuojWwvlXLESONwnZMN-0dQtHWwN7yVNbwC-F3CY8suUXvux-e0fo_xxTvYd0QqDnx5dK_YZaE4F7Bj2YZ58wiiuAU3Zg\/s320\/Escolar+Toledo+2012+016.jpg\" width=\"320px\" \/><\/a><\/td>\n<\/tr>\n<tr>\n<td class=\"tr-caption\" style=\"text-align: center\">Silvia es 3\u00aa del Escolar Infantil toledano.<br \/>\nLa 6\u00aa y 7\u00aa ronda, que se jugar\u00e1n el pr\u00f3ximo s\u00e1bado<br \/>\n4 de febrero, determinar\u00e1n las chicas y chicos <br \/>\nclasificados para la fase regional del<br \/>\nCampeonato en Edad Escolar.<\/td>\n<\/tr>\n<\/tbody>\n<\/table>\n<p>\ufeff\ufeff\ufeff<\/p>\n","protected":false},"excerpt":{"rendered":"<p>Fernando y Mario durante la 4\u00aa ronda del Escolar Cadete de Ciudad Real La fase provincial de Ciudad Real del Campeonato del Deporte en Edad Escolar vivir\u00e1 su jornada final el pr\u00f3ximo domingo 5 de febrero. Mientras en la categor\u00eda cadete la&nbsp;competici\u00f3n est\u00e1 bastante definida, encabezada por 2 de nuestros alumnos, Carlos \u00c1lvarez y Leo [&hellip;]<\/p>\n","protected":false},"author":1,"featured_media":547,"comment_status":"open","ping_status":"closed","sticky":false,"template":"","format":"standard","meta":{"footnotes":""},"categories":[1],"tags":[],"class_list":["post-546","post","type-post","status-publish","format-standard","has-post-thumbnail","hentry","category-noticias"],"_links":{"self":[{"href":"https:\/\/www.bfv.cloud\/ajedrezeuropa\/wp-json\/wp\/v2\/posts\/546","targetHints":{"allow":["GET"]}}],"collection":[{"href":"https:\/\/www.bfv.cloud\/ajedrezeuropa\/wp-json\/wp\/v2\/posts"}],"about":[{"href":"https:\/\/www.bfv.cloud\/ajedrezeuropa\/wp-json\/wp\/v2\/types\/post"}],"author":[{"embeddable":true,"href":"https:\/\/www.bfv.cloud\/ajedrezeuropa\/wp-json\/wp\/v2\/users\/1"}],"replies":[{"embeddable":true,"href":"https:\/\/www.bfv.cloud\/ajedrezeuropa\/wp-json\/wp\/v2\/comments?post=546"}],"version-history":[{"count":1,"href":"https:\/\/www.bfv.cloud\/ajedrezeuropa\/wp-json\/wp\/v2\/posts\/546\/revisions"}],"predecessor-version":[{"id":553,"href":"https:\/\/www.bfv.cloud\/ajedrezeuropa\/wp-json\/wp\/v2\/posts\/546\/revisions\/553"}],"wp:featuredmedia":[{"embeddable":true,"href":"https:\/\/www.bfv.cloud\/ajedrezeuropa\/wp-json\/wp\/v2\/media\/547"}],"wp:attachment":[{"href":"https:\/\/www.bfv.cloud\/ajedrezeuropa\/wp-json\/wp\/v2\/media?parent=546"}],"wp:term":[{"taxonomy":"category","embeddable":true,"href":"https:\/\/www.bfv.cloud\/ajedrezeuropa\/wp-json\/wp\/v2\/categories?post=546"},{"taxonomy":"post_tag","embeddable":true,"href":"https:\/\/www.bfv.cloud\/ajedrezeuropa\/wp-json\/wp\/v2\/tags?post=546"}],"curies":[{"name":"wp","href":"https:\/\/api.w.org\/{rel}","templated":true}]}}