{"id":554,"date":"2014-07-13T07:18:00","date_gmt":"2014-07-13T07:18:00","guid":{"rendered":"https:\/\/www.bfv.cloud\/ajedrezeuropa\/index.php\/2014\/07\/13\/el-gm-elizbar-ubilava-se-reincorpora-a-nuestro-campus\/"},"modified":"2025-11-20T10:19:21","modified_gmt":"2025-11-20T10:19:21","slug":"el-gm-elizbar-ubilava-se-reincorpora-a-nuestro-campus","status":"publish","type":"post","link":"https:\/\/www.bfv.cloud\/ajedrezeuropa\/el-gm-elizbar-ubilava-se-reincorpora-a-nuestro-campus\/","title":{"rendered":"EL GM ELIZBAR UBILAVA SE REINCORPORA A NUESTRO CAMPUS"},"content":{"rendered":"<div class=\"separator\" style=\"clear: both;text-align: center\">\n<a href=\"https:\/\/www.bfv.cloud\/ajedrezeuropa\/wp-content\/uploads\/2014\/07\/cartelVIIcampusconubi.jpg\" style=\"clear: left;float: left;margin-bottom: 1em;margin-right: 1em\"><img fetchpriority=\"high\" decoding=\"async\" border=\"0\" src=\"https:\/\/www.bfv.cloud\/ajedrezeuropa\/wp-content\/uploads\/2014\/07\/cartelVIIcampusconubi.jpg\" height=\"640\" width=\"452\" \/><\/a><span style=\"font-family: Verdana, sans-serif\"><b><span style=\"font-size: 12pt;text-align: justify\"><\/span><\/b><\/span><\/div>\n<div class=\"separator\" style=\"clear: both;text-align: center\">\n<span style=\"font-family: Verdana, sans-serif\"><b><span style=\"font-size: 12pt;text-align: justify\">La s\u00e9ptima edici\u00f3n del campus de<br \/>\nperfeccionamiento \u201cNuestro Ajedrez en Europa\u201d contar\u00e1, de nuevo, con la<br \/>\npresencia de los grandes maestros internacionales: Elizbar Ubilava y Herminio<br \/>\nHerr\u00e1iz. La reincorporaci\u00f3n del<\/span><span style=\"font-size: 12pt;text-align: justify\">&nbsp;<br \/>\n<\/span><span style=\"font-size: 12pt;text-align: justify\">prestigioso entrenador de origen georgiano, Elizbar Ubilava, tras la<br \/>\nausencia del a\u00f1o pasado, fue uno de los objetivos m\u00e1s importantes que nos<br \/>\ntrazamos para este campus y, finalmente, se ha conseguido. A estos 2 magn\u00edficos<br \/>\npreparadores de renombre internacional se une el grupo de monitores habituales formados en nuestras escuelas: Antonio Albo, Luismi Monreal y Sergio Y\u00e9benes, que estar\u00e1n apoyados por el joven valor, monitor nacional de la FEDA, con experiencia al frente de la escuela de ajedrez de Illescas, Daniel P\u00edriz. Este excelente grupo de entrenadores y preparadores se completa con Ana Isabel Gonz\u00e1lez para los grupos de tecnificaci\u00f3n. Aunque a estas alturas de julio son casi 20 los alumnos inscritos para el &nbsp;pr\u00f3ximo campus, os recordamos que el periodo oficial de pago de las tasas comenzar\u00e1 este mi\u00e9rcoles, d\u00eda 16. \u00a1\u00a1 Para todo joven aficionado al ajedrez merece la pena vivir, por si mismo, la experiencia de este campus!!<\/span><\/b><\/span><span style=\"font-size: 12pt;text-align: justify\">&nbsp;<\/span><\/div>\n<p><\/p>\n<div class=\"MsoTitle\" style=\"text-align: justify\">\n<span style=\"font-size: 12pt\"><\/span><\/div>\n<p><\/p>\n<div class=\"separator\" style=\"clear: both;text-align: center\">\n<a href=\"https:\/\/www.bfv.cloud\/ajedrezeuropa\/wp-content\/uploads\/2014\/07\/TRIPC397TICOVIICAMPUSconubi.jpg\" style=\"clear: right;float: right;margin-bottom: 1em;margin-left: 1em\"><img decoding=\"async\" border=\"0\" src=\"https:\/\/www.bfv.cloud\/ajedrezeuropa\/wp-content\/uploads\/2014\/07\/TRIPC397TICOVIICAMPUSconubi.jpg\" height=\"451\" width=\"640\" \/><\/a><a href=\"https:\/\/www.bfv.cloud\/ajedrezeuropa\/wp-content\/uploads\/2014\/07\/TRIPC397TICOVIICAMPUSconubi-1.jpg\" style=\"margin-left: 1em;margin-right: 1em\"><img decoding=\"async\" border=\"0\" src=\"https:\/\/www.bfv.cloud\/ajedrezeuropa\/wp-content\/uploads\/2014\/07\/TRIPC397TICOVIICAMPUSconubi-1.jpg\" height=\"452\" width=\"640\" \/><\/a><\/div>\n<p><\/p>\n","protected":false},"excerpt":{"rendered":"<p>La s\u00e9ptima edici\u00f3n del campus de perfeccionamiento \u201cNuestro Ajedrez en Europa\u201d contar\u00e1, de nuevo, con la presencia de los grandes maestros internacionales: Elizbar Ubilava y Herminio Herr\u00e1iz. La reincorporaci\u00f3n del&nbsp; prestigioso entrenador de origen georgiano, Elizbar Ubilava, tras la ausencia del a\u00f1o pasado, fue uno de los objetivos m\u00e1s importantes que nos trazamos para este [&hellip;]<\/p>\n","protected":false},"author":1,"featured_media":555,"comment_status":"open","ping_status":"closed","sticky":false,"template":"","format":"standard","meta":{"footnotes":""},"categories":[1],"tags":[],"class_list":["post-554","post","type-post","status-publish","format-standard","has-post-thumbnail","hentry","category-noticias"],"_links":{"self":[{"href":"https:\/\/www.bfv.cloud\/ajedrezeuropa\/wp-json\/wp\/v2\/posts\/554","targetHints":{"allow":["GET"]}}],"collection":[{"href":"https:\/\/www.bfv.cloud\/ajedrezeuropa\/wp-json\/wp\/v2\/posts"}],"about":[{"href":"https:\/\/www.bfv.cloud\/ajedrezeuropa\/wp-json\/wp\/v2\/types\/post"}],"author":[{"embeddable":true,"href":"https:\/\/www.bfv.cloud\/ajedrezeuropa\/wp-json\/wp\/v2\/users\/1"}],"replies":[{"embeddable":true,"href":"https:\/\/www.bfv.cloud\/ajedrezeuropa\/wp-json\/wp\/v2\/comments?post=554"}],"version-history":[{"count":1,"href":"https:\/\/www.bfv.cloud\/ajedrezeuropa\/wp-json\/wp\/v2\/posts\/554\/revisions"}],"predecessor-version":[{"id":558,"href":"https:\/\/www.bfv.cloud\/ajedrezeuropa\/wp-json\/wp\/v2\/posts\/554\/revisions\/558"}],"wp:featuredmedia":[{"embeddable":true,"href":"https:\/\/www.bfv.cloud\/ajedrezeuropa\/wp-json\/wp\/v2\/media\/555"}],"wp:attachment":[{"href":"https:\/\/www.bfv.cloud\/ajedrezeuropa\/wp-json\/wp\/v2\/media?parent=554"}],"wp:term":[{"taxonomy":"category","embeddable":true,"href":"https:\/\/www.bfv.cloud\/ajedrezeuropa\/wp-json\/wp\/v2\/categories?post=554"},{"taxonomy":"post_tag","embeddable":true,"href":"https:\/\/www.bfv.cloud\/ajedrezeuropa\/wp-json\/wp\/v2\/tags?post=554"}],"curies":[{"name":"wp","href":"https:\/\/api.w.org\/{rel}","templated":true}]}}