{"id":559,"date":"2017-09-05T09:40:00","date_gmt":"2017-09-05T09:40:00","guid":{"rendered":"https:\/\/www.bfv.cloud\/ajedrezeuropa\/index.php\/2017\/09\/05\/xxi-torneo-abierto-de-villafranca-de-los-caballeros\/"},"modified":"2025-11-20T10:19:24","modified_gmt":"2025-11-20T10:19:24","slug":"xxi-torneo-abierto-de-villafranca-de-los-caballeros","status":"publish","type":"post","link":"https:\/\/www.bfv.cloud\/ajedrezeuropa\/xxi-torneo-abierto-de-villafranca-de-los-caballeros\/","title":{"rendered":"XXI TORNEO ABIERTO DE VILLAFRANCA DE LOS CABALLEROS"},"content":{"rendered":"<div class=\"separator\" style=\"clear: both;text-align: center\">\n<\/div>\n<div class=\"separator\" style=\"clear: both;text-align: center\">\n<a href=\"https:\/\/www.bfv.cloud\/ajedrezeuropa\/wp-content\/uploads\/2017\/09\/CARTELTORNEOAJEDREZVILLAFRANCA2017.jpg\" style=\"margin-left: 1em;margin-right: 1em\"><img fetchpriority=\"high\" decoding=\"async\" border=\"0\" data-original-height=\"1600\" data-original-width=\"1311\" height=\"640\" src=\"https:\/\/blogger.googleusercontent.com\/img\/b\/R29vZ2xl\/AVvXsEg4L2jTdETk0b3RSNLfbJGy3ELtX5UbSof9vkNZD0YR0vdzEGM50xWETJ15tzZjCoBpwUkT7dCrJYA-jBh2T0hIjFbyK7WkFgyh9NEQJctQdRQ6LABJMECauBxNmp5KsB6Dx3FW-zrPSxU\/s640\/CARTEL+TORNEO+AJEDREZ+VILLAFRANCA+2017.jpg\" width=\"524\" \/><\/a><\/div>\n<p><span style=\"color: #073763;, sans-serif;font-size: large\"><b><br \/><\/b><\/span><br \/>\n<span style=\"color: #073763;, sans-serif;font-size: large\"><b>Aqu\u00ed ten\u00e9is la informaci\u00f3n sobre el pr\u00f3ximo torneo de ajedrez de Villafranca. Ser\u00e1 el <u>s\u00e1bado 16 de septiembre en jornada de tarde, con comienzo a las 16 horas en el sal\u00f3n de actos de la casa de la cultura<\/u>. Las inscripciones pueden realizarse hasta el 15 de septiembre en el correo electr\u00f3nico que figura en el cartel y en las bases del torneo que publicamos. Se entregar\u00e1n 12 trofeos, repartidos entre las categor\u00edas: absoluta, sub-16 y sub-12.<\/b><\/span><br \/>\n<span style=\"color: #073763;, sans-serif;font-size: large\"><b>\u00a1Esperamos vuestra participaci\u00f3n!<\/b><\/span><\/p>\n<div class=\"separator\" style=\"clear: both;text-align: center\">\n<\/div>\n<div class=\"separator\" style=\"clear: both;text-align: center\">\n<a href=\"https:\/\/www.bfv.cloud\/ajedrezeuropa\/wp-content\/uploads\/2017\/09\/0001.jpg\" style=\"margin-left: 1em;margin-right: 1em\"><img decoding=\"async\" border=\"0\" data-original-height=\"1600\" data-original-width=\"1132\" height=\"640\" src=\"https:\/\/blogger.googleusercontent.com\/img\/b\/R29vZ2xl\/AVvXsEjQoz-swxO7MG1BY8XRFIHFCOIAmPh4wub9XWo08Qd6iR3nc63hZfBXnT0QLFPaIhFGNsqr99TFdWWdTq0y2Gp_TKIoiijuUgSItXXg2oj_FA4Jo05_7_bfucP2kSQb3eoa3bNWDSbetIY\/s640\/0001.jpg\" width=\"452\" \/><\/a><\/div>\n<p><\/p>\n","protected":false},"excerpt":{"rendered":"<p>Aqu\u00ed ten\u00e9is la informaci\u00f3n sobre el pr\u00f3ximo torneo de ajedrez de Villafranca. Ser\u00e1 el s\u00e1bado 16 de septiembre en jornada de tarde, con comienzo a las 16 horas en el sal\u00f3n de actos de la casa de la cultura. Las inscripciones pueden realizarse hasta el 15 de septiembre en el correo electr\u00f3nico que figura en [&hellip;]<\/p>\n","protected":false},"author":1,"featured_media":560,"comment_status":"open","ping_status":"closed","sticky":false,"template":"","format":"standard","meta":{"footnotes":""},"categories":[1],"tags":[],"class_list":["post-559","post","type-post","status-publish","format-standard","has-post-thumbnail","hentry","category-noticias"],"_links":{"self":[{"href":"https:\/\/www.bfv.cloud\/ajedrezeuropa\/wp-json\/wp\/v2\/posts\/559","targetHints":{"allow":["GET"]}}],"collection":[{"href":"https:\/\/www.bfv.cloud\/ajedrezeuropa\/wp-json\/wp\/v2\/posts"}],"about":[{"href":"https:\/\/www.bfv.cloud\/ajedrezeuropa\/wp-json\/wp\/v2\/types\/post"}],"author":[{"embeddable":true,"href":"https:\/\/www.bfv.cloud\/ajedrezeuropa\/wp-json\/wp\/v2\/users\/1"}],"replies":[{"embeddable":true,"href":"https:\/\/www.bfv.cloud\/ajedrezeuropa\/wp-json\/wp\/v2\/comments?post=559"}],"version-history":[{"count":1,"href":"https:\/\/www.bfv.cloud\/ajedrezeuropa\/wp-json\/wp\/v2\/posts\/559\/revisions"}],"predecessor-version":[{"id":562,"href":"https:\/\/www.bfv.cloud\/ajedrezeuropa\/wp-json\/wp\/v2\/posts\/559\/revisions\/562"}],"wp:featuredmedia":[{"embeddable":true,"href":"https:\/\/www.bfv.cloud\/ajedrezeuropa\/wp-json\/wp\/v2\/media\/560"}],"wp:attachment":[{"href":"https:\/\/www.bfv.cloud\/ajedrezeuropa\/wp-json\/wp\/v2\/media?parent=559"}],"wp:term":[{"taxonomy":"category","embeddable":true,"href":"https:\/\/www.bfv.cloud\/ajedrezeuropa\/wp-json\/wp\/v2\/categories?post=559"},{"taxonomy":"post_tag","embeddable":true,"href":"https:\/\/www.bfv.cloud\/ajedrezeuropa\/wp-json\/wp\/v2\/tags?post=559"}],"curies":[{"name":"wp","href":"https:\/\/api.w.org\/{rel}","templated":true}]}}