{"id":563,"date":"2013-02-05T18:00:00","date_gmt":"2013-02-05T18:00:00","guid":{"rendered":"https:\/\/www.bfv.cloud\/ajedrezeuropa\/index.php\/2013\/02\/05\/primeras-jornadas-el-ajedrez-en-el-pensamiento-estrategico\/"},"modified":"2025-11-20T10:19:25","modified_gmt":"2025-11-20T10:19:25","slug":"primeras-jornadas-el-ajedrez-en-el-pensamiento-estrategico","status":"publish","type":"post","link":"https:\/\/www.bfv.cloud\/ajedrezeuropa\/primeras-jornadas-el-ajedrez-en-el-pensamiento-estrategico\/","title":{"rendered":"PRIMERAS JORNADAS \u201cEL AJEDREZ EN EL PENSAMIENTO ESTRAT\u00c9GICO\u201d"},"content":{"rendered":"<div class=\"separator\" style=\"clear: both;text-align: center\">\n<a href=\"https:\/\/www.bfv.cloud\/ajedrezeuropa\/wp-content\/uploads\/2013\/02\/CARTELDELASJORNADASENELCENTROPENITENCIARIOALCC381ZAR2013.jpg\" style=\"clear: left;float: left;margin-bottom: 1em;margin-right: 1em\"><img fetchpriority=\"high\" decoding=\"async\" border=\"0\" height=\"400\" src=\"https:\/\/blogger.googleusercontent.com\/img\/b\/R29vZ2xl\/AVvXsEif11v7Wjl7ZjRMhbGtJFZM0pIXxR5R2SYOFYErW8gnv1prUfPH_Y53fNz2Z-atHi3WY-6-kHjpfGCUKSVvu-c5z0brIBijq9eGMsJ2c9A6iPoWXLxTcaD-4d-eXwNwjIsBmkXqfurWTwg\/s400\/CARTEL+DE+LAS+JORNADAS+EN+EL+CENTRO+PENITENCIARIO+ALC%C3%81ZAR+2013.JPG\" width=\"282\" \/><\/a><\/div>\n<h2 style=\"text-align: center\">\n<u><span style=\"color: #38761d;font-family: Verdana, sans-serif;font-size: large\">\u201cNuestro Ajedrez en Europa\u201d avanza en el terreno social<\/span><\/u><\/h2>\n<div>\n<div class=\"MsoBodyText\">\n<span style=\"color: #38761d;font-family: Verdana, sans-serif\"><b>El Centro Penitenciario de Alc\u00e1zar de San Juan ser\u00e1<br \/>\ntestigo del inicio en las actividades de car\u00e1cter social del proyecto \u201cNuestro<br \/>\nAjedrez en Europa\u201d. De esta forma, los pr\u00f3ximos d\u00edas 11 y 12 de febrero y el 11<br \/>\nde marzo, en horario de tarde, se desarrollar\u00e1n las primeras jornadas sobre \u201cEl<br \/>\najedrez en el pensamiento estrat\u00e9gico\u201d en las dependencias de esta<br \/>\npenitenciar\u00eda. Esta nueva vertiente de trabajo tiene un important\u00edsimo calado<br \/>\nen el \u00e1mbito de lo social, poni\u00e9ndose en marcha gracias a un convenio de<br \/>\ncolaboraci\u00f3n espec\u00edfico con el ayuntamiento alcazare\u00f1o para su exclusivo<br \/>\ndesarrollo en esta materia. La idea de ense\u00f1ar a los internos del centro<br \/>\nfacetas como el control de los impulsos y el razonamiento a largo plazo<br \/>\nutilizando el ajedrez como herramienta no es ninguna novedad para el mundo del<br \/>\najedrez. Como es sabido, el Club Magic de M\u00e9rida, con el que ya existe un<br \/>\nconvenio firmado por los respectivos clubes, lo viene realizando durante los<br \/>\n\u00faltimos a\u00f1os en los centros penitenciarios de Extremadura con magn\u00edficos<br \/>\nresultados, por eso, ser\u00e1 un honor para todos contar con su colaboraci\u00f3n a<br \/>\ntrav\u00e9s de la presencia de Juan Antonio Montero, psic\u00f3logo coordinador de los<br \/>\nproyectos sociales del club, durante la jornada inaugural. Esta funci\u00f3n de<br \/>\nense\u00f1anza de los recursos ajedrec\u00edsticos para aplicarlos a nuestras actuaciones<br \/>\ndel d\u00eda a d\u00eda, as\u00ed como su utilidad preventiva en las enfermedades degenerativas<br \/>\ndel cerebro, abre un campo inmenso para una mayor implantaci\u00f3n del ajedrez en<br \/>\nla sociedad. Un terreno \u00e9ste de enormes posibilidades para el empleo met\u00f3dico y<br \/>\nsistem\u00e1tico de la t\u00e9cnica del entrenamiento del ajedrez, que har\u00eda crecer<br \/>\nsustancialmente el inter\u00e9s por el deporte de la mente.<\/b><\/span><\/div>\n<h4>\n<div class=\"MsoNormal\" style=\"text-align: justify\">\n<span style=\"font-size: 14pt\"><span style=\"color: #38761d;font-family: Verdana, sans-serif;font-weight: normal\">Estas primeras<br \/>\njornadas se hacen realidad gracias a la colaboraci\u00f3n entre distintas<br \/>\ninstituciones, estando todas ellas presentes en la rueda de prensa de<br \/>\npresentaci\u00f3n que tendr\u00e1 lugar en la sala de comisiones del ayuntamiento de<br \/>\nAlc\u00e1zar a las 11,30 de la ma\u00f1ana del lunes 11 de febrero. Por un lado, la representaci\u00f3n<br \/>\nmunicipal contar\u00e1 con Diego Ortega, alcalde de Alc\u00e1zar, y Manuel de la Gu\u00eda,<br \/>\nconcejal de deportes y presidente del IMD; por otro, la instituci\u00f3n<br \/>\npenitenciaria con Mercedes Iruarrizaga, como directora, y Miriam P\u00e9rez, como<br \/>\nsubdirectora de Tratamiento; y por \u00faltimo, en la parte correspondiente al<br \/>\najedrez, estar\u00e1n presentes los 2 ponentes de las jornadas: Juan Antonio<br \/>\nMontero, psic\u00f3logo y presidente del Magic, y F\u00e9lix Toribio, director del<br \/>\nproyecto \u201cNuestro Ajedrez en Europa\u201d.&nbsp;<\/span><span style=\"font-family: Tahoma, sans-serif\"><\/span><\/span><\/div>\n<\/h4>\n<\/div>\n","protected":false},"excerpt":{"rendered":"<p>\u201cNuestro Ajedrez en Europa\u201d avanza en el terreno social El Centro Penitenciario de Alc\u00e1zar de San Juan ser\u00e1 testigo del inicio en las actividades de car\u00e1cter social del proyecto \u201cNuestro Ajedrez en Europa\u201d. De esta forma, los pr\u00f3ximos d\u00edas 11 y 12 de febrero y el 11 de marzo, en horario de tarde, se desarrollar\u00e1n [&hellip;]<\/p>\n","protected":false},"author":1,"featured_media":564,"comment_status":"open","ping_status":"closed","sticky":false,"template":"","format":"standard","meta":{"footnotes":""},"categories":[1],"tags":[],"class_list":["post-563","post","type-post","status-publish","format-standard","has-post-thumbnail","hentry","category-noticias"],"_links":{"self":[{"href":"https:\/\/www.bfv.cloud\/ajedrezeuropa\/wp-json\/wp\/v2\/posts\/563","targetHints":{"allow":["GET"]}}],"collection":[{"href":"https:\/\/www.bfv.cloud\/ajedrezeuropa\/wp-json\/wp\/v2\/posts"}],"about":[{"href":"https:\/\/www.bfv.cloud\/ajedrezeuropa\/wp-json\/wp\/v2\/types\/post"}],"author":[{"embeddable":true,"href":"https:\/\/www.bfv.cloud\/ajedrezeuropa\/wp-json\/wp\/v2\/users\/1"}],"replies":[{"embeddable":true,"href":"https:\/\/www.bfv.cloud\/ajedrezeuropa\/wp-json\/wp\/v2\/comments?post=563"}],"version-history":[{"count":1,"href":"https:\/\/www.bfv.cloud\/ajedrezeuropa\/wp-json\/wp\/v2\/posts\/563\/revisions"}],"predecessor-version":[{"id":565,"href":"https:\/\/www.bfv.cloud\/ajedrezeuropa\/wp-json\/wp\/v2\/posts\/563\/revisions\/565"}],"wp:featuredmedia":[{"embeddable":true,"href":"https:\/\/www.bfv.cloud\/ajedrezeuropa\/wp-json\/wp\/v2\/media\/564"}],"wp:attachment":[{"href":"https:\/\/www.bfv.cloud\/ajedrezeuropa\/wp-json\/wp\/v2\/media?parent=563"}],"wp:term":[{"taxonomy":"category","embeddable":true,"href":"https:\/\/www.bfv.cloud\/ajedrezeuropa\/wp-json\/wp\/v2\/categories?post=563"},{"taxonomy":"post_tag","embeddable":true,"href":"https:\/\/www.bfv.cloud\/ajedrezeuropa\/wp-json\/wp\/v2\/tags?post=563"}],"curies":[{"name":"wp","href":"https:\/\/api.w.org\/{rel}","templated":true}]}}