{"id":566,"date":"2023-09-01T18:31:00","date_gmt":"2023-09-01T18:31:00","guid":{"rendered":"https:\/\/www.bfv.cloud\/ajedrezeuropa\/index.php\/2023\/09\/01\/xxvi-torneo-de-ajedrez-abierto-de-villafranca-de-los-caballeros\/"},"modified":"2025-11-20T10:19:27","modified_gmt":"2025-11-20T10:19:27","slug":"xxvi-torneo-de-ajedrez-abierto-de-villafranca-de-los-caballeros","status":"publish","type":"post","link":"https:\/\/www.bfv.cloud\/ajedrezeuropa\/xxvi-torneo-de-ajedrez-abierto-de-villafranca-de-los-caballeros\/","title":{"rendered":"XXVI TORNEO DE AJEDREZ ABIERTO DE VILLAFRANCA DE LOS CABALLEROS"},"content":{"rendered":"<p>&nbsp;<\/p>\n<div class=\"separator\" style=\"clear: both;text-align: center\"><a href=\"https:\/\/www.bfv.cloud\/ajedrezeuropa\/wp-content\/uploads\/2023\/09\/CARTEL20TORNEO20FERIA202023_001.jpg\" style=\"margin-left: 1em;margin-right: 1em\"><img fetchpriority=\"high\" decoding=\"async\" border=\"0\" data-original-height=\"842\" data-original-width=\"595\" height=\"640\" src=\"https:\/\/blogger.googleusercontent.com\/img\/b\/R29vZ2xl\/AVvXsEiO7hlwMmlQR9MtDY6ouCI_gR1B6P4V_LJSr72uuT8nhLmTMyPqYMv6FfxK-kvN0ZWzXT-TdjQhfUPeIHRxOiG7WJdxyGtJxjulo4AO4jxNA5lSjivo1oY1QsaNAdyDjKQKFioVHLGhKdzpSsJFBM21GFrNLMK9WMGPBrPAz3XiOIoaYfJRjQeIFwkjlkM\/w452-h640\/CARTEL%20TORNEO%20FERIA%202023_001.jpg\" width=\"452\" \/><\/a><\/div>\n<p><span style=\"font-family: Open Sans;font-size: large\">El s\u00e1bado 16 de septiembre por la ma\u00f1ana se disputar\u00e1 una nueva edici\u00f3n del Torneo Abierto de Villafranca en el sal\u00f3n de actos de la casa de la cultura. Se repartir\u00e1n un total de 12 trofeos, repartidos entre las categor\u00edas absoluta, sub16 y sub12, para campe\u00f3n y subcampe\u00f3n, campeona femenina y campe\u00f3n local. El periodo de inscripciones est\u00e1 abierto hasta el 14 de septiembre o hasta que se complete el aforo.<\/span><\/p>\n<div><span style=\"font-family: Open Sans;font-size: large\">En las bases que publicamos a continuaci\u00f3n se encuentran m\u00e1s caracter\u00edsticas del torneo.<\/span><\/div>\n<div>\n<div class=\"separator\" style=\"clear: both;text-align: center\"><a href=\"https:\/\/www.bfv.cloud\/ajedrezeuropa\/wp-content\/uploads\/2023\/09\/BASES20DEL20XXVI20TORNEO20FERIA20202320VILLAFRANCA_001.jpg\" style=\"margin-left: 1em;margin-right: 1em\"><img decoding=\"async\" border=\"0\" data-original-height=\"842\" data-original-width=\"595\" height=\"640\" src=\"https:\/\/blogger.googleusercontent.com\/img\/b\/R29vZ2xl\/AVvXsEj5v3ULqGxzQxgfMfLXWcdDUjBpvHX1CbKvZaQID9gIyeQfBTngbVcWgxNVcx6v3rffaJzSWp0tEP1cILugySKGw31ZjJzY4HJMGLK19fKID_dGJXmSjHsFRLbhdaPza5XdixpVm9i1fCGX9xhUANqfR0I0nZSMx2gbNI6rEO3JEsKw039OkTf_ar4CKBg\/w452-h640\/BASES%20DEL%20XXVI%20TORNEO%20FERIA%202023%20VILLAFRANCA_001.jpg\" width=\"452\" \/><\/a><\/div>\n<p><span style=\"font-family: Open Sans;font-size: large\"><br \/><\/span><\/div>\n","protected":false},"excerpt":{"rendered":"<p>&nbsp; El s\u00e1bado 16 de septiembre por la ma\u00f1ana se disputar\u00e1 una nueva edici\u00f3n del Torneo Abierto de Villafranca en el sal\u00f3n de actos de la casa de la cultura. Se repartir\u00e1n un total de 12 trofeos, repartidos entre las categor\u00edas absoluta, sub16 y sub12, para campe\u00f3n y subcampe\u00f3n, campeona femenina y campe\u00f3n local. El [&hellip;]<\/p>\n","protected":false},"author":1,"featured_media":567,"comment_status":"open","ping_status":"closed","sticky":false,"template":"","format":"standard","meta":{"footnotes":""},"categories":[1],"tags":[],"class_list":["post-566","post","type-post","status-publish","format-standard","has-post-thumbnail","hentry","category-noticias"],"_links":{"self":[{"href":"https:\/\/www.bfv.cloud\/ajedrezeuropa\/wp-json\/wp\/v2\/posts\/566","targetHints":{"allow":["GET"]}}],"collection":[{"href":"https:\/\/www.bfv.cloud\/ajedrezeuropa\/wp-json\/wp\/v2\/posts"}],"about":[{"href":"https:\/\/www.bfv.cloud\/ajedrezeuropa\/wp-json\/wp\/v2\/types\/post"}],"author":[{"embeddable":true,"href":"https:\/\/www.bfv.cloud\/ajedrezeuropa\/wp-json\/wp\/v2\/users\/1"}],"replies":[{"embeddable":true,"href":"https:\/\/www.bfv.cloud\/ajedrezeuropa\/wp-json\/wp\/v2\/comments?post=566"}],"version-history":[{"count":1,"href":"https:\/\/www.bfv.cloud\/ajedrezeuropa\/wp-json\/wp\/v2\/posts\/566\/revisions"}],"predecessor-version":[{"id":569,"href":"https:\/\/www.bfv.cloud\/ajedrezeuropa\/wp-json\/wp\/v2\/posts\/566\/revisions\/569"}],"wp:featuredmedia":[{"embeddable":true,"href":"https:\/\/www.bfv.cloud\/ajedrezeuropa\/wp-json\/wp\/v2\/media\/567"}],"wp:attachment":[{"href":"https:\/\/www.bfv.cloud\/ajedrezeuropa\/wp-json\/wp\/v2\/media?parent=566"}],"wp:term":[{"taxonomy":"category","embeddable":true,"href":"https:\/\/www.bfv.cloud\/ajedrezeuropa\/wp-json\/wp\/v2\/categories?post=566"},{"taxonomy":"post_tag","embeddable":true,"href":"https:\/\/www.bfv.cloud\/ajedrezeuropa\/wp-json\/wp\/v2\/tags?post=566"}],"curies":[{"name":"wp","href":"https:\/\/api.w.org\/{rel}","templated":true}]}}