{"id":570,"date":"2018-05-27T19:15:00","date_gmt":"2018-05-27T19:15:00","guid":{"rendered":"https:\/\/www.bfv.cloud\/ajedrezeuropa\/index.php\/2018\/05\/27\/amplia-participacion-en-el-ii-torneo-de-la-universidad-popular-de-herencia\/"},"modified":"2025-11-20T10:19:30","modified_gmt":"2025-11-20T10:19:30","slug":"amplia-participacion-en-el-ii-torneo-de-la-universidad-popular-de-herencia","status":"publish","type":"post","link":"https:\/\/www.bfv.cloud\/ajedrezeuropa\/amplia-participacion-en-el-ii-torneo-de-la-universidad-popular-de-herencia\/","title":{"rendered":"AMPLIA PARTICIPACI\u00d3N EN EL II TORNEO DE LA UNIVERSIDAD POPULAR DE HERENCIA"},"content":{"rendered":"<table align=\"center\" cellpadding=\"0\" cellspacing=\"0\" class=\"tr-caption-container\" style=\"margin-left: auto;margin-right: auto;text-align: center\">\n<tbody>\n<tr>\n<td style=\"text-align: center\"><a href=\"https:\/\/www.bfv.cloud\/ajedrezeuropa\/wp-content\/uploads\/2018\/05\/IMG-20180526-WA0001.jpg\" style=\"margin-left: auto;margin-right: auto\"><img fetchpriority=\"high\" decoding=\"async\" border=\"0\" data-original-height=\"634\" data-original-width=\"1375\" height=\"289\" src=\"https:\/\/blogger.googleusercontent.com\/img\/b\/R29vZ2xl\/AVvXsEiLcZYo8-EN4GukFlMXk6IWz5HHVTfKDIVI0CU2ccgfHCXCXdDfeGEH_BcIAhGvnwvMqXOWy2TKuFwrPTrq0cUxw4bwS5cKViSHRMD8m4buD4jU9C6lM5Ugw_DzkcmbYj0BbS4CWJlH0H4\/s640\/IMG-20180526-WA0001.jpg\" width=\"640\" \/><\/a><\/td>\n<\/tr>\n<tr>\n<td class=\"tr-caption\" style=\"text-align: center\">Algunos de los m\u00e1s j\u00f3venes participantes en la clausura del torneo<\/td>\n<\/tr>\n<\/tbody>\n<\/table>\n<p><span style=\"font-family: Trebuchet MS, sans-serif;font-size: large\">La escuela de ajedrez de la Universidad Popular de Herencia celebr\u00f3 el pasado viernes su II Torneo coincidiendo con la fase final del curso 2017\/18. En el centro joven Pablo Iglesias se dieron cita 45 jugadores para disputar los torneos de ajedrez avanzado y de iniciaci\u00f3n en los que se dividi\u00f3 la competici\u00f3n.&nbsp;<\/span><br \/>\n<span style=\"font-family: Trebuchet MS, sans-serif;font-size: large\"><\/p>\n<table align=\"center\" cellpadding=\"0\" cellspacing=\"0\" class=\"tr-caption-container\" style=\"margin-left: auto;margin-right: auto;text-align: center\">\n<tbody>\n<tr>\n<td style=\"text-align: center\"><a href=\"https:\/\/www.bfv.cloud\/ajedrezeuropa\/wp-content\/uploads\/2018\/05\/33423446_1930030470342553_5957406685101293568_n.jpg\" style=\"margin-left: auto;margin-right: auto\"><img decoding=\"async\" border=\"0\" data-original-height=\"507\" data-original-width=\"838\" height=\"386\" src=\"https:\/\/blogger.googleusercontent.com\/img\/b\/R29vZ2xl\/AVvXsEjpjpATdLKjnZnSx1KWufBSo2j7Zt88G9KlWrcTU7WPGNyhDATsMSEKTE31BDT2j9E8bQfX6aAL3tWFGN3zt274hCeMLSUYfooP1V3aujn7pSORaciboXEWx-Z98FWE_DbfcQaZBhrkLYo\/s640\/33423446_1930030470342553_5957406685101293568_n.jpg\" width=\"640\" \/><\/a><\/td>\n<\/tr>\n<tr>\n<td class=\"tr-caption\" style=\"text-align: center\">El grupo avanzado al comienzo de una de las rondas<\/td>\n<\/tr>\n<\/tbody>\n<\/table>\n<p><\/span><br \/>\n<span style=\"font-family: Trebuchet MS, sans-serif;font-size: large\">El grupo avanzado estuvo compuesto por 14 jugadores proclam\u00e1ndose campe\u00f3n: Roberto Yeghiazaryan Petrosyan, de Herencia y alumno de la escuela de Alc\u00e1zar, adem\u00e1s de miembro del equipo sub-18 de Nuestro Ajedrez por la Igualdad. En 2\u00aa y 3\u00aa posici\u00f3n quedaban Rafael Abu-Bark de la escuela de Herencia y Mar\u00eda Oliver, tambi\u00e9n perteneciente al equipo sub-18 de la Igualdad. Por su parte, en el grupo de iniciaci\u00f3n que qued\u00f3 formado por 31 chic@s, volv\u00eda a destacar Ferm\u00edn Aragon\u00e9s Gonz\u00e1lez, alumno de la escuela de la U.P. de Herencia, que por segundo a\u00f1o consecutivo se convirti\u00f3 en el \u00fanico jugador que sum\u00f3 los 5 puntos posibles. Tras Ferm\u00edn quedaron 2 alumnos de la escuela de Villafranca: Diego Garc\u00eda y Julio Oliver.<\/span><\/p>\n<table align=\"center\" cellpadding=\"0\" cellspacing=\"0\" class=\"tr-caption-container\" style=\"margin-left: auto;margin-right: auto;text-align: center\">\n<tbody>\n<tr>\n<td style=\"text-align: center\"><a href=\"https:\/\/www.bfv.cloud\/ajedrezeuropa\/wp-content\/uploads\/2018\/05\/33595617_1930030533675880_6115685872160473088_n.jpg\" style=\"margin-left: auto;margin-right: auto\"><img decoding=\"async\" border=\"0\" data-original-height=\"374\" data-original-width=\"949\" height=\"250\" src=\"https:\/\/blogger.googleusercontent.com\/img\/b\/R29vZ2xl\/AVvXsEgmYnTebnLGtMzcSicorza4rXaivlqjfr3GzF9uT-SFlgDv1FRK7puSU6NK8I4aiFmH1ubn2K3_auVqay8dMoLGxCy0RyY44iYN3Z_zSuGy0cwv-uAHzfmbCrHzP7C4QhyerwjqPXLEQ3A\/s640\/33595617_1930030533675880_6115685872160473088_n.jpg\" width=\"640\" \/><\/a><\/td>\n<\/tr>\n<tr>\n<td class=\"tr-caption\" style=\"text-align: center\">Los m\u00e1s peque\u00f1os estuvieron dispuestos en 2 salas de juego<\/td>\n<\/tr>\n<\/tbody>\n<\/table>\n<p><span style=\", sans-serif;font-size: large\">En el acto de clausura, donde se entregaron diplomas y otros obsequios, estuvo presente la concejala de educaci\u00f3n y cultura del ayuntamiento de Herencia, Lola Fern\u00e1ndez.<\/span><br \/>\n<span style=\"font-family: Trebuchet MS, sans-serif;font-size: large\">Las clases de la escuela de ajedrez de la Universidad Popular de Herencia se prolongar\u00e1n hasta el viernes 22 de junio con los 5 grupos que ha contado durante todo este curso.<\/span><\/p>\n","protected":false},"excerpt":{"rendered":"<p>Algunos de los m\u00e1s j\u00f3venes participantes en la clausura del torneo La escuela de ajedrez de la Universidad Popular de Herencia celebr\u00f3 el pasado viernes su II Torneo coincidiendo con la fase final del curso 2017\/18. En el centro joven Pablo Iglesias se dieron cita 45 jugadores para disputar los torneos de ajedrez avanzado y [&hellip;]<\/p>\n","protected":false},"author":1,"featured_media":571,"comment_status":"open","ping_status":"closed","sticky":false,"template":"","format":"standard","meta":{"footnotes":""},"categories":[1],"tags":[],"class_list":["post-570","post","type-post","status-publish","format-standard","has-post-thumbnail","hentry","category-noticias"],"_links":{"self":[{"href":"https:\/\/www.bfv.cloud\/ajedrezeuropa\/wp-json\/wp\/v2\/posts\/570","targetHints":{"allow":["GET"]}}],"collection":[{"href":"https:\/\/www.bfv.cloud\/ajedrezeuropa\/wp-json\/wp\/v2\/posts"}],"about":[{"href":"https:\/\/www.bfv.cloud\/ajedrezeuropa\/wp-json\/wp\/v2\/types\/post"}],"author":[{"embeddable":true,"href":"https:\/\/www.bfv.cloud\/ajedrezeuropa\/wp-json\/wp\/v2\/users\/1"}],"replies":[{"embeddable":true,"href":"https:\/\/www.bfv.cloud\/ajedrezeuropa\/wp-json\/wp\/v2\/comments?post=570"}],"version-history":[{"count":1,"href":"https:\/\/www.bfv.cloud\/ajedrezeuropa\/wp-json\/wp\/v2\/posts\/570\/revisions"}],"predecessor-version":[{"id":574,"href":"https:\/\/www.bfv.cloud\/ajedrezeuropa\/wp-json\/wp\/v2\/posts\/570\/revisions\/574"}],"wp:featuredmedia":[{"embeddable":true,"href":"https:\/\/www.bfv.cloud\/ajedrezeuropa\/wp-json\/wp\/v2\/media\/571"}],"wp:attachment":[{"href":"https:\/\/www.bfv.cloud\/ajedrezeuropa\/wp-json\/wp\/v2\/media?parent=570"}],"wp:term":[{"taxonomy":"category","embeddable":true,"href":"https:\/\/www.bfv.cloud\/ajedrezeuropa\/wp-json\/wp\/v2\/categories?post=570"},{"taxonomy":"post_tag","embeddable":true,"href":"https:\/\/www.bfv.cloud\/ajedrezeuropa\/wp-json\/wp\/v2\/tags?post=570"}],"curies":[{"name":"wp","href":"https:\/\/api.w.org\/{rel}","templated":true}]}}