{"id":575,"date":"2014-02-03T20:23:00","date_gmt":"2014-02-03T20:23:00","guid":{"rendered":"https:\/\/www.bfv.cloud\/ajedrezeuropa\/index.php\/2014\/02\/03\/comienza-nuestra-colaboracion-con-el-plan-activa\/"},"modified":"2025-11-20T10:19:35","modified_gmt":"2025-11-20T10:19:35","slug":"comienza-nuestra-colaboracion-con-el-plan-activa","status":"publish","type":"post","link":"https:\/\/www.bfv.cloud\/ajedrezeuropa\/comienza-nuestra-colaboracion-con-el-plan-activa\/","title":{"rendered":"COMIENZA NUESTRA COLABORACI\u00d3N CON EL PLAN + ACTIVA"},"content":{"rendered":"<table cellpadding=\"0\" cellspacing=\"0\" class=\"tr-caption-container\" style=\"float: left;margin-right: 1em;text-align: left\">\n<tbody>\n<tr>\n<td style=\"text-align: center\"><a href=\"https:\/\/www.bfv.cloud\/ajedrezeuropa\/wp-content\/uploads\/2014\/02\/DSC00698.jpg\" style=\"clear: left;margin-bottom: 1em;margin-left: auto;margin-right: auto\"><img fetchpriority=\"high\" decoding=\"async\" border=\"0\" src=\"https:\/\/www.bfv.cloud\/ajedrezeuropa\/wp-content\/uploads\/2014\/02\/DSC00698.jpg\" height=\"300\" width=\"400\" \/><\/a><\/td>\n<\/tr>\n<tr>\n<td class=\"tr-caption\" style=\"text-align: center\">La presentaci\u00f3n de la actividad est\u00e1 realizada por Luis Miguel Monreal<\/td>\n<\/tr>\n<\/tbody>\n<\/table>\n<div class=\"MsoNormal\">\n<span style=\"color: #274e13;font-family: Arial, Helvetica, sans-serif\"><b>El<br \/>\npasado jueves se pon\u00eda en marcha nuestra colaboraci\u00f3n con el Plan + ACTIVA de<br \/>\nla Consejer\u00eda de Educaci\u00f3n, Cultura y Deportes de Castilla-La Mancha en las<br \/>\nlocalidades de Lillo, Villa de Don Fadrique y Quero. Esta nueva actividad,<br \/>\ndenominada \u201ciniciaci\u00f3n en el aula\u201d, se realiza dentro del horario escolar<br \/>\nregular y, en este primer d\u00eda, han disfrutado de ella m\u00e1s de 130 alumnas y<br \/>\nalumnas de los 3 colegios participantes de las poblaciones toledanas<br \/>\nanteriormente citadas. Las clases de ajedrez son impartidas por uno de los<br \/>\nmonitores del proyecto \u201cNuestro Ajedrez en Europa\u201d, Luis Miguel Monreal<br \/>\nBejarano, en sesiones de una hora de duraci\u00f3n, contando con la colaboraci\u00f3n de<br \/>\nalgunos miembros del personal docente de cada centro escolar.<\/p>\n<table cellpadding=\"0\" cellspacing=\"0\" class=\"tr-caption-container\" style=\"float: right;margin-left: 1em;text-align: right\">\n<tbody>\n<tr>\n<td style=\"text-align: center\"><a href=\"https:\/\/www.bfv.cloud\/ajedrezeuropa\/wp-content\/uploads\/2014\/02\/DSC00688.jpg\" style=\"clear: right;margin-bottom: 1em;margin-left: auto;margin-right: auto\"><img decoding=\"async\" border=\"0\" src=\"https:\/\/www.bfv.cloud\/ajedrezeuropa\/wp-content\/uploads\/2014\/02\/DSC00688.jpg\" height=\"300\" width=\"400\" \/><\/a><\/td>\n<\/tr>\n<tr>\n<td class=\"tr-caption\" style=\"text-align: center\">Alumnos y alumnas en Lillo<\/td>\n<\/tr>\n<\/tbody>\n<\/table>\n<p><\/b><\/span><\/div>\n<p><\/p>\n<div class=\"MsoNormal\">\n<span style=\"color: #274e13;font-family: Arial, Helvetica, sans-serif\"><b>Esta<br \/>\nsemana ser\u00e1 el alumnado del CEIP \u201cRam\u00f3n y Cajal\u201d de La Puebla de Almoradiel,<br \/>\ndel CEIP \u201cN\u00ba 2\u201d de Quintanar de la Orden y del CEIP \u201cMiguel de Cervantes\u201d de<br \/>\nMiguel Esteban, los que tendr\u00e1n la ocasi\u00f3n de conocer mejor el mundo del<br \/>\najedrez. La cita es este jueves 6 de febrero, a partir de las 9,15 de la<br \/>\nma\u00f1ana, y contar\u00e1 con la invitaci\u00f3n especial del canal de televisi\u00f3n<br \/>\n\u201cTeleToledo\u201d, que realizar\u00e1 un reportaje sobre el desarrollo de la actividad en<br \/>\nlas aulas.&nbsp;&nbsp;<\/p>\n<table align=\"center\" cellpadding=\"0\" cellspacing=\"0\" class=\"tr-caption-container\" style=\"margin-left: auto;margin-right: auto;text-align: center\">\n<tbody>\n<tr>\n<td style=\"text-align: center\"><a href=\"https:\/\/www.bfv.cloud\/ajedrezeuropa\/wp-content\/uploads\/2014\/02\/DSC00712.jpg\" style=\"margin-left: auto;margin-right: auto\"><img decoding=\"async\" border=\"0\" src=\"https:\/\/www.bfv.cloud\/ajedrezeuropa\/wp-content\/uploads\/2014\/02\/DSC00712.jpg\" height=\"300\" width=\"400\" \/><\/a><\/td>\n<\/tr>\n<tr>\n<td class=\"tr-caption\" style=\"text-align: center\">La clase en Quero<\/td>\n<\/tr>\n<\/tbody>\n<\/table>\n<p><\/b><\/span><span style=\"font-family: Batang\"><\/span><\/div>\n","protected":false},"excerpt":{"rendered":"<p>La presentaci\u00f3n de la actividad est\u00e1 realizada por Luis Miguel Monreal El pasado jueves se pon\u00eda en marcha nuestra colaboraci\u00f3n con el Plan + ACTIVA de la Consejer\u00eda de Educaci\u00f3n, Cultura y Deportes de Castilla-La Mancha en las localidades de Lillo, Villa de Don Fadrique y Quero. Esta nueva actividad, denominada \u201ciniciaci\u00f3n en el aula\u201d, [&hellip;]<\/p>\n","protected":false},"author":1,"featured_media":576,"comment_status":"open","ping_status":"closed","sticky":false,"template":"","format":"standard","meta":{"footnotes":""},"categories":[1],"tags":[],"class_list":["post-575","post","type-post","status-publish","format-standard","has-post-thumbnail","hentry","category-noticias"],"_links":{"self":[{"href":"https:\/\/www.bfv.cloud\/ajedrezeuropa\/wp-json\/wp\/v2\/posts\/575","targetHints":{"allow":["GET"]}}],"collection":[{"href":"https:\/\/www.bfv.cloud\/ajedrezeuropa\/wp-json\/wp\/v2\/posts"}],"about":[{"href":"https:\/\/www.bfv.cloud\/ajedrezeuropa\/wp-json\/wp\/v2\/types\/post"}],"author":[{"embeddable":true,"href":"https:\/\/www.bfv.cloud\/ajedrezeuropa\/wp-json\/wp\/v2\/users\/1"}],"replies":[{"embeddable":true,"href":"https:\/\/www.bfv.cloud\/ajedrezeuropa\/wp-json\/wp\/v2\/comments?post=575"}],"version-history":[{"count":1,"href":"https:\/\/www.bfv.cloud\/ajedrezeuropa\/wp-json\/wp\/v2\/posts\/575\/revisions"}],"predecessor-version":[{"id":579,"href":"https:\/\/www.bfv.cloud\/ajedrezeuropa\/wp-json\/wp\/v2\/posts\/575\/revisions\/579"}],"wp:featuredmedia":[{"embeddable":true,"href":"https:\/\/www.bfv.cloud\/ajedrezeuropa\/wp-json\/wp\/v2\/media\/576"}],"wp:attachment":[{"href":"https:\/\/www.bfv.cloud\/ajedrezeuropa\/wp-json\/wp\/v2\/media?parent=575"}],"wp:term":[{"taxonomy":"category","embeddable":true,"href":"https:\/\/www.bfv.cloud\/ajedrezeuropa\/wp-json\/wp\/v2\/categories?post=575"},{"taxonomy":"post_tag","embeddable":true,"href":"https:\/\/www.bfv.cloud\/ajedrezeuropa\/wp-json\/wp\/v2\/tags?post=575"}],"curies":[{"name":"wp","href":"https:\/\/api.w.org\/{rel}","templated":true}]}}