{"id":591,"date":"2017-07-23T22:53:00","date_gmt":"2017-07-23T22:53:00","guid":{"rendered":"https:\/\/www.bfv.cloud\/ajedrezeuropa\/index.php\/2017\/07\/23\/buena-actuacion-de-nuestros-jugadores-en-el-campeonato-de-espana-sub-14\/"},"modified":"2025-11-20T10:19:47","modified_gmt":"2025-11-20T10:19:47","slug":"buena-actuacion-de-nuestros-jugadores-en-el-campeonato-de-espana-sub-14","status":"publish","type":"post","link":"https:\/\/www.bfv.cloud\/ajedrezeuropa\/buena-actuacion-de-nuestros-jugadores-en-el-campeonato-de-espana-sub-14\/","title":{"rendered":"BUENA ACTUACI\u00d3N DE NUESTROS JUGADORES EN EL CAMPEONATO DE ESPA\u00d1A SUB-14"},"content":{"rendered":"<table cellpadding=\"0\" cellspacing=\"0\" class=\"tr-caption-container\" style=\"float: right;margin-left: 1em;text-align: right\">\n<tbody>\n<tr>\n<td style=\"text-align: center\"><a href=\"https:\/\/www.bfv.cloud\/ajedrezeuropa\/wp-content\/uploads\/2017\/07\/IMG-20170720-WA000.jpg\" style=\"clear: right;margin-bottom: 1em;margin-left: auto;margin-right: auto\"><img fetchpriority=\"high\" decoding=\"async\" border=\"0\" data-original-height=\"979\" data-original-width=\"985\" height=\"397\" src=\"https:\/\/blogger.googleusercontent.com\/img\/b\/R29vZ2xl\/AVvXsEjt84ThoclS7rWKqyHceX_CFd0EJz0ri9Ur-TezkTdARH09Ksp_Cyt4brqsf_c6DCVuEp5ll1sPqiUOul8P14bOzOkoIQoNfzkJGRAtFCa1oDANCr6uG2p1tPALw0vLCN7_dwqQiU35G3Q\/s400\/IMG-20170720-WA000.jpg\" width=\"400\" \/><\/a><\/td>\n<\/tr>\n<tr>\n<td class=\"tr-caption\" style=\"text-align: center\">Alfredo, Juanfran y Roberto en Salobre\u00f1a<\/td>\n<\/tr>\n<\/tbody>\n<\/table>\n<table cellpadding=\"0\" cellspacing=\"0\" class=\"tr-caption-container\" style=\"float: left;text-align: left\">\n<tbody>\n<tr>\n<td style=\"text-align: center\"><a href=\"https:\/\/www.bfv.cloud\/ajedrezeuropa\/wp-content\/uploads\/2017\/07\/IMG-20170717-WA001.jpg\" style=\"clear: left;margin-bottom: 1em;margin-left: auto;margin-right: auto\"><img decoding=\"async\" border=\"0\" data-original-height=\"1049\" data-original-width=\"1169\" height=\"358\" src=\"https:\/\/blogger.googleusercontent.com\/img\/b\/R29vZ2xl\/AVvXsEgzSec9_k7Mk_UkWphL06Rses1rSmxLYNgUm3nOVQlTtKmxTJ_DNv9vLjoLHX8tuw-lUc9rlC98vAldvn0CvruUxUXTjOtBUISXHoWqSWh1RtiMrQNAlZYcc5BniCHEdvYSdwljly9xM2M\/s400\/IMG-20170717-WA001.jpg\" width=\"400\" \/><\/a><\/td>\n<\/tr>\n<tr>\n<td class=\"tr-caption\" style=\"text-align: center\">Alfredo saluda a su rival al iniciar la partida<\/td>\n<\/tr>\n<\/tbody>\n<\/table>\n<p><span style=\"font-family: Georgia, Times New Roman, serif;font-size: large\">El s\u00e1bado 22 de julio ha llegado a su final el Campeonato de Espa\u00f1a sub-14 en el que han participado tres j\u00f3venes ajedrecistas formados en las escuelas de Alc\u00e1zar y Villafranca. Para Alfredo Amador And\u00fajar es su tercera participaci\u00f3n en un nacional por edades, y ha supuesto conseguir 5 puntos y mejorar en 32 puestos su ranking inicial, alcanzando la plaza 71\u00ba en la clasificaci\u00f3n final. Paso a paso, Alfredo, va consolidando su juego y pronto lo veremos situarse en las primeras mesas de los campeonatos de Espa\u00f1a, a base de constancia y trabajo intensivo de los aspectos t\u00e1cticos del ajedrez.<\/span><\/p>\n<table cellpadding=\"0\" cellspacing=\"0\" class=\"tr-caption-container\" style=\"float: left;text-align: left\">\n<tbody>\n<tr>\n<td style=\"text-align: center\"><a href=\"https:\/\/www.bfv.cloud\/ajedrezeuropa\/wp-content\/uploads\/2017\/07\/IMG-20170717-WA000.jpg\" style=\"clear: left;margin-bottom: 1em;margin-left: auto;margin-right: auto\"><img decoding=\"async\" border=\"0\" data-original-height=\"1600\" data-original-width=\"1200\" height=\"400\" src=\"https:\/\/blogger.googleusercontent.com\/img\/b\/R29vZ2xl\/AVvXsEgEHgNUoX9nLTXbN2Jbrq00mcTCEgNAwksEob18NUUmHeGQ0gyVe8ZfMaBPUDeJRyAcwJdiymv2N08S5aIcjjstIyvykUn1XHIf1isY6Uk-LNZ4bINJGTFfYYqEGDpBOZKcoWYBFDtAkPk\/s400\/IMG-20170717-WA000.jpg\" width=\"300\" \/><\/a><\/td>\n<\/tr>\n<tr>\n<td class=\"tr-caption\" style=\"text-align: center\">Roberto ha jugado su primer nacional individual<\/td>\n<\/tr>\n<\/tbody>\n<\/table>\n<p><span style=\"font-family: Georgia, Times New Roman, serif;font-size: large\">El segundo de nuestros jugadores ha sido Roberto Yeghiazaryan Petrosyan, que en su primera participaci\u00f3n en un individual por edades de \u00e1mbito nacional ha sumado 3 puntos. Roberto tiene por delante retos que le har\u00e1n madurar las estrategias que elabora durante las partidas. En su primer a\u00f1o sub-14 le llegar\u00e1n oportunidades de crecer dentro de la competici\u00f3n.<\/span><br \/>\n<span style=\"font-family: Georgia, Times New Roman, serif;font-size: large\">Juanfran Mar\u00edn Torres ha sido el tercero de nuestros representantes de la semana pasada en Salobre\u00f1a. Hace a\u00f1os comenz\u00f3 su andadura en la escuela de ajedrez de Villafranca y ahora, que vive lejos de Castilla-La Mancha, contin\u00faa con su formaci\u00f3n dentro de las actividades de tecnificaci\u00f3n y perfeccionamiento del proyecto Nuestro Ajedrez en Europa. En su primera intervenci\u00f3n en el sub-14 ha logrado 3,5 puntos, mejorando significativamente su ranking inicial.<\/span><\/p>\n<table cellpadding=\"0\" cellspacing=\"0\" class=\"tr-caption-container\" style=\"float: left;margin-right: 1em;text-align: left\">\n<tbody>\n<tr>\n<td style=\"text-align: center\"><a href=\"https:\/\/www.bfv.cloud\/ajedrezeuropa\/wp-content\/uploads\/2017\/07\/IMG-20170717-WA003.jpg\" style=\"clear: left;margin-bottom: 1em;margin-left: auto;margin-right: auto\"><img loading=\"lazy\" decoding=\"async\" border=\"0\" data-original-height=\"585\" data-original-width=\"911\" height=\"256\" src=\"https:\/\/blogger.googleusercontent.com\/img\/b\/R29vZ2xl\/AVvXsEjaTxe8pqsg7RxIlFbDnW2H-rz0pT8XTYY3r_m4HcQdIvBvdDwAhCYKPzEBghTHyKBu5oa6tfKXIHNxhGoo5S9zXM-gQ7gst6Bj2llNCuDsi4e29w2Zb5_wO-KaD48_OIrvde7jPpZnFt0\/s400\/IMG-20170717-WA003.jpg\" width=\"400\" \/><\/a><\/td>\n<\/tr>\n<tr>\n<td class=\"tr-caption\" style=\"text-align: center\">Primera partida de Juanfran en el sub-14<\/td>\n<\/tr>\n<\/tbody>\n<\/table>\n<p><span style=\"font-family: Georgia, Times New Roman, serif;font-size: large\">Hasta ahora son 4 los chicos de Nuestro Ajedrez en Europa que han competido en esta edici\u00f3n de los campeonatos de Espa\u00f1a de j\u00f3venes, aunque en la pr\u00f3xima categor\u00eda, la sub-16, tendremos a Roberto L\u00f3pez e Isabel Marcos-Alberca para poder emocionarnos siguiendo sus partidas y comentando su evoluci\u00f3n.<\/span><\/p>\n","protected":false},"excerpt":{"rendered":"<p>Alfredo, Juanfran y Roberto en Salobre\u00f1a Alfredo saluda a su rival al iniciar la partida El s\u00e1bado 22 de julio ha llegado a su final el Campeonato de Espa\u00f1a sub-14 en el que han participado tres j\u00f3venes ajedrecistas formados en las escuelas de Alc\u00e1zar y Villafranca. Para Alfredo Amador And\u00fajar es su tercera participaci\u00f3n en [&hellip;]<\/p>\n","protected":false},"author":1,"featured_media":592,"comment_status":"open","ping_status":"closed","sticky":false,"template":"","format":"standard","meta":{"footnotes":""},"categories":[1],"tags":[],"class_list":["post-591","post","type-post","status-publish","format-standard","has-post-thumbnail","hentry","category-noticias"],"_links":{"self":[{"href":"https:\/\/www.bfv.cloud\/ajedrezeuropa\/wp-json\/wp\/v2\/posts\/591","targetHints":{"allow":["GET"]}}],"collection":[{"href":"https:\/\/www.bfv.cloud\/ajedrezeuropa\/wp-json\/wp\/v2\/posts"}],"about":[{"href":"https:\/\/www.bfv.cloud\/ajedrezeuropa\/wp-json\/wp\/v2\/types\/post"}],"author":[{"embeddable":true,"href":"https:\/\/www.bfv.cloud\/ajedrezeuropa\/wp-json\/wp\/v2\/users\/1"}],"replies":[{"embeddable":true,"href":"https:\/\/www.bfv.cloud\/ajedrezeuropa\/wp-json\/wp\/v2\/comments?post=591"}],"version-history":[{"count":1,"href":"https:\/\/www.bfv.cloud\/ajedrezeuropa\/wp-json\/wp\/v2\/posts\/591\/revisions"}],"predecessor-version":[{"id":596,"href":"https:\/\/www.bfv.cloud\/ajedrezeuropa\/wp-json\/wp\/v2\/posts\/591\/revisions\/596"}],"wp:featuredmedia":[{"embeddable":true,"href":"https:\/\/www.bfv.cloud\/ajedrezeuropa\/wp-json\/wp\/v2\/media\/592"}],"wp:attachment":[{"href":"https:\/\/www.bfv.cloud\/ajedrezeuropa\/wp-json\/wp\/v2\/media?parent=591"}],"wp:term":[{"taxonomy":"category","embeddable":true,"href":"https:\/\/www.bfv.cloud\/ajedrezeuropa\/wp-json\/wp\/v2\/categories?post=591"},{"taxonomy":"post_tag","embeddable":true,"href":"https:\/\/www.bfv.cloud\/ajedrezeuropa\/wp-json\/wp\/v2\/tags?post=591"}],"curies":[{"name":"wp","href":"https:\/\/api.w.org\/{rel}","templated":true}]}}