{"id":604,"date":"2014-12-29T11:37:00","date_gmt":"2014-12-29T11:37:00","guid":{"rendered":"https:\/\/www.bfv.cloud\/ajedrezeuropa\/index.php\/2014\/12\/29\/la-concentracion-de-navidad-pone-fin-a-2014\/"},"modified":"2025-11-20T10:19:56","modified_gmt":"2025-11-20T10:19:56","slug":"la-concentracion-de-navidad-pone-fin-a-2014","status":"publish","type":"post","link":"https:\/\/www.bfv.cloud\/ajedrezeuropa\/la-concentracion-de-navidad-pone-fin-a-2014\/","title":{"rendered":"LA CONCENTRACI\u00d3N DE NAVIDAD PONE FIN A 2014"},"content":{"rendered":"<table align=\"center\" cellpadding=\"0\" cellspacing=\"0\" class=\"tr-caption-container\" style=\"margin-left: auto;margin-right: auto;text-align: center\">\n<tbody>\n<tr>\n<td style=\"text-align: center\"><a href=\"https:\/\/www.bfv.cloud\/ajedrezeuropa\/wp-content\/uploads\/2014\/12\/SAM_1349.jpg\" style=\"margin-left: auto;margin-right: auto\"><img fetchpriority=\"high\" decoding=\"async\" border=\"0\" src=\"https:\/\/www.bfv.cloud\/ajedrezeuropa\/wp-content\/uploads\/2014\/12\/SAM_1349.jpg\" height=\"254\" width=\"640\" \/><\/a><\/td>\n<\/tr>\n<tr>\n<td class=\"tr-caption\" style=\"text-align: center\">El grupo de monitores junto a una gran parte de sus alumnos en el momento de la<br \/>finalizaci\u00f3n de la VII Concentraci\u00f3n<\/td>\n<\/tr>\n<\/tbody>\n<\/table>\n<p><\/p>\n<table cellpadding=\"0\" cellspacing=\"0\" class=\"tr-caption-container\" style=\"float: left;margin-right: 1em;text-align: left\">\n<tbody>\n<tr>\n<td style=\"text-align: center\"><a href=\"https:\/\/www.bfv.cloud\/ajedrezeuropa\/wp-content\/uploads\/2014\/12\/SAM_1348.jpg\" style=\"clear: left;margin-bottom: 1em;margin-left: auto;margin-right: auto\"><img decoding=\"async\" border=\"0\" src=\"https:\/\/www.bfv.cloud\/ajedrezeuropa\/wp-content\/uploads\/2014\/12\/SAM_1348.jpg\" height=\"196\" width=\"400\" \/><\/a><\/td>\n<\/tr>\n<tr>\n<td class=\"tr-caption\" style=\"text-align: center\">Los 5 preparadores junto al director del proyecto &#8230;<\/td>\n<\/tr>\n<\/tbody>\n<\/table>\n<p>&nbsp;<span style=\"font-family: Georgia, Times New Roman, serif\"><b>El domingo 28 por la tarde finalizaba la 7\u00aa edici\u00f3n de la \u00abCONCENTRACI\u00d3N DE NAVIDAD\u00bb, que tambi\u00e9n ha servido para cerrar las actividades del proyecto durante este a\u00f1o. Los 26 chicos y chicas participantes, junto a sus entrenadores y monitores, han disfrutado de 3 jornadas muy intensas de trabajo y preparaci\u00f3n en las que tambi\u00e9n han tenido ocasi\u00f3n de divertirse y celebrar la alegr\u00eda de la Navidad.&nbsp;<\/b><\/span><br \/>\n<span style=\"font-family: Georgia, Times New Roman, serif\"><b>La pr\u00f3xima cita de nuestro ajedrez ser\u00e1 el pr\u00f3ximo domingo d\u00eda 4 de enero en el \u00abX TORNEO DE LA IGUALDAD\u00bb. \u00a1\u00a1Os esperamos a todos!!<\/b><\/span><br \/>\n<span style=\"font-family: Georgia, Times New Roman, serif\"><b><br \/><\/b><\/span><\/p>\n<table align=\"center\" cellpadding=\"0\" cellspacing=\"0\" class=\"tr-caption-container\" style=\"margin-left: auto;margin-right: auto;text-align: center\">\n<tbody>\n<tr>\n<td style=\"text-align: center\"><a href=\"https:\/\/www.bfv.cloud\/ajedrezeuropa\/wp-content\/uploads\/2014\/12\/SAM_1350.jpg\" style=\"margin-left: auto;margin-right: auto\"><img decoding=\"async\" border=\"0\" src=\"https:\/\/www.bfv.cloud\/ajedrezeuropa\/wp-content\/uploads\/2014\/12\/SAM_1350.jpg\" height=\"252\" width=\"640\" \/><\/a><\/td>\n<\/tr>\n<tr>\n<td class=\"tr-caption\" style=\"text-align: center\">&#8230; y todos despidi\u00e9ndose con una sonrisa &#8230; hasta el domingo d\u00eda 4 de enero que volver\u00e1n a verse para jugar<\/td>\n<\/tr>\n<\/tbody>\n<\/table>\n<p><\/p>\n","protected":false},"excerpt":{"rendered":"<p>El grupo de monitores junto a una gran parte de sus alumnos en el momento de lafinalizaci\u00f3n de la VII Concentraci\u00f3n Los 5 preparadores junto al director del proyecto &#8230; &nbsp;El domingo 28 por la tarde finalizaba la 7\u00aa edici\u00f3n de la \u00abCONCENTRACI\u00d3N DE NAVIDAD\u00bb, que tambi\u00e9n ha servido para cerrar las actividades del proyecto [&hellip;]<\/p>\n","protected":false},"author":1,"featured_media":605,"comment_status":"open","ping_status":"closed","sticky":false,"template":"","format":"standard","meta":{"footnotes":""},"categories":[1],"tags":[],"class_list":["post-604","post","type-post","status-publish","format-standard","has-post-thumbnail","hentry","category-noticias"],"_links":{"self":[{"href":"https:\/\/www.bfv.cloud\/ajedrezeuropa\/wp-json\/wp\/v2\/posts\/604","targetHints":{"allow":["GET"]}}],"collection":[{"href":"https:\/\/www.bfv.cloud\/ajedrezeuropa\/wp-json\/wp\/v2\/posts"}],"about":[{"href":"https:\/\/www.bfv.cloud\/ajedrezeuropa\/wp-json\/wp\/v2\/types\/post"}],"author":[{"embeddable":true,"href":"https:\/\/www.bfv.cloud\/ajedrezeuropa\/wp-json\/wp\/v2\/users\/1"}],"replies":[{"embeddable":true,"href":"https:\/\/www.bfv.cloud\/ajedrezeuropa\/wp-json\/wp\/v2\/comments?post=604"}],"version-history":[{"count":1,"href":"https:\/\/www.bfv.cloud\/ajedrezeuropa\/wp-json\/wp\/v2\/posts\/604\/revisions"}],"predecessor-version":[{"id":608,"href":"https:\/\/www.bfv.cloud\/ajedrezeuropa\/wp-json\/wp\/v2\/posts\/604\/revisions\/608"}],"wp:featuredmedia":[{"embeddable":true,"href":"https:\/\/www.bfv.cloud\/ajedrezeuropa\/wp-json\/wp\/v2\/media\/605"}],"wp:attachment":[{"href":"https:\/\/www.bfv.cloud\/ajedrezeuropa\/wp-json\/wp\/v2\/media?parent=604"}],"wp:term":[{"taxonomy":"category","embeddable":true,"href":"https:\/\/www.bfv.cloud\/ajedrezeuropa\/wp-json\/wp\/v2\/categories?post=604"},{"taxonomy":"post_tag","embeddable":true,"href":"https:\/\/www.bfv.cloud\/ajedrezeuropa\/wp-json\/wp\/v2\/tags?post=604"}],"curies":[{"name":"wp","href":"https:\/\/api.w.org\/{rel}","templated":true}]}}