{"id":609,"date":"2015-11-01T11:57:00","date_gmt":"2015-11-01T11:57:00","guid":{"rendered":"https:\/\/www.bfv.cloud\/ajedrezeuropa\/index.php\/2015\/11\/01\/informacion-de-manchacentro-tv-sobre-el-traslado-de-la-escuela-de-ajedrez-de-alcazar\/"},"modified":"2025-11-20T10:19:56","modified_gmt":"2025-11-20T10:19:56","slug":"informacion-de-manchacentro-tv-sobre-el-traslado-de-la-escuela-de-ajedrez-de-alcazar","status":"publish","type":"post","link":"https:\/\/www.bfv.cloud\/ajedrezeuropa\/informacion-de-manchacentro-tv-sobre-el-traslado-de-la-escuela-de-ajedrez-de-alcazar\/","title":{"rendered":"INFORMACI\u00d3N DE MANCHACENTRO TV SOBRE EL TRASLADO DE LA ESCUELA DE AJEDREZ DE ALC\u00c1ZAR"},"content":{"rendered":"<div class=\"separator\" style=\"clear: both;text-align: center\">\n<iframe width=\"320\" height=\"266\" class=\"YOUTUBE-iframe-video\" src=\"https:\/\/www.youtube.com\/embed\/M8fZpBnw5ek?feature=player_embedded\" frameborder=\"0\" allowfullscreen><\/iframe>&nbsp;<\/div>\n<div class=\"separator\" style=\"clear: both;text-align: left\">\n<span style=\"font-family: Verdana, sans-serif\"><b>Como hemos venido informando el pr\u00f3ximo s\u00e1bado 7 de noviembre se har\u00e1 efectivo el traslado de la ESCUELA DE AJEDREZ DE ALC\u00c1ZAR DE SAN JUAN al CIJ COVADONGA. Os hemos subido el v\u00eddeo de la noticia de MANCHACENTRO TV.&nbsp;<\/b><\/span><\/div>\n","protected":false},"excerpt":{"rendered":"<p>&nbsp; Como hemos venido informando el pr\u00f3ximo s\u00e1bado 7 de noviembre se har\u00e1 efectivo el traslado de la ESCUELA DE AJEDREZ DE ALC\u00c1ZAR DE SAN JUAN al CIJ COVADONGA. Os hemos subido el v\u00eddeo de la noticia de MANCHACENTRO TV.&nbsp;<\/p>\n","protected":false},"author":1,"featured_media":0,"comment_status":"open","ping_status":"closed","sticky":false,"template":"","format":"standard","meta":{"footnotes":""},"categories":[1],"tags":[],"class_list":["post-609","post","type-post","status-publish","format-standard","hentry","category-noticias"],"_links":{"self":[{"href":"https:\/\/www.bfv.cloud\/ajedrezeuropa\/wp-json\/wp\/v2\/posts\/609","targetHints":{"allow":["GET"]}}],"collection":[{"href":"https:\/\/www.bfv.cloud\/ajedrezeuropa\/wp-json\/wp\/v2\/posts"}],"about":[{"href":"https:\/\/www.bfv.cloud\/ajedrezeuropa\/wp-json\/wp\/v2\/types\/post"}],"author":[{"embeddable":true,"href":"https:\/\/www.bfv.cloud\/ajedrezeuropa\/wp-json\/wp\/v2\/users\/1"}],"replies":[{"embeddable":true,"href":"https:\/\/www.bfv.cloud\/ajedrezeuropa\/wp-json\/wp\/v2\/comments?post=609"}],"version-history":[{"count":1,"href":"https:\/\/www.bfv.cloud\/ajedrezeuropa\/wp-json\/wp\/v2\/posts\/609\/revisions"}],"predecessor-version":[{"id":610,"href":"https:\/\/www.bfv.cloud\/ajedrezeuropa\/wp-json\/wp\/v2\/posts\/609\/revisions\/610"}],"wp:attachment":[{"href":"https:\/\/www.bfv.cloud\/ajedrezeuropa\/wp-json\/wp\/v2\/media?parent=609"}],"wp:term":[{"taxonomy":"category","embeddable":true,"href":"https:\/\/www.bfv.cloud\/ajedrezeuropa\/wp-json\/wp\/v2\/categories?post=609"},{"taxonomy":"post_tag","embeddable":true,"href":"https:\/\/www.bfv.cloud\/ajedrezeuropa\/wp-json\/wp\/v2\/tags?post=609"}],"curies":[{"name":"wp","href":"https:\/\/api.w.org\/{rel}","templated":true}]}}