{"id":617,"date":"2014-08-30T23:08:00","date_gmt":"2014-08-30T23:08:00","guid":{"rendered":"https:\/\/www.bfv.cloud\/ajedrezeuropa\/index.php\/2014\/08\/30\/el-torneo-de-feria-de-alcazar-reune-a-55-ajedrecistas-menores-de-20-anos\/"},"modified":"2025-11-20T10:20:05","modified_gmt":"2025-11-20T10:20:05","slug":"el-torneo-de-feria-de-alcazar-reune-a-55-ajedrecistas-menores-de-20-anos","status":"publish","type":"post","link":"https:\/\/www.bfv.cloud\/ajedrezeuropa\/el-torneo-de-feria-de-alcazar-reune-a-55-ajedrecistas-menores-de-20-anos\/","title":{"rendered":"EL TORNEO DE FERIA DE ALC\u00c1ZAR RE\u00daNE A 55 AJEDRECISTAS MENORES DE 20 A\u00d1OS"},"content":{"rendered":"<div class=\"separator\" style=\"clear: both;text-align: center\">\n<\/div>\n<table cellpadding=\"0\" cellspacing=\"0\" class=\"tr-caption-container\" style=\"float: right;margin-left: 1em;text-align: right\">\n<tbody>\n<tr>\n<td style=\"text-align: center\"><a href=\"https:\/\/www.bfv.cloud\/ajedrezeuropa\/wp-content\/uploads\/2014\/08\/SAM_1031.jpg\" style=\"clear: right;margin-bottom: 1em;margin-left: auto;margin-right: auto\"><img fetchpriority=\"high\" decoding=\"async\" border=\"0\" src=\"https:\/\/www.bfv.cloud\/ajedrezeuropa\/wp-content\/uploads\/2014\/08\/SAM_1031.jpg\" height=\"400\" width=\"386\" \/><\/a><\/td>\n<\/tr>\n<tr>\n<td class=\"tr-caption\" style=\"text-align: center\">Los trofeos para los equipos ganadores<\/td>\n<\/tr>\n<\/tbody>\n<\/table>\n<h4>\n<span style=\"font-family: Helvetica Neue, Arial, Helvetica, sans-serif\">Dentro de pocas horas comenzar\u00e1 la 7\u00aa edici\u00f3n del Festival Infantil y Juvenil \u00abNuestro Ajedrez en Europa\u00bb, con la participaci\u00f3n de 42 chicos y chicas en el torneo sub-16 y de 13 j\u00f3venes en el sub-20. Con 55 inscritos los torneos recuperan el gran nivel de jugadores que perdieron hace algunos a\u00f1os con la importante reducci\u00f3n de premios a la que oblig\u00f3 la crisis econ\u00f3mica. En cuanto al n\u00famero de equipos, ser\u00e1n un total de 7, 4 en el sub-16 y 3 en el sub-20, correspondientes a 4 clubes los que finalmente se han sumado a esta 12\u00aa del torneo de feria de Alc\u00e1zar, aunque lamentamos la ausencia de \u00faltima hora de alg\u00fan club castellano-manchego que nos ha acompa\u00f1ado en ocasiones anteriores. Aqu\u00ed ten\u00e9is los enlaces para poder seguir los resultados y clasificaciones de esta importante jornada para el ajedrez regional:<\/span><\/h4>\n<h3 style=\"text-align: center\">\n<span style=\"font-family: Helvetica Neue, Arial, Helvetica, sans-serif\"><b><span style=\"color: #660000\"><a href=\"http:\/\/chess-results.com\/tnr143932.aspx?lan=2\">VII TORNEO SUB-16<\/a><\/span><\/b><\/span><\/h3>\n<h3 style=\"text-align: center\">\n<span style=\"font-family: Helvetica Neue, Arial, Helvetica, sans-serif\"><b><a href=\"http:\/\/chess-results.com\/tnr143931.aspx?lan=2\">I TORNEO SUB-20<\/a><\/b><\/span><\/h3>\n<table align=\"center\" cellpadding=\"0\" cellspacing=\"0\" class=\"tr-caption-container\" style=\"margin-left: auto;margin-right: auto;text-align: center\">\n<tbody>\n<tr>\n<td style=\"text-align: center\"><a href=\"https:\/\/www.bfv.cloud\/ajedrezeuropa\/wp-content\/uploads\/2014\/08\/SAM_1030.jpg\" style=\"margin-left: auto;margin-right: auto\"><img decoding=\"async\" border=\"0\" src=\"https:\/\/www.bfv.cloud\/ajedrezeuropa\/wp-content\/uploads\/2014\/08\/SAM_1030.jpg\" height=\"350\" width=\"640\" \/><\/a><\/td>\n<\/tr>\n<tr>\n<td class=\"tr-caption\" style=\"text-align: center\">Una vista de la sala de juego antes del inicio<\/td>\n<\/tr>\n<\/tbody>\n<\/table>\n<div>\n<span style=\"font-family: Helvetica Neue, Arial, Helvetica, sans-serif\"><br \/><\/span><\/div>\n","protected":false},"excerpt":{"rendered":"<p>Los trofeos para los equipos ganadores Dentro de pocas horas comenzar\u00e1 la 7\u00aa edici\u00f3n del Festival Infantil y Juvenil \u00abNuestro Ajedrez en Europa\u00bb, con la participaci\u00f3n de 42 chicos y chicas en el torneo sub-16 y de 13 j\u00f3venes en el sub-20. Con 55 inscritos los torneos recuperan el gran nivel de jugadores que perdieron [&hellip;]<\/p>\n","protected":false},"author":1,"featured_media":618,"comment_status":"open","ping_status":"closed","sticky":false,"template":"","format":"standard","meta":{"footnotes":""},"categories":[1],"tags":[],"class_list":["post-617","post","type-post","status-publish","format-standard","has-post-thumbnail","hentry","category-noticias"],"_links":{"self":[{"href":"https:\/\/www.bfv.cloud\/ajedrezeuropa\/wp-json\/wp\/v2\/posts\/617","targetHints":{"allow":["GET"]}}],"collection":[{"href":"https:\/\/www.bfv.cloud\/ajedrezeuropa\/wp-json\/wp\/v2\/posts"}],"about":[{"href":"https:\/\/www.bfv.cloud\/ajedrezeuropa\/wp-json\/wp\/v2\/types\/post"}],"author":[{"embeddable":true,"href":"https:\/\/www.bfv.cloud\/ajedrezeuropa\/wp-json\/wp\/v2\/users\/1"}],"replies":[{"embeddable":true,"href":"https:\/\/www.bfv.cloud\/ajedrezeuropa\/wp-json\/wp\/v2\/comments?post=617"}],"version-history":[{"count":1,"href":"https:\/\/www.bfv.cloud\/ajedrezeuropa\/wp-json\/wp\/v2\/posts\/617\/revisions"}],"predecessor-version":[{"id":620,"href":"https:\/\/www.bfv.cloud\/ajedrezeuropa\/wp-json\/wp\/v2\/posts\/617\/revisions\/620"}],"wp:featuredmedia":[{"embeddable":true,"href":"https:\/\/www.bfv.cloud\/ajedrezeuropa\/wp-json\/wp\/v2\/media\/618"}],"wp:attachment":[{"href":"https:\/\/www.bfv.cloud\/ajedrezeuropa\/wp-json\/wp\/v2\/media?parent=617"}],"wp:term":[{"taxonomy":"category","embeddable":true,"href":"https:\/\/www.bfv.cloud\/ajedrezeuropa\/wp-json\/wp\/v2\/categories?post=617"},{"taxonomy":"post_tag","embeddable":true,"href":"https:\/\/www.bfv.cloud\/ajedrezeuropa\/wp-json\/wp\/v2\/tags?post=617"}],"curies":[{"name":"wp","href":"https:\/\/api.w.org\/{rel}","templated":true}]}}