{"id":621,"date":"2022-06-25T11:35:00","date_gmt":"2022-06-25T11:35:00","guid":{"rendered":"https:\/\/www.bfv.cloud\/ajedrezeuropa\/index.php\/2022\/06\/25\/abierto-el-periodo-de-inscripciones-al-xv-campus-de-verano\/"},"modified":"2025-11-20T10:20:12","modified_gmt":"2025-11-20T10:20:12","slug":"abierto-el-periodo-de-inscripciones-al-xv-campus-de-verano","status":"publish","type":"post","link":"https:\/\/www.bfv.cloud\/ajedrezeuropa\/abierto-el-periodo-de-inscripciones-al-xv-campus-de-verano\/","title":{"rendered":"ABIERTO EL PERIODO DE INSCRIPCIONES AL XV CAMPUS DE VERANO"},"content":{"rendered":"<\/p>\n<div class=\"separator\" style=\"clear: both;text-align: center\"><a href=\"https:\/\/www.bfv.cloud\/ajedrezeuropa\/wp-content\/uploads\/2022\/06\/020CARTEL20XV20CAMPUS20DE20AJEDREZ202022.jpeg\" style=\"clear: left;float: left;margin-bottom: 1em;margin-right: 1em\"><img fetchpriority=\"high\" decoding=\"async\" border=\"0\" data-original-height=\"1600\" data-original-width=\"1115\" height=\"400\" src=\"https:\/\/blogger.googleusercontent.com\/img\/b\/R29vZ2xl\/AVvXsEjNI10JU4_5ZVRCjCLUvF4tKitlDzOoUQSbzrYxYJ4XpPhpTDQZISGUqRzKslgF0IkMp70prTIoF3eK99yy6q6gO6Y2VTjDOB_BWZmBQg_VgWyv4DluZseLXF8C7CfWJlfeeqYoJ6BFWFMhfXJm_jONeAvL-iVFPjUybkkxNRJg-LkVovzPHxm97zJJ\/w279-h400\/0%20CARTEL%20XV%20CAMPUS%20DE%20AJEDREZ%202022.jpeg\" width=\"279\" \/><\/a><\/div>\n<p><b style=\"text-align: justify;text-indent: 35.4pt\"><span style=\"font-size: 14.0pt;line-height: 107%\">El campus de verano de Nuestro<br \/>\nAjedrez en Europa llega a su 15\u00aa edici\u00f3n, quedando abierto el periodo de<br \/>\ninscripci\u00f3n del 24 al 30 de junio. Por delante est\u00e1n los retos de consolidar la<br \/>\nafici\u00f3n de los ni\u00f1os y las ni\u00f1as de iniciaci\u00f3n de las escuelas de ajedrez dirigidas<br \/>\npor Nuestro Ajedrez en Europa y el de impartir una formaci\u00f3n de alta calidad<br \/>\npara encarar las competiciones m\u00e1s exigentes en el \u00e1mbito nacional e<br \/>\ninternacional. En estos 15 a\u00f1os los ayuntamientos de Villafranca de los<br \/>\nCaballeros y Alc\u00e1zar de San Juan han consolidado el proyecto creado en 2007,<br \/>\nmanteniendo todas sus actividades formativas y el calendario de competiciones<br \/>\nen momentos tan dif\u00edciles como los que hemos vivido. En esta ocasi\u00f3n, las<br \/>\nfechas de celebraci\u00f3n del campus se extienden desde el 1 al 6 de agosto con<br \/>\neste calendario: del 1 al 3 en el CIJ Covadonga de Alc\u00e1zar y del 4 al 6 en la<br \/>\ncasa de la cultura de Villafranca.<\/span><\/b><\/p>\n<p class=\"MsoNormal\" style=\"text-align: justify\">\n<div class=\"separator\" style=\"clear: both;text-align: center\"><a href=\"https:\/\/www.bfv.cloud\/ajedrezeuropa\/wp-content\/uploads\/2022\/06\/120DIPTICO20XV20CAMPUS202022_002-scaled.jpg\" style=\"clear: right;float: right;margin-bottom: 1em;margin-left: 1em\"><img decoding=\"async\" border=\"0\" data-original-height=\"2479\" data-original-width=\"3508\" height=\"471\" src=\"https:\/\/blogger.googleusercontent.com\/img\/b\/R29vZ2xl\/AVvXsEjwfrZf6H2XZiIJ89S6zIuajtF-6QUyN8GcEpWK38y4k4a40pEWoLP8KRyjhP9jpR3bYwiBAiHa_sPsfJRTeNvcQAeoEYe7IxOEaEW_xBXVnHLe-0O-GuTloyF8LcNjAUplvmkYIoFNO2rCfttNTrCVTwrIoCDWXfv72Ryd2K7HwQwkToMjjoKaVpBb\/w666-h471\/1%20DIPTICO%20XV%20CAMPUS%202022_002.jpg\" width=\"666\" \/><\/a><\/div>\n<p><b><i><u><span style=\"font-size: 14.0pt;line-height: 107%\"><\/p>\n<p class=\"MsoNormal\" style=\"text-align: justify\"><b><i><u><span style=\"font-size: 14.0pt;line-height: 107%\"><br \/><\/span><\/u><\/i><\/b><\/p>\n<p class=\"MsoNormal\" style=\"text-align: justify\"><b><i><u><span style=\"font-size: 14.0pt;line-height: 107%\"><br \/><\/span><\/u><\/i><\/b><\/p>\n<p class=\"MsoNormal\" style=\"text-align: justify\"><b><i><u><span style=\"font-size: 14.0pt;line-height: 107%\"><br \/><\/span><\/u><\/i><\/b><\/p>\n<p class=\"MsoNormal\" style=\"text-align: justify\"><b><i><u><span style=\"font-size: 14.0pt;line-height: 107%\"><br \/><\/span><\/u><\/i><\/b><\/p>\n<p class=\"MsoNormal\" style=\"text-align: justify\"><b><i><u><span style=\"font-size: 14.0pt;line-height: 107%\"><br \/><\/span><\/u><\/i><\/b><\/p>\n<p class=\"MsoNormal\" style=\"text-align: justify\"><b><i><u><span style=\"font-size: 14.0pt;line-height: 107%\"><br \/><\/span><\/u><\/i><\/b><\/p>\n<p class=\"MsoNormal\" style=\"text-align: justify\"><b><i><u><span style=\"font-size: 14.0pt;line-height: 107%\"><br \/><\/span><\/u><\/i><\/b><\/p>\n<p class=\"MsoNormal\" style=\"text-align: justify\"><b><i><u><span style=\"font-size: 14.0pt;line-height: 107%\"><br \/><\/span><\/u><\/i><\/b><\/p>\n<p class=\"MsoNormal\" style=\"text-align: justify\"><b><i><u><span style=\"font-size: 14.0pt;line-height: 107%\"><br \/><\/span><\/u><\/i><\/b><\/p>\n<p class=\"MsoNormal\" style=\"text-align: justify\"><b><i><u><span style=\"font-size: 14.0pt;line-height: 107%\"><br \/><\/span><\/u><\/i><\/b><\/p>\n<p class=\"MsoNormal\" style=\"text-align: justify\"><b><i><u><span style=\"font-size: 14.0pt;line-height: 107%\"><br \/><\/span><\/u><\/i><\/b><\/p>\n<p class=\"MsoNormal\" style=\"text-align: justify\"><b><i><u><span style=\"font-size: 14.0pt;line-height: 107%\"><br \/><\/span><\/u><\/i><\/b><\/p>\n<p class=\"MsoNormal\" style=\"text-align: justify\"><b><i><u><span style=\"font-size: 14.0pt;line-height: 107%\"><br \/><\/span><\/u><\/i><\/b><\/p>\n<p class=\"MsoNormal\" style=\"text-align: justify\"><b><i><u><span style=\"font-size: 14.0pt;line-height: 107%\">Un gran plantel de &nbsp;entrenadores<\/span><\/u><\/i><\/b><\/p>\n<p><\/span><\/u><\/i><\/b><\/p>\n<p class=\"MsoNormal\" style=\"text-align: justify;text-indent: 35.4pt\"><b><span style=\"font-size: 14.0pt;line-height: 107%\">Con una participaci\u00f3n m\u00e1xima de 30<br \/>\najedrecistas de entre 6 y 18 a\u00f1os de edad, distribuidos en 6 grupos formativos,<br \/>\nse va a mantener un ratio adecuado para ofrecer una preparaci\u00f3n de alto nivel y<br \/>\nadecuada a cada uno de los grupos. Para completar este grado de calidad, otra<br \/>\nparte muy importante es contar con la presencia de uno de los mejores grupos de<br \/>\nentrenadores del ajedrez europeo: los grandes maestros, Elizbar Ubilava y<br \/>\nHerminio Herr\u00e1iz: junto a los preparadores habituales en competiciones<br \/>\nregionales y nacionales: Ana Isabel Gonz\u00e1lez, Antonio Albo, Silvia Toribio y<br \/>\nRoberto L\u00f3pez. <\/span><\/b><\/p>\n<p class=\"MsoNormal\" style=\"text-align: justify\"><b><i><u><span style=\"font-size: 14.0pt;line-height: 107%\">Destacados resultados de los equipos de categor\u00eda<br \/>\nabsoluta y juvenil<\/span><\/u><\/i><\/b><\/p>\n<p class=\"MsoNormal\" style=\"text-align: justify;text-indent: 35.4pt\"><b><span style=\"font-size: 14.0pt;line-height: 107%\">Esta temporada deportiva 2021\/22, ha<br \/>\ntra\u00eddo resultados destacados como el t\u00edtulo de campe\u00f3n provincial de Toledo por<br \/>\nEquipos de Club para Nuestro Ajedrez en Europa y la medalla de plata en el<br \/>\nregional por equipos de categor\u00eda juvenil. Adem\u00e1s, el pasado fin de semana el<br \/>\nequipo absoluto de Nuestro Ajedrez en Europa, lograba la 6\u00aa plaza de<br \/>\nCastilla-La Mancha con 3 jugadores sub18 en sus filas. En lo que resta de 2022<br \/>\nse afrontar\u00e1n retos regionales y nacionales muy importantes por parte de las<br \/>\nformaciones sub18 y sub12 de los clubes integrados en el proyecto.&nbsp;<\/span><\/b><\/p>\n<p class=\"MsoNormal\" style=\"text-align: justify;text-indent: 35.4pt\"><b style=\"text-indent: 35.4pt\"><span style=\"font-size: 14.0pt;line-height: 107%\"><i><u>Recuperaci\u00f3n de<br \/>\nlos actos de inauguraci\u00f3n y clausura<\/u><\/i><\/span><\/b><\/p>\n<p class=\"MsoNormal\" style=\"text-align: justify;text-indent: 35.4pt\"><b><span style=\"font-size: 14.0pt;line-height: 107%\">Desde 2020, los condicionantes<br \/>\nimpuestos por la pandemia no han permitido la celebraci\u00f3n de los habituales<br \/>\nactos de inauguraci\u00f3n y clausura del campus, que en esta ocasi\u00f3n queremos<br \/>\nretomar. Por lo tanto, podemos adelantar que el lunes 1 de agosto, por la tarde,<br \/>\nen el sal\u00f3n de actos del CIJ Covadonga tendr\u00e1 lugar el acto inaugural, mientras<br \/>\nque la clausura se celebrar\u00e1 en la tarde del s\u00e1bado 6 de agosto en el sal\u00f3n de<br \/>\nconferencias de la casa de la cultura de Villafranca de los Caballeros. Ambos<br \/>\nactos contar\u00e1n con la participaci\u00f3n de los responsables municipales de ambos<br \/>\nmunicipios que junto a los entrenadores del campus ofrecer\u00e1n toda la<br \/>\ninformaci\u00f3n relativa a esta 15\u00aa edici\u00f3n. <\/span><\/b><\/p>\n","protected":false},"excerpt":{"rendered":"<p>El campus de verano de Nuestro Ajedrez en Europa llega a su 15\u00aa edici\u00f3n, quedando abierto el periodo de inscripci\u00f3n del 24 al 30 de junio. Por delante est\u00e1n los retos de consolidar la afici\u00f3n de los ni\u00f1os y las ni\u00f1as de iniciaci\u00f3n de las escuelas de ajedrez dirigidas por Nuestro Ajedrez en Europa y [&hellip;]<\/p>\n","protected":false},"author":1,"featured_media":622,"comment_status":"open","ping_status":"closed","sticky":false,"template":"","format":"standard","meta":{"footnotes":""},"categories":[1],"tags":[],"class_list":["post-621","post","type-post","status-publish","format-standard","has-post-thumbnail","hentry","category-noticias"],"_links":{"self":[{"href":"https:\/\/www.bfv.cloud\/ajedrezeuropa\/wp-json\/wp\/v2\/posts\/621","targetHints":{"allow":["GET"]}}],"collection":[{"href":"https:\/\/www.bfv.cloud\/ajedrezeuropa\/wp-json\/wp\/v2\/posts"}],"about":[{"href":"https:\/\/www.bfv.cloud\/ajedrezeuropa\/wp-json\/wp\/v2\/types\/post"}],"author":[{"embeddable":true,"href":"https:\/\/www.bfv.cloud\/ajedrezeuropa\/wp-json\/wp\/v2\/users\/1"}],"replies":[{"embeddable":true,"href":"https:\/\/www.bfv.cloud\/ajedrezeuropa\/wp-json\/wp\/v2\/comments?post=621"}],"version-history":[{"count":1,"href":"https:\/\/www.bfv.cloud\/ajedrezeuropa\/wp-json\/wp\/v2\/posts\/621\/revisions"}],"predecessor-version":[{"id":624,"href":"https:\/\/www.bfv.cloud\/ajedrezeuropa\/wp-json\/wp\/v2\/posts\/621\/revisions\/624"}],"wp:featuredmedia":[{"embeddable":true,"href":"https:\/\/www.bfv.cloud\/ajedrezeuropa\/wp-json\/wp\/v2\/media\/622"}],"wp:attachment":[{"href":"https:\/\/www.bfv.cloud\/ajedrezeuropa\/wp-json\/wp\/v2\/media?parent=621"}],"wp:term":[{"taxonomy":"category","embeddable":true,"href":"https:\/\/www.bfv.cloud\/ajedrezeuropa\/wp-json\/wp\/v2\/categories?post=621"},{"taxonomy":"post_tag","embeddable":true,"href":"https:\/\/www.bfv.cloud\/ajedrezeuropa\/wp-json\/wp\/v2\/tags?post=621"}],"curies":[{"name":"wp","href":"https:\/\/api.w.org\/{rel}","templated":true}]}}