{"id":625,"date":"2013-08-15T10:06:00","date_gmt":"2013-08-15T10:06:00","guid":{"rendered":"https:\/\/www.bfv.cloud\/ajedrezeuropa\/index.php\/2013\/08\/15\/en-memoria-de-carlos-garcia-linares\/"},"modified":"2025-11-20T10:20:13","modified_gmt":"2025-11-20T10:20:13","slug":"en-memoria-de-carlos-garcia-linares","status":"publish","type":"post","link":"https:\/\/www.bfv.cloud\/ajedrezeuropa\/en-memoria-de-carlos-garcia-linares\/","title":{"rendered":"EN MEMORIA DE CARLOS GARC\u00cdA LINARES"},"content":{"rendered":"<div class=\"separator\" style=\"clear: both;text-align: center\">\n<\/div>\n<table cellpadding=\"0\" cellspacing=\"0\" class=\"tr-caption-container\" style=\"float: right;margin-left: 1em;text-align: right\">\n<tbody>\n<tr>\n<td style=\"text-align: center\"><a href=\"https:\/\/www.bfv.cloud\/ajedrezeuropa\/wp-content\/uploads\/2013\/08\/CarlosGarcia2talavera.jpg\" style=\"clear: right;margin-bottom: 1em;margin-left: auto;margin-right: auto\"><img fetchpriority=\"high\" decoding=\"async\" border=\"0\" height=\"261\" src=\"https:\/\/blogger.googleusercontent.com\/img\/b\/R29vZ2xl\/AVvXsEiApF-OQfSgK4gTpi2sfy3hv7USlkeLFZ6EVZdQrOtRZl5efiuY5M97h0jJDpqS5DmEzkO9o0pMRAoUV0lMMemJt5uBHmfbfZsPlB2MdnSX4ayX0nCxqqGcUXU6uCY5RjRGfTEaKZ3uxfI\/s400\/Carlos+Garcia+2+talavera.jpg\" width=\"400\" \/><\/a><\/td>\n<\/tr>\n<tr>\n<td class=\"tr-caption\" style=\"text-align: center\">Imagen del equipo del Club de Ajedrez Talavera junto a su pte. <br \/>Carlos&nbsp;Garc\u00eda Linares en el \u00faltimo regional de clubes<br \/>(Foto publicada en la FACLM)<\/td>\n<\/tr>\n<\/tbody>\n<\/table>\n<p><span style=\"font-family: Trebuchet MS, sans-serif\"><b>Ayer mor\u00eda Carlos Garc\u00eda Linares, presidente del Club de Ajedrez Talavera y, sobre todo, compa\u00f1ero en la defensa del mundo del ajedrez. En la actualidad, Carlos, tambi\u00e9n nos acompa\u00f1aba en la representaci\u00f3n del ajedrez castellano-manchego como miembro de la asamblea de la Federaci\u00f3n Espa\u00f1ola.&nbsp;<\/b><\/span><br \/>\n<span style=\"font-family: Trebuchet MS, sans-serif\"><b>Para su familia y amigos un sentido p\u00e9same y un caluroso abrazo.<\/b><\/span><br \/>\n<span style=\"font-family: Trebuchet MS, sans-serif\"><b><br \/><\/b><\/span><br \/>\n<span style=\"font-family: Trebuchet MS, sans-serif\"><i>F\u00e9lix Toribio G\u00f3mez<\/i><\/span><br \/>\n<span style=\"font-family: Trebuchet MS, sans-serif\"><i>Pte. del Club Nuestro Ajedrez en Europa <\/i><b>&nbsp;<\/b><\/span><\/p>\n","protected":false},"excerpt":{"rendered":"<p>Imagen del equipo del Club de Ajedrez Talavera junto a su pte. Carlos&nbsp;Garc\u00eda Linares en el \u00faltimo regional de clubes(Foto publicada en la FACLM) Ayer mor\u00eda Carlos Garc\u00eda Linares, presidente del Club de Ajedrez Talavera y, sobre todo, compa\u00f1ero en la defensa del mundo del ajedrez. En la actualidad, Carlos, tambi\u00e9n nos acompa\u00f1aba en la [&hellip;]<\/p>\n","protected":false},"author":1,"featured_media":626,"comment_status":"open","ping_status":"closed","sticky":false,"template":"","format":"standard","meta":{"footnotes":""},"categories":[1],"tags":[],"class_list":["post-625","post","type-post","status-publish","format-standard","has-post-thumbnail","hentry","category-noticias"],"_links":{"self":[{"href":"https:\/\/www.bfv.cloud\/ajedrezeuropa\/wp-json\/wp\/v2\/posts\/625","targetHints":{"allow":["GET"]}}],"collection":[{"href":"https:\/\/www.bfv.cloud\/ajedrezeuropa\/wp-json\/wp\/v2\/posts"}],"about":[{"href":"https:\/\/www.bfv.cloud\/ajedrezeuropa\/wp-json\/wp\/v2\/types\/post"}],"author":[{"embeddable":true,"href":"https:\/\/www.bfv.cloud\/ajedrezeuropa\/wp-json\/wp\/v2\/users\/1"}],"replies":[{"embeddable":true,"href":"https:\/\/www.bfv.cloud\/ajedrezeuropa\/wp-json\/wp\/v2\/comments?post=625"}],"version-history":[{"count":1,"href":"https:\/\/www.bfv.cloud\/ajedrezeuropa\/wp-json\/wp\/v2\/posts\/625\/revisions"}],"predecessor-version":[{"id":627,"href":"https:\/\/www.bfv.cloud\/ajedrezeuropa\/wp-json\/wp\/v2\/posts\/625\/revisions\/627"}],"wp:featuredmedia":[{"embeddable":true,"href":"https:\/\/www.bfv.cloud\/ajedrezeuropa\/wp-json\/wp\/v2\/media\/626"}],"wp:attachment":[{"href":"https:\/\/www.bfv.cloud\/ajedrezeuropa\/wp-json\/wp\/v2\/media?parent=625"}],"wp:term":[{"taxonomy":"category","embeddable":true,"href":"https:\/\/www.bfv.cloud\/ajedrezeuropa\/wp-json\/wp\/v2\/categories?post=625"},{"taxonomy":"post_tag","embeddable":true,"href":"https:\/\/www.bfv.cloud\/ajedrezeuropa\/wp-json\/wp\/v2\/tags?post=625"}],"curies":[{"name":"wp","href":"https:\/\/api.w.org\/{rel}","templated":true}]}}