{"id":628,"date":"2015-01-01T13:02:00","date_gmt":"2015-01-01T13:02:00","guid":{"rendered":"https:\/\/www.bfv.cloud\/ajedrezeuropa\/index.php\/2015\/01\/01\/lo-primero-de-2015-la-nueva-lista-de-elo-de-la-fide-y-la-gala-del-deporte-de-villafranca\/"},"modified":"2025-11-20T10:20:18","modified_gmt":"2025-11-20T10:20:18","slug":"lo-primero-de-2015-la-nueva-lista-de-elo-de-la-fide-y-la-gala-del-deporte-de-villafranca","status":"publish","type":"post","link":"https:\/\/www.bfv.cloud\/ajedrezeuropa\/lo-primero-de-2015-la-nueva-lista-de-elo-de-la-fide-y-la-gala-del-deporte-de-villafranca\/","title":{"rendered":"LO PRIMERO DE 2015: LA NUEVA LISTA DE ELO DE LA FIDE Y LA GALA DEL DEPORTE DE VILLAFRANCA"},"content":{"rendered":"<div class=\"separator\" style=\"clear: both;text-align: center\">\n<a href=\"https:\/\/www.bfv.cloud\/ajedrezeuropa\/wp-content\/uploads\/2015\/01\/LogoFide.jpg\" style=\"clear: right;float: right;margin-bottom: 1em;margin-left: 1em\"><img decoding=\"async\" border=\"0\" src=\"https:\/\/www.bfv.cloud\/ajedrezeuropa\/wp-content\/uploads\/2015\/01\/LogoFide.jpg\" \/><\/a><\/div>\n<p><span style=\"font-family: Georgia, Times New Roman, serif\"><b><i><u>ELO FIDE ENERO 2015<\/u><\/i><\/b><\/span><br \/>\n<span style=\"font-family: Georgia, Times New Roman, serif\"><b><br \/><\/b><\/span><br \/>\n<span style=\"font-family: Georgia, Times New Roman, serif\"><b>La FIDE ha publicado la nueva lista de ELO internacional que estar\u00e1 vigente durante el mes de enero. La inclusi\u00f3n en el c\u00e1lculo de los campeonatos por equipos disputados o finalizados en diciembre, el CECLUB SUB-16 y el Provincial Absoluto de Toledo, han provocado variaciones importantes en las valoraciones de varios de nuestros jugadores. Destacan las mejoras de 3 j\u00f3venes jugadores: Javier Valdepe\u00f1as Octavio, + 98 puntos; Irene Sim\u00f3n Escalona, + 89 puntos; y Cosimo Leonardo de Giorgi Benavent, +86 puntos. En esta lista, vigente desde hoy 1 de enero, son 23 los ajedrecistas de nuestros clubes que aparecen, por orden de ELO FIDE son estos:<\/b><\/span><\/p>\n<div style=\"text-align: center\">\n<span style=\"color: #274e13;font-family: Georgia, Times New Roman, serif\"><b>1. Fernando Visier &nbsp; (MF) &nbsp; &nbsp; &nbsp; &nbsp; &nbsp; 2.233<\/b><\/span><\/div>\n<div style=\"text-align: center\">\n<span style=\"color: #274e13;font-family: Georgia, Times New Roman, serif\"><b>2. Santiago Talavera &nbsp; &nbsp; &nbsp; &nbsp; &nbsp; &nbsp; &nbsp; &nbsp; &nbsp; &nbsp;2.023<\/b><\/span><\/div>\n<div style=\"text-align: center\">\n<span style=\"color: #274e13;font-family: Georgia, Times New Roman, serif\"><b>3. Isaac Lozano &nbsp; (Sub-18) &nbsp; &nbsp; &nbsp; &nbsp; 2.009<\/b><\/span><\/div>\n<div style=\"text-align: center\">\n<span style=\"color: #274e13;font-family: Georgia, Times New Roman, serif\"><b>4. Carlos \u00c1lvarez &nbsp; &nbsp; &nbsp; &nbsp; &nbsp; &nbsp; &nbsp; &nbsp; &nbsp; &nbsp; &nbsp; &nbsp; &nbsp; &nbsp;1.973<\/b><\/span><\/div>\n<div style=\"text-align: center\">\n<span style=\"color: #274e13;font-family: Georgia, Times New Roman, serif\"><b>5. Daniel P\u00edriz &nbsp; &nbsp; &nbsp; &nbsp; &nbsp; &nbsp; &nbsp; &nbsp; &nbsp; &nbsp; &nbsp; &nbsp; &nbsp; &nbsp; &nbsp; &nbsp; &nbsp;1.945<\/b><\/span><\/div>\n<div style=\"text-align: center\">\n<span style=\"color: #274e13;font-family: Georgia, Times New Roman, serif\"><b>6. Jorge Sim\u00f3n &nbsp; &nbsp; &nbsp; &nbsp; &nbsp; &nbsp; &nbsp; &nbsp; &nbsp; &nbsp; &nbsp; &nbsp; &nbsp; &nbsp; &nbsp; &nbsp; 1.894<\/b><\/span><\/div>\n<div style=\"text-align: center\">\n<span style=\"color: #274e13;font-family: Georgia, Times New Roman, serif\"><b>7. Jos\u00e9 M\u00aa Redondo &nbsp; &nbsp; &nbsp; &nbsp; &nbsp; &nbsp; &nbsp; &nbsp; &nbsp; &nbsp; &nbsp; 1.855<\/b><\/span><\/div>\n<div style=\"text-align: center\">\n<span style=\"color: #274e13;font-family: Georgia, Times New Roman, serif\"><b>8. Luis Miguel Monreal &nbsp; &nbsp; &nbsp; &nbsp; &nbsp; &nbsp; &nbsp; &nbsp;1.841<\/b><\/span><\/div>\n<div style=\"text-align: center\">\n<span style=\"color: #274e13;font-family: Georgia, Times New Roman, serif\"><b>9. Javier Valdepe\u00f1as (Sub-16) 1.812<\/b><\/span><\/div>\n<div style=\"text-align: center\">\n<span style=\"color: #274e13;font-family: Georgia, Times New Roman, serif\"><b>10. Jos\u00e9 \u00c1ngel Vela &nbsp; &nbsp; &nbsp; &nbsp; &nbsp; &nbsp; &nbsp; &nbsp; &nbsp; &nbsp; &nbsp; &nbsp;1.714<\/b><\/span><\/div>\n<div style=\"text-align: center\">\n<span style=\"color: #274e13;font-family: Georgia, Times New Roman, serif\"><b>11. Leo de Giorgi &nbsp;(Sub-18) &nbsp; &nbsp; &nbsp; &nbsp; 1.701<\/b><\/span><\/div>\n<div style=\"text-align: center\">\n<span style=\"color: #274e13;font-family: Georgia, Times New Roman, serif\"><b>12. Antonio Albo &nbsp; &nbsp; &nbsp; &nbsp; &nbsp; &nbsp; &nbsp; &nbsp; &nbsp; &nbsp; &nbsp; &nbsp; &nbsp; &nbsp; &nbsp;1.696<\/b><\/span><\/div>\n<div style=\"text-align: center\">\n<span style=\"color: #274e13;font-family: Georgia, Times New Roman, serif\"><b>13. Jos\u00e9 M\u00aa Pastrana &nbsp; &nbsp; &nbsp; &nbsp; &nbsp; &nbsp; &nbsp; &nbsp; &nbsp; &nbsp; 1.666<\/b><\/span><\/div>\n<div style=\"text-align: center\">\n<span style=\"color: #274e13;font-family: Georgia, Times New Roman, serif\"><b>14. Carlos Romo &nbsp; &nbsp; &nbsp; &nbsp; &nbsp; &nbsp; &nbsp; &nbsp; &nbsp; &nbsp; &nbsp; &nbsp; &nbsp; &nbsp; &nbsp;1.621<\/b><\/span><\/div>\n<div style=\"text-align: center\">\n<span style=\"color: #274e13;font-family: Georgia, Times New Roman, serif\"><b>15. Daniel Salas &nbsp; &nbsp; &nbsp; &nbsp; &nbsp; &nbsp; &nbsp; &nbsp; &nbsp; &nbsp; &nbsp; &nbsp; &nbsp; &nbsp; &nbsp; 1.585<\/b><\/span><\/div>\n<div style=\"text-align: center\">\n<span style=\"color: #274e13;font-family: Georgia, Times New Roman, serif\"><b>16. Jes\u00fas M\u00aa Bricio &nbsp; &nbsp; &nbsp; &nbsp; &nbsp; &nbsp; &nbsp; &nbsp; &nbsp; &nbsp; &nbsp; &nbsp; 1.540<\/b><\/span><\/div>\n<div style=\"text-align: center\">\n<span style=\"color: #274e13;font-family: Georgia, Times New Roman, serif\"><b>17. Irene Sim\u00f3n &nbsp;(Sub-16F) &nbsp; &nbsp; &nbsp; &nbsp;1.535<\/b><\/span><\/div>\n<div style=\"text-align: center\">\n<span style=\"color: #274e13;font-family: Georgia, Times New Roman, serif\"><b>18. Silvia Toribio &nbsp;(Sub-18F) &nbsp; &nbsp; &nbsp;1.385<\/b><\/span><\/div>\n<div style=\"text-align: center\">\n<span style=\"color: #274e13;font-family: Georgia, Times New Roman, serif\"><b>19. Julio M\u00e9rida &nbsp; (Sub-14) &nbsp; &nbsp; &nbsp; &nbsp; 1.346<\/b><\/span><\/div>\n<div style=\"text-align: center\">\n<span style=\"color: #274e13;font-family: Georgia, Times New Roman, serif\"><b>20. Arturo Mate &nbsp; (Sub-14) &nbsp; &nbsp; &nbsp; &nbsp; &nbsp;1.333<\/b><\/span><\/div>\n<div style=\"text-align: center\">\n<span style=\"color: #274e13;font-family: Georgia, Times New Roman, serif\"><b>21. Alba P\u00edriz &nbsp; &nbsp;(Sub-14F) &nbsp; &nbsp; &nbsp; &nbsp; &nbsp; 1.289<\/b><\/span><\/div>\n<div style=\"text-align: center\">\n<span style=\"color: #274e13;font-family: Georgia, Times New Roman, serif\"><b>22. Isabel Marcos-Alberca (Sub-14F) &nbsp;1.041<\/b><\/span><\/div>\n<div style=\"text-align: center\">\n<span style=\"color: #274e13;font-family: Georgia, Times New Roman, serif\"><b>23. Nuria Lozano &nbsp; (Sub-10F) &nbsp; &nbsp;1.022<\/b><\/span><\/div>\n<div style=\"text-align: left\">\n<span style=\"font-family: Georgia, Times New Roman, serif\"><b><i><u>Un chico de 12 a\u00f1os y una chica de 9 nuevas incorporaciones<\/u><\/i><\/b><\/span><\/div>\n<div style=\"text-align: left\">\n<span style=\"font-family: Georgia, Times New Roman, serif\"><b>Arturo Mate de 12 a\u00f1os de edad y Nuria Lozano de 9, son nuestros 2 nuevos jugadores incluidos en esta primera lista de 2015. Estamos seguros que lo m\u00e1s importante de todo que es su progresi\u00f3n continua en el juego del ajedrez seguir\u00e1 siendo el objetivo de estos 2 alumnos de la escuela de Alc\u00e1zar. \u00a1\u00a1Enhorabuena a ambos!!<\/b><\/span><\/div>\n<div style=\"text-align: left\">\n<span style=\"font-family: Georgia, Times New Roman, serif\"><b><i><u>Otros jugadores destacados<\/u><\/i><\/b><\/span><\/div>\n<div style=\"text-align: left\">\n<span style=\"font-family: Georgia, Times New Roman, serif\"><b>4 j\u00f3venes m\u00e1s han estado a punto de entrar en este nuevo listado de ELO FIDE: Marta Espinosa, que tras su excelente actuaci\u00f3n con 4 partidas disputadas y ganadas en el CECLUB SUB-16 consigui\u00f3 un bloque de 1.520 puntos; Roberto L\u00f3pez, Enrique Velasco y el peque\u00f1o de 8 a\u00f1os, Alonso L\u00f3pez, que sum\u00f3 su primer bloque de 4 partidas en el Torneo Nuevas Generaciones Sub-8 del hotel Bali.<\/b><\/span><\/div>\n<div style=\"text-align: left\">\n<span style=\"font-family: Georgia, Times New Roman, serif\"><b><br \/><\/b><\/span><\/div>\n<h4 style=\"text-align: left\">\n<span style=\"color: #660000;font-family: Georgia, Times New Roman, serif\"><b><u>VIII GALA DEL DEPORTE DE VILLAFRANCA DE LOS CABALLEROS<\/u><\/b><\/span><\/h4>\n<div>\n<span style=\"color: #660000;font-family: Georgia, Times New Roman, serif\"><b><u><br \/><\/u><\/b><\/span><\/div>\n<div class=\"separator\" style=\"clear: both;text-align: center\">\n<a href=\"https:\/\/www.bfv.cloud\/ajedrezeuropa\/wp-content\/uploads\/2015\/01\/SAM_1219.jpg\" style=\"clear: left;float: left;margin-bottom: 1em;margin-right: 1em\"><img fetchpriority=\"high\" decoding=\"async\" border=\"0\" src=\"https:\/\/www.bfv.cloud\/ajedrezeuropa\/wp-content\/uploads\/2015\/01\/SAM_1219.jpg\" height=\"194\" width=\"320\" \/><\/a><\/div>\n<div>\n<span style=\"color: #660000;font-family: Georgia, Times New Roman, serif\"><b>El martes 6 de enero es la fecha en la que se entregar\u00e1n los premios a los deportistas m\u00e1s destacados de 2014 de los clubes con sede en Villafranca. A primera hora de la tarde ser\u00e1 el momento de reconocer la labor y resultados de varios de nuestros ajedrecistas. Bajo la propuesta realizada desde la escuela y los clubes de ajedrez de Villafranca, el ayuntamiento ha concedido &nbsp;las distinciones de la 8\u00aa edici\u00f3n de la \u00abGala del Deporte\u00bb a:&nbsp;<\/b><\/span><\/p>\n<div style=\"text-align: center\">\n<span style=\"color: #660000;font-family: Georgia, Times New Roman, serif\"><b>&#8211; EL EQUIPO ABSOLUTO DE \u00abNUESTRO AJEDREZ EN EUROPA\u00bb, reciente ganador del campeonato provincial por equipos de 1\u00aa divisi\u00f3n de Toledo.&nbsp;<\/b><\/span><\/div>\n<div style=\"text-align: center\">\n<span style=\"color: #660000;font-family: Georgia, Times New Roman, serif\"><b>&#8211; ISAAC LOZANO OSORIO, por su trayectoria y evoluci\u00f3n desde su<\/b><\/span><\/div>\n<div style=\"text-align: center\">\n<span style=\"color: #660000;font-family: Georgia, Times New Roman, serif\"><b>incorporaci\u00f3n a la escuela y al club de ajedrez.<\/b><\/span><\/div>\n<div style=\"text-align: center\">\n<span style=\"color: #660000;font-family: Georgia, Times New Roman, serif\"><b>&#8211; JAVIER VALDEPE\u00d1AS OCTAVIO, primer tablero del equipo sub-16 de&nbsp;<\/b><\/span><\/div>\n<div style=\"text-align: center\">\n<span style=\"color: #660000;font-family: Georgia, Times New Roman, serif\"><b>\u00abNuestro Ajedrez en Europa\u00bb, por haber mejorado en 444 puntos<\/b><\/span><\/div>\n<div style=\"text-align: center\">\n<span style=\"color: #660000;font-family: Georgia, Times New Roman, serif\"><b>su valoraci\u00f3n FIDE en tan solo 3 a\u00f1os.<\/b><\/span><\/div>\n<div style=\"text-align: center\">\n<span style=\"color: #660000;font-family: Georgia, Times New Roman, serif\"><b><br \/><\/b><\/span><\/div>\n<div style=\"text-align: left\">\n<span style=\"color: #660000;font-family: Georgia, Times New Roman, serif\"><b>\u00a1\u00a1Desde esta p\u00e1gina nuestras felicitaciones a todos!!<\/b><\/span><\/div>\n<div style=\"text-align: left\">\n<span style=\"color: #660000;font-family: Georgia, Times New Roman, serif\"><b><br \/><\/b><\/span><\/div>\n<\/div>\n<div class=\"separator\" style=\"clear: both;text-align: center\">\n<a href=\"https:\/\/www.bfv.cloud\/ajedrezeuropa\/wp-content\/uploads\/2015\/01\/SAM_1296.jpg\" style=\"margin-left: 1em;margin-right: 1em\"><img decoding=\"async\" border=\"0\" src=\"https:\/\/www.bfv.cloud\/ajedrezeuropa\/wp-content\/uploads\/2015\/01\/SAM_1296.jpg\" height=\"345\" width=\"400\" \/><\/a><\/div>\n","protected":false},"excerpt":{"rendered":"<p>ELO FIDE ENERO 2015 La FIDE ha publicado la nueva lista de ELO internacional que estar\u00e1 vigente durante el mes de enero. La inclusi\u00f3n en el c\u00e1lculo de los campeonatos por equipos disputados o finalizados en diciembre, el CECLUB SUB-16 y el Provincial Absoluto de Toledo, han provocado variaciones importantes en las valoraciones de varios [&hellip;]<\/p>\n","protected":false},"author":1,"featured_media":629,"comment_status":"open","ping_status":"closed","sticky":false,"template":"","format":"standard","meta":{"footnotes":""},"categories":[1],"tags":[],"class_list":["post-628","post","type-post","status-publish","format-standard","has-post-thumbnail","hentry","category-noticias"],"_links":{"self":[{"href":"https:\/\/www.bfv.cloud\/ajedrezeuropa\/wp-json\/wp\/v2\/posts\/628","targetHints":{"allow":["GET"]}}],"collection":[{"href":"https:\/\/www.bfv.cloud\/ajedrezeuropa\/wp-json\/wp\/v2\/posts"}],"about":[{"href":"https:\/\/www.bfv.cloud\/ajedrezeuropa\/wp-json\/wp\/v2\/types\/post"}],"author":[{"embeddable":true,"href":"https:\/\/www.bfv.cloud\/ajedrezeuropa\/wp-json\/wp\/v2\/users\/1"}],"replies":[{"embeddable":true,"href":"https:\/\/www.bfv.cloud\/ajedrezeuropa\/wp-json\/wp\/v2\/comments?post=628"}],"version-history":[{"count":1,"href":"https:\/\/www.bfv.cloud\/ajedrezeuropa\/wp-json\/wp\/v2\/posts\/628\/revisions"}],"predecessor-version":[{"id":632,"href":"https:\/\/www.bfv.cloud\/ajedrezeuropa\/wp-json\/wp\/v2\/posts\/628\/revisions\/632"}],"wp:featuredmedia":[{"embeddable":true,"href":"https:\/\/www.bfv.cloud\/ajedrezeuropa\/wp-json\/wp\/v2\/media\/629"}],"wp:attachment":[{"href":"https:\/\/www.bfv.cloud\/ajedrezeuropa\/wp-json\/wp\/v2\/media?parent=628"}],"wp:term":[{"taxonomy":"category","embeddable":true,"href":"https:\/\/www.bfv.cloud\/ajedrezeuropa\/wp-json\/wp\/v2\/categories?post=628"},{"taxonomy":"post_tag","embeddable":true,"href":"https:\/\/www.bfv.cloud\/ajedrezeuropa\/wp-json\/wp\/v2\/tags?post=628"}],"curies":[{"name":"wp","href":"https:\/\/api.w.org\/{rel}","templated":true}]}}