{"id":633,"date":"2015-06-28T12:00:00","date_gmt":"2015-06-28T12:00:00","guid":{"rendered":"https:\/\/www.bfv.cloud\/ajedrezeuropa\/index.php\/2015\/06\/28\/nuestros-jugadores-en-los-campeonatos-de-espana\/"},"modified":"2025-11-20T10:20:26","modified_gmt":"2025-11-20T10:20:26","slug":"nuestros-jugadores-en-los-campeonatos-de-espana","status":"publish","type":"post","link":"https:\/\/www.bfv.cloud\/ajedrezeuropa\/nuestros-jugadores-en-los-campeonatos-de-espana\/","title":{"rendered":"NUESTROS JUGADORES EN LOS CAMPEONATOS DE ESPA\u00d1A"},"content":{"rendered":"<table cellpadding=\"0\" cellspacing=\"0\" class=\"tr-caption-container\" style=\"float: right;margin-left: 1em;text-align: right\">\n<tbody>\n<tr>\n<td style=\"text-align: center\"><a href=\"https:\/\/www.bfv.cloud\/ajedrezeuropa\/wp-content\/uploads\/2015\/06\/IMG-20150625-WA0000.jpg\" style=\"clear: right;margin-bottom: 1em;margin-left: auto;margin-right: auto\"><img fetchpriority=\"high\" decoding=\"async\" border=\"0\" height=\"240\" src=\"https:\/\/blogger.googleusercontent.com\/img\/b\/R29vZ2xl\/AVvXsEiNX4PDab68cstI7D0ghBCvECU7hYr791rJx4znPl_eNt0vPw9z9kg0F2_v0myQepyr8I0DgWBuxWmOx7pEtufeuJ5YRmwMUQ8l-aSnwi4STWtvLIFEt8DIScJrCMtpEYH4WQXq9HuoPko\/s400\/IMG-20150625-WA0000.jpg\" width=\"400\" \/><\/a><\/td>\n<\/tr>\n<tr>\n<td class=\"tr-caption\" style=\"text-align: center\">Isabel Marcos-Alberca en la final nacional por selecciones<br \/>\nauton\u00f3micas del Deporte en Edad Escolar<\/td>\n<\/tr>\n<\/tbody>\n<\/table>\n<h4>\n<u>CAMPEONATO DE ESPA\u00d1A DEL DEPORTE EN EDAD ESCOLAR<\/u><\/h4>\n<p><a href=\"https:\/\/www.bfv.cloud\/ajedrezeuropa\/wp-content\/uploads\/2015\/06\/CLASIFFINALJPG.jpg\" style=\"clear: left;float: left;margin-bottom: 1em;margin-right: 1em\"><img decoding=\"async\" border=\"0\" height=\"320\" src=\"https:\/\/blogger.googleusercontent.com\/img\/b\/R29vZ2xl\/AVvXsEjDJC5hTwnVgQcaXzommWSkzCDuGOVOt7O8V5kfBI9P90SS1XG-pxhYxzWVr-moJsCox2VDf21iyCbu2OAlJYlIC2oFkhiXJ27fkzk5gphD7nQupRvRMVSa_lgutnQInwolaVJS82DTRCg\/s320\/CLASIF+FINAL+JPG.jpg\" width=\"268\" \/><\/a><a href=\"https:\/\/www.bfv.cloud\/ajedrezeuropa\/wp-content\/uploads\/2015\/06\/IMG-20150625-WA0004.jpg\" style=\"clear: right;float: right;margin-bottom: 1em;margin-left: 1em;text-align: center\"><img decoding=\"async\" border=\"0\" height=\"192\" src=\"https:\/\/blogger.googleusercontent.com\/img\/b\/R29vZ2xl\/AVvXsEhxtXp5D2G3jTz15jW-Kyef0hJjo8QU_w-Up4z4FnCiCdEgGznHMMoClgnLVofFrQMAvVHf-bqZX3LbgQepFkDNrZUacPA9olKg6J1R6Lg4olq8GI4nUVcVgRF0LLqaeyVJlsjlQLC4EWA\/s320\/IMG-20150625-WA0004.jpg\" width=\"320\" \/><\/a><span style=\"font-family: Georgia, Times New Roman, serif\">La localidad murciana de San Javier ha acogido la fase final nacional por selecciones auton\u00f3micas del Deporte en Edad Escolar, desde el lunes 21 hasta el pasado jueves 26 de junio. De las dos chicas que nuestras escuelas clasificaron en la fase regional para defender a la seleccio\u00f3n castellano-manchega solamente pudo viajar la criptanense Isabel Marcos-Alberca. Reproducimos una copia de la clasificaci\u00f3n final por selecciones regionales y la actuaci\u00f3n de cada uno de los 6 jugadores que han representado al ajedrez de Castilla-La Mancha.<\/span><\/p>\n<div class=\"separator\" style=\"clear: both;text-align: center\">\n<a href=\"https:\/\/www.bfv.cloud\/ajedrezeuropa\/wp-content\/uploads\/2015\/06\/ACTUACI25C32593NJUGADORESCAS-MAN.jpg\" style=\"margin-left: 1em;margin-right: 1em\"><img loading=\"lazy\" decoding=\"async\" border=\"0\" height=\"213\" src=\"https:\/\/blogger.googleusercontent.com\/img\/b\/R29vZ2xl\/AVvXsEiPlfDc8P9LBgEi1tt1S8MxQCOXcIirqiGSAFTiMQwomHWkLg-vHKhzmlRar0exxdM_yk7tgvo-2Cr9-A4J5Ks69Tao0fIKIdzzESgz6VPetIaUE-MVgAVDorMCWlLqXVsvHqhvjlOtBcQ\/s400\/ACTUACI%25C3%2593N+JUGADORES+CAS-MAN.jpg\" width=\"400\" \/><\/a><\/div>\n<p><span style=\"font-family: Georgia, Times New Roman, serif\"><br \/><\/span><br \/>\n<span style=\"font-family: Georgia, Times New Roman, serif\"><b><u>COMIENZAN LOS CAMPEONATOS DE ESPA\u00d1A POR EDADES EN SALOBRE\u00d1A<\/u><\/b><\/span><br \/>\n<span style=\"font-family: Georgia, Times New Roman, serif\"><br \/><\/span><br \/>\n<\/p>\n<table align=\"center\" cellpadding=\"0\" cellspacing=\"0\" class=\"tr-caption-container\" style=\"float: right;margin-left: 1em;text-align: right\">\n<tbody>\n<tr>\n<td style=\"text-align: center\"><a href=\"https:\/\/www.bfv.cloud\/ajedrezeuropa\/wp-content\/uploads\/2015\/06\/SAM_1295.jpg\" style=\"margin-left: auto;margin-right: auto\"><img loading=\"lazy\" decoding=\"async\" border=\"0\" height=\"302\" src=\"https:\/\/blogger.googleusercontent.com\/img\/b\/R29vZ2xl\/AVvXsEj5Urkd1fwG76SWGx6Jp0JO_F4WCPZ_AXCjjIct8sr22PNWwGq8fs9BijQ47jkXIOa7uBHZDsx5Y6ZErkgN1G36Le5wZPn0JfnVMkrFyQ76DNNvw7SU6YkhnyISUJXoRQT4ne-6XG4oOL0\/s320\/SAM_1295.JPG\" width=\"320\" \/><\/a><\/td>\n<\/tr>\n<tr>\n<td class=\"tr-caption\" style=\"text-align: center\">Alfredo y Roberto en primer plano<\/td>\n<\/tr>\n<\/tbody>\n<\/table>\n<p><span style=\"font-family: Georgia, Times New Roman, serif\">La intervenci\u00f3n de Isabel en varias de las rondas del campeonato y las experiencias acumuladas junto a sus compa\u00f1eros han sido tan positivas para ella que se ha decidido a asistir al Campeonato de Espa\u00f1a sub-14 que se celebrar\u00e1 del 13 al 18 de julio en Salobre\u00f1a (Granada). En esta misma categor\u00eda participar\u00e1 Roberto L\u00f3pez, mientras que en sub-12 lo har\u00e1 Alfredo Amador y en el sub-10, que ya comienza ma\u00f1ana, contaremos con Alonso L\u00f3pez. Estos son los 4 ajedrecistas de nuestros clubes que, hasta la fecha, han confirmado su asistencia a estos campeonatos &nbsp;y, por supuesto, queremos aprovechar para enviarles a todos ellos nuestro apoyo y entusiasmo en esta nueva experiencia.&nbsp;<\/span><\/p>\n<table align=\"center\" cellpadding=\"0\" cellspacing=\"0\" class=\"tr-caption-container\" style=\"margin-left: auto;margin-right: auto;text-align: center\">\n<tbody>\n<tr>\n<td style=\"text-align: center\"><a href=\"https:\/\/www.bfv.cloud\/ajedrezeuropa\/wp-content\/uploads\/2015\/06\/SAM_1292.jpg\" style=\"clear: right;margin-bottom: 1em;margin-left: auto;margin-right: auto\"><img loading=\"lazy\" decoding=\"async\" border=\"0\" height=\"259\" src=\"https:\/\/blogger.googleusercontent.com\/img\/b\/R29vZ2xl\/AVvXsEjAhfrWI3WydjSxduTnJKxlmK9PSvq6EYPrLRIckqQOBb0xWJSJuMMCIotjLXM8aZdXJC1mQP7laRlbNnz_n1-33lkWH0O0p87nJB7vwzQeLYyrlP68h8LoHZkPEwehOfj7MH6jDKERPX4\/s320\/SAM_1292.JPG\" width=\"320\" \/><\/a><\/td>\n<\/tr>\n<tr>\n<td class=\"tr-caption\" style=\"text-align: center\">Alonso comienza ma\u00f1ana y participar\u00e1 en los 2<br \/>\ncampeonatos de Espa\u00f1a de la categor\u00eda sub-10, el<br \/>\nde lentas y tambi\u00e9n en el de r\u00e1pidas.<\/td>\n<\/tr>\n<\/tbody>\n<\/table>\n<p><span style=\"font-family: Georgia, Times New Roman, serif\">De forma que se vaya iniciando la competici\u00f3n en cada categor\u00eda iremos informando sobre las actuaciones de cada uno.<\/span><br \/>\n<span style=\"font-family: Georgia, Times New Roman, serif\">\u00a1\u00a1MUCHO \u00c1NIMO!!<\/span><\/p>\n","protected":false},"excerpt":{"rendered":"<p>Isabel Marcos-Alberca en la final nacional por selecciones auton\u00f3micas del Deporte en Edad Escolar CAMPEONATO DE ESPA\u00d1A DEL DEPORTE EN EDAD ESCOLAR La localidad murciana de San Javier ha acogido la fase final nacional por selecciones auton\u00f3micas del Deporte en Edad Escolar, desde el lunes 21 hasta el pasado jueves 26 de junio. De las [&hellip;]<\/p>\n","protected":false},"author":1,"featured_media":634,"comment_status":"open","ping_status":"closed","sticky":false,"template":"","format":"standard","meta":{"footnotes":""},"categories":[1],"tags":[],"class_list":["post-633","post","type-post","status-publish","format-standard","has-post-thumbnail","hentry","category-noticias"],"_links":{"self":[{"href":"https:\/\/www.bfv.cloud\/ajedrezeuropa\/wp-json\/wp\/v2\/posts\/633","targetHints":{"allow":["GET"]}}],"collection":[{"href":"https:\/\/www.bfv.cloud\/ajedrezeuropa\/wp-json\/wp\/v2\/posts"}],"about":[{"href":"https:\/\/www.bfv.cloud\/ajedrezeuropa\/wp-json\/wp\/v2\/types\/post"}],"author":[{"embeddable":true,"href":"https:\/\/www.bfv.cloud\/ajedrezeuropa\/wp-json\/wp\/v2\/users\/1"}],"replies":[{"embeddable":true,"href":"https:\/\/www.bfv.cloud\/ajedrezeuropa\/wp-json\/wp\/v2\/comments?post=633"}],"version-history":[{"count":1,"href":"https:\/\/www.bfv.cloud\/ajedrezeuropa\/wp-json\/wp\/v2\/posts\/633\/revisions"}],"predecessor-version":[{"id":640,"href":"https:\/\/www.bfv.cloud\/ajedrezeuropa\/wp-json\/wp\/v2\/posts\/633\/revisions\/640"}],"wp:featuredmedia":[{"embeddable":true,"href":"https:\/\/www.bfv.cloud\/ajedrezeuropa\/wp-json\/wp\/v2\/media\/634"}],"wp:attachment":[{"href":"https:\/\/www.bfv.cloud\/ajedrezeuropa\/wp-json\/wp\/v2\/media?parent=633"}],"wp:term":[{"taxonomy":"category","embeddable":true,"href":"https:\/\/www.bfv.cloud\/ajedrezeuropa\/wp-json\/wp\/v2\/categories?post=633"},{"taxonomy":"post_tag","embeddable":true,"href":"https:\/\/www.bfv.cloud\/ajedrezeuropa\/wp-json\/wp\/v2\/tags?post=633"}],"curies":[{"name":"wp","href":"https:\/\/api.w.org\/{rel}","templated":true}]}}