{"id":641,"date":"2017-12-12T18:37:00","date_gmt":"2017-12-12T18:37:00","guid":{"rendered":"https:\/\/www.bfv.cloud\/ajedrezeuropa\/index.php\/2017\/12\/12\/curso-de-ajedrez-para-adultos-en-la-biblioteca-de-illescas\/"},"modified":"2025-11-20T10:20:28","modified_gmt":"2025-11-20T10:20:28","slug":"curso-de-ajedrez-para-adultos-en-la-biblioteca-de-illescas","status":"publish","type":"post","link":"https:\/\/www.bfv.cloud\/ajedrezeuropa\/curso-de-ajedrez-para-adultos-en-la-biblioteca-de-illescas\/","title":{"rendered":"CURSO DE AJEDREZ PARA ADULTOS EN LA BIBLIOTECA DE ILLESCAS"},"content":{"rendered":"<div class=\"separator\" style=\"clear: both;text-align: center\">\n<a href=\"https:\/\/www.bfv.cloud\/ajedrezeuropa\/wp-content\/uploads\/2017\/12\/CARTELCURSOAJEDREZBIBLIOTECA.jpg\" style=\"clear: left;float: left;margin-bottom: 1em;margin-right: 1em\"><img fetchpriority=\"high\" decoding=\"async\" border=\"0\" data-original-height=\"1600\" data-original-width=\"1233\" height=\"640\" src=\"https:\/\/blogger.googleusercontent.com\/img\/b\/R29vZ2xl\/AVvXsEjpplxky1tpHtHhMgy2VrtvZSRC0ZmPf1q32IHHHxewpEoni0qU_tjnDaPOvNGkh1T6_h8EWTaW5ZhqvNly4ZuLr9BI5S-lrhxdVjXdBMuW09S8HXEiT_eiypDAnq26Ir4LodeMAmypBj4\/s640\/CARTEL+CURSO+AJEDREZ+BIBLIOTECA.jpg\" width=\"490\" \/><\/a><\/div>\n<p><span style=\"font-family: Helvetica Neue, Arial, Helvetica, sans-serif;font-size: large\"><b>La Biblioteca de Illescas ofrece un curso de ajedrez para adultos, con car\u00e1cter pedag\u00f3gico, en el marco del proyecto \u00abEL AJEDREZ EN LA ESCUELA, UNA ESTRATEGIA EDUCATIVA\u00bb<\/b><\/span><br \/>\n<span style=\"font-family: Helvetica Neue, Arial, Helvetica, sans-serif;font-size: large\"><b>El curso ofrecer\u00e1 sus clases en la tarde\/noche de los mi\u00e9rcoles desde el 17 de enero hasta el 7 de marzo de 2018.<\/b><\/span><br \/>\n<span style=\"font-family: Helvetica Neue, Arial, Helvetica, sans-serif;font-size: large\"><b>Para facilitar la participaci\u00f3n de todos los interesados este primer curso tiene car\u00e1cter gratuito y un n\u00famero de plazas limitado.<\/b><\/span><br \/>\n<span style=\"font-family: Helvetica Neue, Arial, Helvetica, sans-serif;font-size: large\"><b>M\u00e1s informaci\u00f3n e inscripciones en la propia Biblioteca Municipal de Illescas.<\/b><\/span><\/p>\n","protected":false},"excerpt":{"rendered":"<p>La Biblioteca de Illescas ofrece un curso de ajedrez para adultos, con car\u00e1cter pedag\u00f3gico, en el marco del proyecto \u00abEL AJEDREZ EN LA ESCUELA, UNA ESTRATEGIA EDUCATIVA\u00bb El curso ofrecer\u00e1 sus clases en la tarde\/noche de los mi\u00e9rcoles desde el 17 de enero hasta el 7 de marzo de 2018. Para facilitar la participaci\u00f3n de [&hellip;]<\/p>\n","protected":false},"author":1,"featured_media":642,"comment_status":"open","ping_status":"closed","sticky":false,"template":"","format":"standard","meta":{"footnotes":""},"categories":[1],"tags":[],"class_list":["post-641","post","type-post","status-publish","format-standard","has-post-thumbnail","hentry","category-noticias"],"_links":{"self":[{"href":"https:\/\/www.bfv.cloud\/ajedrezeuropa\/wp-json\/wp\/v2\/posts\/641","targetHints":{"allow":["GET"]}}],"collection":[{"href":"https:\/\/www.bfv.cloud\/ajedrezeuropa\/wp-json\/wp\/v2\/posts"}],"about":[{"href":"https:\/\/www.bfv.cloud\/ajedrezeuropa\/wp-json\/wp\/v2\/types\/post"}],"author":[{"embeddable":true,"href":"https:\/\/www.bfv.cloud\/ajedrezeuropa\/wp-json\/wp\/v2\/users\/1"}],"replies":[{"embeddable":true,"href":"https:\/\/www.bfv.cloud\/ajedrezeuropa\/wp-json\/wp\/v2\/comments?post=641"}],"version-history":[{"count":1,"href":"https:\/\/www.bfv.cloud\/ajedrezeuropa\/wp-json\/wp\/v2\/posts\/641\/revisions"}],"predecessor-version":[{"id":643,"href":"https:\/\/www.bfv.cloud\/ajedrezeuropa\/wp-json\/wp\/v2\/posts\/641\/revisions\/643"}],"wp:featuredmedia":[{"embeddable":true,"href":"https:\/\/www.bfv.cloud\/ajedrezeuropa\/wp-json\/wp\/v2\/media\/642"}],"wp:attachment":[{"href":"https:\/\/www.bfv.cloud\/ajedrezeuropa\/wp-json\/wp\/v2\/media?parent=641"}],"wp:term":[{"taxonomy":"category","embeddable":true,"href":"https:\/\/www.bfv.cloud\/ajedrezeuropa\/wp-json\/wp\/v2\/categories?post=641"},{"taxonomy":"post_tag","embeddable":true,"href":"https:\/\/www.bfv.cloud\/ajedrezeuropa\/wp-json\/wp\/v2\/tags?post=641"}],"curies":[{"name":"wp","href":"https:\/\/api.w.org\/{rel}","templated":true}]}}