{"id":651,"date":"2017-04-10T21:00:00","date_gmt":"2017-04-10T21:00:00","guid":{"rendered":"https:\/\/www.bfv.cloud\/ajedrezeuropa\/index.php\/2017\/04\/10\/un-oro-y-tres-platas-en-el-regional-por-edades\/"},"modified":"2025-11-20T10:20:41","modified_gmt":"2025-11-20T10:20:41","slug":"un-oro-y-tres-platas-en-el-regional-por-edades","status":"publish","type":"post","link":"https:\/\/www.bfv.cloud\/ajedrezeuropa\/un-oro-y-tres-platas-en-el-regional-por-edades\/","title":{"rendered":"UN ORO Y TRES PLATAS EN EL REGIONAL POR EDADES"},"content":{"rendered":"<div class=\"separator\" style=\"clear: both;text-align: center\">\n<\/div>\n<table cellpadding=\"0\" cellspacing=\"0\" class=\"tr-caption-container\" style=\"float: left;margin-right: 1em;text-align: left\">\n<tbody>\n<tr>\n<td style=\"text-align: center\"><a href=\"https:\/\/www.bfv.cloud\/ajedrezeuropa\/wp-content\/uploads\/2017\/04\/IMG-20170410-WA012.jpg\" style=\"clear: left;margin-bottom: 1em;margin-left: auto;margin-right: auto\"><img fetchpriority=\"high\" decoding=\"async\" border=\"0\" height=\"392\" src=\"https:\/\/blogger.googleusercontent.com\/img\/b\/R29vZ2xl\/AVvXsEjTqKf06f3zsIfghX69HTzzbL4yN5ZWz-4OJzD7sQyVX-fbSmxVWJ__1QXS3dvYCjDZ8ZMlVtisWYynY-hA-8nDtulA2UmjZ_9prDZ3ESNR8VRNN0gdsvolpClFfG5YmMCm7FG8ZqpCg78\/s640\/IMG-20170410-WA012.jpg\" width=\"640\" \/><\/a><\/td>\n<\/tr>\n<tr>\n<td class=\"tr-caption\" style=\"text-align: center\">Los 19 jugadores y sus entrenadores junto a la pancarta de Nuestro Ajedrez en Europa<\/td>\n<\/tr>\n<\/tbody>\n<\/table>\n<table cellpadding=\"0\" cellspacing=\"0\" class=\"tr-caption-container\" style=\"float: right;text-align: center\">\n<tbody>\n<tr>\n<td style=\"text-align: center\"><a href=\"https:\/\/www.bfv.cloud\/ajedrezeuropa\/wp-content\/uploads\/2017\/04\/IMG-20170407-WA015.jpg\" style=\"margin-left: auto;margin-right: auto\"><img decoding=\"async\" border=\"0\" height=\"300\" src=\"https:\/\/blogger.googleusercontent.com\/img\/b\/R29vZ2xl\/AVvXsEi1s2brts8bptz7HzbCpujDNVLFB9ECYi1_KImmBDpy4JbNOU_7thhR7x4j_XvQDT0AmFQPaXH43RFeJtXkOjJA7O4488dygzqF_-anDu47w8lDafqEZhYoGTD5-OGBJR0ceodMYugNqW0\/s400\/IMG-20170407-WA015.jpg\" width=\"400\" \/><\/a><\/td>\n<\/tr>\n<tr>\n<td class=\"tr-caption\" style=\"text-align: center\">Alonso L\u00f3pez, subcampe\u00f3n sub-12<\/td>\n<\/tr>\n<\/tbody>\n<\/table>\n<p><span style=\"font-family: Arial, Helvetica, sans-serif;font-size: large\">El Campeonato de Castilla-La Mancha por edades ha finalizado hoy en Ciudad Real con el balance de un oro y tres platas para el grupo de chicos y chicas que han representado a <b>Nuestro Ajedrez en Europa<\/b>.&nbsp;<\/span><\/p>\n<table cellpadding=\"0\" cellspacing=\"0\" class=\"tr-caption-container\" style=\"float: right;margin-left: 1em;text-align: right\">\n<tbody>\n<tr>\n<td style=\"text-align: center\"><a href=\"https:\/\/www.bfv.cloud\/ajedrezeuropa\/wp-content\/uploads\/2017\/04\/IMG-20170407-WA016.jpg\" style=\"clear: right;margin-bottom: 1em;margin-left: auto;margin-right: auto\"><img decoding=\"async\" border=\"0\" height=\"300\" src=\"https:\/\/blogger.googleusercontent.com\/img\/b\/R29vZ2xl\/AVvXsEjdADUWWRQnKiAvzN2ZqSn54NBAr2qKywOgqsa362yu58GILNExLU1tx6blsv3QhFFSPW-paD4Kw2Nci0nQwv5JAK1duqQu9M4p4Fjr3kPAkra_z7c3n0TVH4AB91oMeK-OjNOs8dg1Z8s\/s400\/IMG-20170407-WA016.jpg\" width=\"400\" \/><\/a><\/td>\n<\/tr>\n<tr>\n<td class=\"tr-caption\" style=\"text-align: center\">Nuria Lozano, campeona del sub-12<\/td>\n<\/tr>\n<\/tbody>\n<\/table>\n<p><span style=\"font-family: Arial, Helvetica, sans-serif;font-size: large\">La aportaci\u00f3n m\u00e1s importante al medallero ha venido protagonizada por la categor\u00eda sub-12, con <b>Nuria Lozano Serrano<\/b> revalidando el t\u00edtulo de campeona regional y con <b>Alonso L\u00f3pez N\u00fa\u00f1ez<\/b> como subcampe\u00f3n, quedando a un paso del oro, despu\u00e9s de realizar un excelente torneo. Las otras dos platas han correspondido a dos jugadoras que ya saben lo que es la lucha por los primeros puestos en las categor\u00edas precedentes:&nbsp;<b>Irene Sim\u00f3n Escalona<\/b> en el sub-18 femenino e&nbsp;<b>Isabel Marcos-Alberca Lizcano<\/b> en el sub-16. <\/p>\n<table cellpadding=\"0\" cellspacing=\"0\" class=\"tr-caption-container\" style=\"float: left;margin-right: 1em;text-align: left\">\n<tbody>\n<tr>\n<td style=\"text-align: center\"><a href=\"https:\/\/www.bfv.cloud\/ajedrezeuropa\/wp-content\/uploads\/2017\/04\/IMG-20170410-WA010.jpg\" style=\"clear: left;margin-bottom: 1em;margin-left: auto;margin-right: auto\"><img loading=\"lazy\" decoding=\"async\" border=\"0\" height=\"360\" src=\"https:\/\/blogger.googleusercontent.com\/img\/b\/R29vZ2xl\/AVvXsEiMHJcjlkBa7vOFBIIleG1UGtYHmMFWL_bJkPfFv1q0RAg8mQtWCt8P387I9GlfmQxfIDcg21YqrR0stNd-tGo7VEC5to3hQWybG2hgiSuziHHCKSItdqgD3mr9SmeVhaRQ1gOj2A_HF44\/s400\/IMG-20170410-WA010.jpg\" width=\"400\" \/><\/a><\/td>\n<\/tr>\n<tr>\n<td class=\"tr-caption\" style=\"text-align: center\">Las tres ganadoras del sub-18 femenino con Irene Sim\u00f3n a la<br \/>izquierda de la imagen<\/td>\n<\/tr>\n<\/tbody>\n<\/table>\n<p><\/span><br \/>\n<span style=\"font-family: Arial, Helvetica, sans-serif;font-size: large\"><br \/><\/span><br \/>\n<span style=\"font-family: Arial, Helvetica, sans-serif;font-size: large\">Otros resultados muy destacados han sido los de <b>Alfredo Amador And\u00fajar<\/b>, 7\u00ba en el sub-14 empatado con el tercer clasificado, y el del debutante <b>Carlos P\u00e9rez Manzanedo<\/b>, que dentro de la categor\u00eda sub-12 tambi\u00e9n se ha situado en la 7\u00aa plaza. Por su parte, <b>Javier valdepe\u00f1as Octavio<\/b>, ha quedado 6\u00ba del juvenil (sub-18), mientras que <b>Roberto L\u00f3pez N\u00fa\u00f1ez<\/b> se situaba en la 8\u00aa posici\u00f3n del sub-16. Muy cerca de los puestos de honor tambi\u00e9n ha estado <b>Clara Vela Adri\u00e1n<\/b>, gracias a los 3 puntos sumados en el sub-14 femenino, quedando 4\u00aa empatada con las 3 primeras clasificadas.<\/p>\n<table cellpadding=\"0\" cellspacing=\"0\" class=\"tr-caption-container\" style=\"float: right;margin-left: 1em;text-align: right\">\n<tbody>\n<tr>\n<td style=\"text-align: center\"><a href=\"https:\/\/www.bfv.cloud\/ajedrezeuropa\/wp-content\/uploads\/2017\/04\/IMG-20170410-WA011.jpg\" style=\"clear: right;margin-bottom: 1em;margin-left: auto;margin-right: auto\"><img loading=\"lazy\" decoding=\"async\" border=\"0\" height=\"400\" src=\"https:\/\/blogger.googleusercontent.com\/img\/b\/R29vZ2xl\/AVvXsEjJBupQ13FVDBWHFe3TAQIHPJ3j9pKEpPjKz-peQOk0u_lJadklxYPQ64ZbDw_Jflwvatr07C51Nbk-scGvXM7ele3saX_NOE07ECTnCtWuTmxi87yzcn1n8r-szuS68fb_Ay5MQjhKtL4\/s400\/IMG-20170410-WA011.jpg\" width=\"261\" \/><\/a><\/td>\n<\/tr>\n<tr>\n<td class=\"tr-caption\" style=\"text-align: center\">Isabel recoge su trofeo con el aplauso<br \/>del pte de la FACLM, Justino L\u00f3pez<\/td>\n<\/tr>\n<\/tbody>\n<\/table>\n<p><\/span><br \/>\n<span style=\"font-family: Arial, Helvetica, sans-serif;font-size: large\"><br \/><\/span><br \/>\n<span style=\"font-family: Arial, Helvetica, sans-serif;font-size: large\">En el repaso a los resultados de los otros 10 jugadores que completaban la expedici\u00f3n de las escuelas de ajedrez de Alc\u00e1zar de San Juan y Villafranca de los Caballeros, empezaremos con el sub-16, donde <b>Enrique Velasco Aragon\u00e9s<\/b>&nbsp;y <b>Julio M\u00e9rida Ortiz<\/b>&nbsp;han finalizado 11\u00ba y 14\u00ba, respectivamente, con 3,5 puntos. Con 2,5 puntos ha terminado <b>Pablo Vela Adri\u00e1n.<\/b>&nbsp;Los 3 jugadores han mejorado puntuaci\u00f3n y posici\u00f3n sobre 2016.<\/span><br \/>\n<span style=\"font-family: Arial, Helvetica, sans-serif;font-size: large\">En sub-14 se produc\u00eda la primera participaci\u00f3n en un regional de <b>Roberto Yeghiazaryan Petrosyan<\/b>, que al sumar 3 puntos se emplazaba 18\u00ba, despu\u00e9s de disputar algunas partidas con gran brillantez en la primera parte del campeonato. Esta misma categor\u00eda dejaba a <b>Daniel Climent Castillo<\/b>, <b>Mar\u00eda Oliver Ropero <\/b>y <b>Arsenio L\u00f3pez Ochoa <\/b>con 2 puntos.<\/span><br \/>\n<span style=\"font-family: Arial, Helvetica, sans-serif;font-size: large\"><b>Gabriel Amador And\u00fajar<\/b>, con 3 puntos, en su primer a\u00f1o sub-12 y <b>Marta Vela Adri\u00e1n<\/b>, con 1, en su comienzo dentro de los regionales, se a\u00f1aden a sus compa\u00f1eros de hasta 12 a\u00f1os de edad en una categor\u00eda donde empieza a cobrar fuerza el trabajo que cada uno de estos chicos y chicas desarrolla a lo largo de la temporada.<\/span><br \/>\n<span style=\"font-family: Arial, Helvetica, sans-serif;font-size: large\">De nuevo ha sido el sub-10 el grupo de menor edad donde <b>Nuestro Ajedrez en Europa<\/b>&nbsp;ha participado. Aqu\u00ed, el ni\u00f1o de 8 a\u00f1os, \u00c1ngel Javier Pozos Marchante, lograba unos meritorios 3,5 puntos teniendo en cuenta que su \u00fanico campeonato oficial disputado hab\u00eda sido la fase provincial del Deporte en Edad Escolar de Toledo.<\/span><br \/>\n<span style=\"font-family: Arial, Helvetica, sans-serif;font-size: large\"><br \/><\/span><br \/>\n<a href=\"https:\/\/www.bfv.cloud\/ajedrezeuropa\/wp-content\/uploads\/2017\/04\/LOGOEUROPAXANIVERSARIO2017.jpg\" style=\"clear: right;float: right;margin-bottom: 1em;margin-left: 1em\"><img loading=\"lazy\" decoding=\"async\" border=\"0\" height=\"305\" src=\"https:\/\/blogger.googleusercontent.com\/img\/b\/R29vZ2xl\/AVvXsEiAKqudp0mEUuR6SECV3LQ6CNPE0zn5mHrtO1HzC6wMyWQSJWarLymjW72UBYzHfmY8VK3COSbvANFR8qkVV8mkDm6F5_I91ZWnaCKnlCGOqbvJcaqLtG3SpVmUfyCWprZy9ipHLSpg4O0\/s400\/LOGO+EUROPA+X+ANIVERSARIO+2017.jpg\" width=\"400\" \/><\/a><span style=\"font-family: Arial, Helvetica, sans-serif;font-size: large\">En resumen, el regional por edades de 2017, ha supuesto una nueva revalida en los resultados y en el juego del grupo de j\u00f3venes ajedrecistas que se forman en las escuelas de Alc\u00e1zar y Villafranca.<\/span><\/p>\n","protected":false},"excerpt":{"rendered":"<p>Los 19 jugadores y sus entrenadores junto a la pancarta de Nuestro Ajedrez en Europa Alonso L\u00f3pez, subcampe\u00f3n sub-12 El Campeonato de Castilla-La Mancha por edades ha finalizado hoy en Ciudad Real con el balance de un oro y tres platas para el grupo de chicos y chicas que han representado a Nuestro Ajedrez en [&hellip;]<\/p>\n","protected":false},"author":1,"featured_media":652,"comment_status":"open","ping_status":"closed","sticky":false,"template":"","format":"standard","meta":{"footnotes":""},"categories":[1],"tags":[],"class_list":["post-651","post","type-post","status-publish","format-standard","has-post-thumbnail","hentry","category-noticias"],"_links":{"self":[{"href":"https:\/\/www.bfv.cloud\/ajedrezeuropa\/wp-json\/wp\/v2\/posts\/651","targetHints":{"allow":["GET"]}}],"collection":[{"href":"https:\/\/www.bfv.cloud\/ajedrezeuropa\/wp-json\/wp\/v2\/posts"}],"about":[{"href":"https:\/\/www.bfv.cloud\/ajedrezeuropa\/wp-json\/wp\/v2\/types\/post"}],"author":[{"embeddable":true,"href":"https:\/\/www.bfv.cloud\/ajedrezeuropa\/wp-json\/wp\/v2\/users\/1"}],"replies":[{"embeddable":true,"href":"https:\/\/www.bfv.cloud\/ajedrezeuropa\/wp-json\/wp\/v2\/comments?post=651"}],"version-history":[{"count":1,"href":"https:\/\/www.bfv.cloud\/ajedrezeuropa\/wp-json\/wp\/v2\/posts\/651\/revisions"}],"predecessor-version":[{"id":658,"href":"https:\/\/www.bfv.cloud\/ajedrezeuropa\/wp-json\/wp\/v2\/posts\/651\/revisions\/658"}],"wp:featuredmedia":[{"embeddable":true,"href":"https:\/\/www.bfv.cloud\/ajedrezeuropa\/wp-json\/wp\/v2\/media\/652"}],"wp:attachment":[{"href":"https:\/\/www.bfv.cloud\/ajedrezeuropa\/wp-json\/wp\/v2\/media?parent=651"}],"wp:term":[{"taxonomy":"category","embeddable":true,"href":"https:\/\/www.bfv.cloud\/ajedrezeuropa\/wp-json\/wp\/v2\/categories?post=651"},{"taxonomy":"post_tag","embeddable":true,"href":"https:\/\/www.bfv.cloud\/ajedrezeuropa\/wp-json\/wp\/v2\/tags?post=651"}],"curies":[{"name":"wp","href":"https:\/\/api.w.org\/{rel}","templated":true}]}}