{"id":659,"date":"2012-07-16T22:43:00","date_gmt":"2012-07-16T22:43:00","guid":{"rendered":"https:\/\/www.bfv.cloud\/ajedrezeuropa\/index.php\/2012\/07\/16\/nuestros-ajedrecistas-en-los-campeonatos-de-espana-por-edades\/"},"modified":"2025-11-20T10:20:46","modified_gmt":"2025-11-20T10:20:46","slug":"nuestros-ajedrecistas-en-los-campeonatos-de-espana-por-edades","status":"publish","type":"post","link":"https:\/\/www.bfv.cloud\/ajedrezeuropa\/nuestros-ajedrecistas-en-los-campeonatos-de-espana-por-edades\/","title":{"rendered":"NUESTROS AJEDRECISTAS EN LOS CAMPEONATOS DE ESPA\u00d1A POR EDADES"},"content":{"rendered":"<table cellpadding=\"0\" cellspacing=\"0\" class=\"tr-caption-container\" style=\"float: left;margin-right: 1em;text-align: left\">\n<tbody>\n<tr>\n<td style=\"text-align: center\"><a href=\"https:\/\/www.bfv.cloud\/ajedrezeuropa\/wp-content\/uploads\/2012\/07\/FOTOSSALOBREC391A042.jpg\" style=\"clear: left;margin-bottom: 1em;margin-left: auto;margin-right: auto\"><img fetchpriority=\"high\" decoding=\"async\" border=\"0\" height=\"300\" src=\"https:\/\/blogger.googleusercontent.com\/img\/b\/R29vZ2xl\/AVvXsEg155axHIEAxump6KaJXsrwO-mUAHTgW3I3scYcLRTyF3oWsU15IpowQaS9qnr0BacqukY-Jl5jHlFbrL1NpCI2OxNjfyurI1YbakSBJAr7YvAKHjPwmpM2z81PgOuJingqUVHLZXQpPc4\/s400\/FOTOS+SALOBRE%C3%91A+042.jpg\" width=\"400\" \/><\/a><\/td>\n<\/tr>\n<tr>\n<td class=\"tr-caption\" style=\"text-align: center\">Una vista de la magn\u00edfica sala de juego&nbsp;en el&nbsp;edificio de convenciones<br \/>\ndel hotel Best Western Salobre\u00f1a<\/td>\n<\/tr>\n<\/tbody>\n<\/table>\n<p>&nbsp;<span style=\"color: blue;font-family: Verdana, sans-serif\">Se siguen disputando en Salobre\u00f1a los campeonatos de Espa\u00f1a por edades.Esta semana corresponde a la categor\u00eda sub-16 que inici\u00f3 su competici\u00f3n ayer lunes con la disputa de las 2 primeras rondas. Carlos \u00c1lvarez Serrano e Isaac Lozano Osorio son los 2 jugadores que nos est\u00e1n representando en esta categor\u00eda y a los que queremos enviar nuestros mejores deseos y todo nuestro \u00e1nimo. Este a\u00f1o el sub-16 cuenta con la participaci\u00f3n de 139 chicos y chicas que intentar\u00e1n superar su ranking inicial y mejorar en la calidad de su juego.<\/span><br \/>\n\ufeff <\/p>\n<table cellpadding=\"0\" cellspacing=\"0\" class=\"tr-caption-container\" style=\"float: right;margin-left: 1em;text-align: right\">\n<tbody>\n<tr>\n<td style=\"text-align: center\"><a href=\"https:\/\/www.bfv.cloud\/ajedrezeuropa\/wp-content\/uploads\/2012\/07\/FOTOSSALOBREC391A045.jpg\" style=\"clear: right;margin-bottom: 1em;margin-left: auto;margin-right: auto\"><img decoding=\"async\" border=\"0\" height=\"300\" src=\"https:\/\/blogger.googleusercontent.com\/img\/b\/R29vZ2xl\/AVvXsEi6mCTcyVVTv5gftpJt510_4sic4jFg7ZTs39EzV1SUUBNi4E4OshOrFkMtO5NIbSwO2iWX-81BVXgv5cOrE39hqKYcWRUyPFCFjJR1FH7MvK5xIfe1nIpWD5Lqwpyh8cvyxQLp63VA1Z8\/s400\/FOTOS+SALOBRE%C3%91A+045.jpg\" width=\"400\" \/><\/a><\/td>\n<\/tr>\n<tr>\n<td class=\"tr-caption\" style=\"text-align: center\">Silvia Toribio en su 4\u00aa participaci\u00f3n en un campeonato de Espa\u00f1a<br \/>\nindividual ha conseguido 3,5 puntos y su 2\u00aa mejor <br \/>\nclasificaci\u00f3n<\/td>\n<\/tr>\n<\/tbody>\n<\/table>\n<p>\ufeff<br \/>\n&nbsp;<span style=\"color: purple;font-family: Verdana, sans-serif\">En lo que respecta a la categor\u00eda sub-14, el pasado s\u00e1bado finalizaba este campeonato donde han intervenido 148 ajedrecistas de toda Espa\u00f1a. La \u00fanica jugadora de nuestras escuelas que ha podido disfrutar de esta intensa semana de ajedrez ha sido&nbsp;Silvia Toribio. Para ella ha sido su 4\u00aa participaci\u00f3n en un campeonato de Espa\u00f1a por Edades y la 6\u00aa dentro de&nbsp;cualquier modalidad en el \u00e1mbito nacional, si a\u00f1adimos las fases finales por equipos sub-16. En esta ocasi\u00f3n Silvia&nbsp;ha sumado 3,5 puntos, mejorando sus resultados&nbsp;con respecto a&nbsp;los 2 campeonatos que jug\u00f3 dentro de la categor\u00eda sub-12, tanto en Granada 2009&nbsp;como en Linares 2010. <\/span><br \/>\n\ufeff <\/p>\n<table cellpadding=\"0\" cellspacing=\"0\" class=\"tr-caption-container\" style=\"float: right;margin-left: 1em;text-align: right\">\n<tbody>\n<tr>\n<td style=\"text-align: center\"><a href=\"https:\/\/www.bfv.cloud\/ajedrezeuropa\/wp-content\/uploads\/2012\/07\/FOTOSSALOBREC391A027.jpg\" style=\"clear: right;margin-bottom: 1em;margin-left: auto;margin-right: auto\"><img decoding=\"async\" border=\"0\" height=\"300\" src=\"https:\/\/blogger.googleusercontent.com\/img\/b\/R29vZ2xl\/AVvXsEjbGAcpYBrltxuxLObLh00l1e6q-ofRKjt8M-g6QrsWuF8J0-x3JPJlpOV9vQ5L5YkoKRL1clvsHQshn2pTQ4kGYGV1D6wfJ9uDcsaQN-Crnf4tU_laN_HnU1IVgqW-bIj9xIiqAmxoOp4\/s400\/FOTOS+SALOBRE%C3%91A+027.jpg\" width=\"400\" \/><\/a><\/td>\n<\/tr>\n<tr>\n<td class=\"tr-caption\" style=\"text-align: center\">Esta es una de las perspectivas que podemos ver desde<br \/>\nuna de las terrazas del hotel que sirve de sede<br \/>\npara los campeonatos de Espa\u00f1a de 2012<\/td>\n<\/tr>\n<\/tbody>\n<\/table>\n<p>\ufeff <br \/>\n<span style=\"color: blue;font-family: Verdana, sans-serif\">Queremos felicitar a la organizaci\u00f3n de estos campeonatos de Espa\u00f1a en el hotel Best Western de Salobre\u00f1a, ya que tanto en lo que concierne al ajedrez como en lo extradeportivo est\u00e1 resultando sobresaliente. Tambi\u00e9n env\u00edamos nuestro agradecimiento al delegado de la expedici\u00f3n castellano-manchega, el joven David Gil. Su dedicaci\u00f3n y prestancia ha sido total desde el primer d\u00eda hasta el \u00faltimo. <\/span><\/p>\n<p><span style=\"color: black;font-family: Verdana\">En los pr\u00f3ximos d\u00edas publicaremos informaci\u00f3n sobre el Campeonato Regional por Equipos sub-16 que se va a celebrar en Cuenca del 23 al 26 de julio. Adelantaros que el club NUESTRO AJEDREZ EN EUROPA presentar\u00e1 en esta 3\u00aa edici\u00f3n&nbsp;un equipo totalmente renovado, partiendo de la 4\u00aa plaza en el ranking inicial de un total de 8 equipos participantes. Ser\u00e1 todo un reto para los 3 chicos y las 2 chicas que forman parte del equipo, as\u00ed como para su joven entrenador y delegado Daniel P\u00edriz, revalidar el t\u00edtulo de campeones de las 2 anteriores ediciones, aunque estamos totalmente convencidos que lucharan por ello hasta la \u00faltima partida de la ronda final.&nbsp;<\/span><\/p>\n","protected":false},"excerpt":{"rendered":"<p>Una vista de la magn\u00edfica sala de juego&nbsp;en el&nbsp;edificio de convenciones del hotel Best Western Salobre\u00f1a &nbsp;Se siguen disputando en Salobre\u00f1a los campeonatos de Espa\u00f1a por edades.Esta semana corresponde a la categor\u00eda sub-16 que inici\u00f3 su competici\u00f3n ayer lunes con la disputa de las 2 primeras rondas. Carlos \u00c1lvarez Serrano e Isaac Lozano Osorio son [&hellip;]<\/p>\n","protected":false},"author":1,"featured_media":660,"comment_status":"open","ping_status":"closed","sticky":false,"template":"","format":"standard","meta":{"footnotes":""},"categories":[1],"tags":[],"class_list":["post-659","post","type-post","status-publish","format-standard","has-post-thumbnail","hentry","category-noticias"],"_links":{"self":[{"href":"https:\/\/www.bfv.cloud\/ajedrezeuropa\/wp-json\/wp\/v2\/posts\/659","targetHints":{"allow":["GET"]}}],"collection":[{"href":"https:\/\/www.bfv.cloud\/ajedrezeuropa\/wp-json\/wp\/v2\/posts"}],"about":[{"href":"https:\/\/www.bfv.cloud\/ajedrezeuropa\/wp-json\/wp\/v2\/types\/post"}],"author":[{"embeddable":true,"href":"https:\/\/www.bfv.cloud\/ajedrezeuropa\/wp-json\/wp\/v2\/users\/1"}],"replies":[{"embeddable":true,"href":"https:\/\/www.bfv.cloud\/ajedrezeuropa\/wp-json\/wp\/v2\/comments?post=659"}],"version-history":[{"count":1,"href":"https:\/\/www.bfv.cloud\/ajedrezeuropa\/wp-json\/wp\/v2\/posts\/659\/revisions"}],"predecessor-version":[{"id":663,"href":"https:\/\/www.bfv.cloud\/ajedrezeuropa\/wp-json\/wp\/v2\/posts\/659\/revisions\/663"}],"wp:featuredmedia":[{"embeddable":true,"href":"https:\/\/www.bfv.cloud\/ajedrezeuropa\/wp-json\/wp\/v2\/media\/660"}],"wp:attachment":[{"href":"https:\/\/www.bfv.cloud\/ajedrezeuropa\/wp-json\/wp\/v2\/media?parent=659"}],"wp:term":[{"taxonomy":"category","embeddable":true,"href":"https:\/\/www.bfv.cloud\/ajedrezeuropa\/wp-json\/wp\/v2\/categories?post=659"},{"taxonomy":"post_tag","embeddable":true,"href":"https:\/\/www.bfv.cloud\/ajedrezeuropa\/wp-json\/wp\/v2\/tags?post=659"}],"curies":[{"name":"wp","href":"https:\/\/api.w.org\/{rel}","templated":true}]}}