{"id":664,"date":"2022-08-10T17:46:00","date_gmt":"2022-08-10T17:46:00","guid":{"rendered":"https:\/\/www.bfv.cloud\/ajedrezeuropa\/index.php\/2022\/08\/10\/las-noticias-de-nuestro-proyecto-educativo-publicadas-en-el-diario-el-pais\/"},"modified":"2025-11-20T10:20:49","modified_gmt":"2025-11-20T10:20:49","slug":"las-noticias-de-nuestro-proyecto-educativo-publicadas-en-el-diario-el-pais","status":"publish","type":"post","link":"https:\/\/www.bfv.cloud\/ajedrezeuropa\/las-noticias-de-nuestro-proyecto-educativo-publicadas-en-el-diario-el-pais\/","title":{"rendered":"LAS NOTICIAS DE NUESTRO PROYECTO EDUCATIVO PUBLICADAS EN EL DIARIO \u00abEL PA\u00cdS\u00bb"},"content":{"rendered":"<p>&nbsp;<\/p>\n<table align=\"center\" cellpadding=\"0\" cellspacing=\"0\" class=\"tr-caption-container\" style=\"margin-left: auto;margin-right: auto\">\n<tbody>\n<tr>\n<td style=\"text-align: center\"><a href=\"https:\/\/www.bfv.cloud\/ajedrezeuropa\/wp-content\/uploads\/2022\/08\/FOTO20PRIMER20ARTICULO.png\" style=\"margin-left: auto;margin-right: auto\"><img fetchpriority=\"high\" decoding=\"async\" border=\"0\" data-original-height=\"403\" data-original-width=\"642\" height=\"402\" src=\"https:\/\/blogger.googleusercontent.com\/img\/b\/R29vZ2xl\/AVvXsEjUkD7Bz59YIY82gvQTZGlK8jKuIYE9oAvoWvWfaIxyoh-yj2xToLZpb8mdY7ezBa4Di97M82pmy3WkmSW5LSOxo0s57-e0HnDhgrrqp4gFJttqW2rJt58m25HrJCbXMnDJSCFynokBlwh24UQvYdVeWVpfShWyQ24A1UWWZ7ACvo_HEdW4rIO16QdP\/w640-h402\/FOTO%20PRIMER%20ARTICULO.png\" width=\"640\" \/><\/a><\/td>\n<\/tr>\n<tr>\n<td class=\"tr-caption\" style=\"text-align: center\">Fotograf\u00eda que ilustraba el primer art\u00edculo de Leontxo<\/td>\n<\/tr>\n<\/tbody>\n<\/table>\n<p><\/p>\n<p><span style=\"font-size: large\"><b>A mediados del pasado mes de marzo el periodista y conferenciante Leontxo Garc\u00eda, acompa\u00f1ado del fot\u00f3grafo Alex Onciu, tuvieron la ocasi\u00f3n de vivir personalmente el desarrollo del proyecto: \u00abel ajedrez en la escuela, una estrategia educativa\u00bb en las aulas de los 7 colegios p\u00fablicos de Illescas (Toledo). El peri\u00f3dico \u00abEl Pa\u00eds\u00bb, uno de los m\u00e1s importantes en todo el mundo en lengua castellana, les hab\u00eda enviado para elaborar un reportaje amplio y minucioso sobre la forma en la que se trabajaba este proyecto, \u00fanico en Espa\u00f1a, en el que el ajedrez sirve como herramienta educativa en todas las materias curriculares en los centros illescanos. El resultado de aquellos d\u00edas de inmersi\u00f3n en los colegios fue un art\u00edculo publicado en las newsletter de Leontxo, dentro de la edici\u00f3n digital de \u00abEl Pa\u00eds, el 17 de marzo, titulado: \u00abUn oasis que alimenta la esperanza\u00bb.<\/b><\/span><\/p>\n<p><span style=\"font-size: large\"><\/p>\n<table align=\"center\" cellpadding=\"0\" cellspacing=\"0\" class=\"tr-caption-container\" style=\"margin-left: auto;margin-right: auto\">\n<tbody>\n<tr>\n<td style=\"text-align: center\"><a href=\"https:\/\/www.bfv.cloud\/ajedrezeuropa\/wp-content\/uploads\/2022\/08\/FOTO20SEGUNDO20ARTC38DCULO.jpg\" style=\"margin-left: auto;margin-right: auto\"><img decoding=\"async\" border=\"0\" data-original-height=\"1307\" data-original-width=\"1960\" height=\"426\" src=\"https:\/\/blogger.googleusercontent.com\/img\/b\/R29vZ2xl\/AVvXsEjTN7d7uAtRalteWUSEBxmjxZGcgvQCEGHaImgtWLVcb19OTtDnFgQeB9crSc8jEypLDGhlHmjAwWm5-RSfpUsD-G6_bBUTwtkWRnltILGLF97lGY3iuV_HZE4qpHEqQ9xAUpOfVBwI0MW8dUtoLjp8TyOrXSbeb9LoMIUAP2kVlSlcjTNnHvNA2RkN\/w640-h426\/FOTO%20SEGUNDO%20ART%C3%8DCULO.jpg\" width=\"640\" \/><\/a><\/td>\n<\/tr>\n<tr>\n<td class=\"tr-caption\" style=\"text-align: center\">Fotograf\u00eda que sirvi\u00f3 de cabecera para el reportaje de \u00abEl Pa\u00eds\u00bb<\/td>\n<\/tr>\n<\/tbody>\n<\/table>\n<p><\/span><b style=\"font-size: x-large\"><br \/><\/b><\/p>\n<p><b style=\"font-size: x-large\">Posteriormente, \u00abEl Pa\u00eds\u00bb, public\u00f3 un reportaje m\u00e1s extenso dentro de la secci\u00f3n de deportes de su edici\u00f3n digital el pasado domingo 17 de julio, cuyo enlace es el siguiente:&nbsp;<a href=\"https:\/\/elpais.com\/deportes\/2022-07-17\/illescas-la-ciudad-que-brilla-en-educacion-a-traves-del-ajedrez.html\" target=\"_blank\">Illescas, la ciudad que brilla en la educaci\u00f3n a trav\u00e9s del ajedrez<\/a><\/b><\/p>\n<p><span style=\"font-size: large\"><b>Ambos art\u00edculos fueron difundidos desde las redes sociales por el ayuntamiento de Illescas. Aqu\u00ed ten\u00e9is los enlaces en Twitter:&nbsp;<a href=\"https:\/\/twitter.com\/Illescas_Ayto\/status\/1550077263982493696\" target=\"_blank\">Reportaje del 17 de julio de 2022<\/a>&nbsp;&nbsp;<a href=\"https:\/\/twitter.com\/Illescas_Ayto\/status\/1505820717606227969\" target=\"_blank\">Art\u00edculo en newsletter de Leontxo Garc\u00eda 17 de marzo de 2022<\/a><\/b><\/span><\/p>\n<p><span style=\"font-size: large\"><b>Ahora queremos hacer part\u00edcipe a todos nuestros seguidores y nuestras seguidoras de aquellas noticias, manifestando lo relevante que es para nosotros que un medio de comunicaci\u00f3n de la importancia de \u00abEl Pa\u00eds\u00bb nos dedique espacio y tiempo. Desde aqu\u00ed queremos agradecer, especialmente, el inter\u00e9s y dedicaci\u00f3n con el que&nbsp;<a href=\"https:\/\/elpais.com\/autor\/leontxo-garcia\/\" target=\"_blank\">Leontxo Garc\u00eda<\/a> nos acompa\u00f1\u00f3 a lo largo de aquellos 2 d\u00edas de mediados de marzo y el cari\u00f1o con el que destac\u00f3 el trabajo que venimos realizando desde hace 6 a\u00f1os en la ense\u00f1anza p\u00fablica illescana.<\/b><\/span><\/p>\n<p><span style=\"font-size: large\"><b>Como muchos de vosotros nos hab\u00e9is pedido m\u00e1s informaci\u00f3n sobre estas publicaciones, hemos considerado que este momento del verano es propicio para hablar sobre ello.<\/b><\/span><\/p>\n","protected":false},"excerpt":{"rendered":"<p>&nbsp; Fotograf\u00eda que ilustraba el primer art\u00edculo de Leontxo A mediados del pasado mes de marzo el periodista y conferenciante Leontxo Garc\u00eda, acompa\u00f1ado del fot\u00f3grafo Alex Onciu, tuvieron la ocasi\u00f3n de vivir personalmente el desarrollo del proyecto: \u00abel ajedrez en la escuela, una estrategia educativa\u00bb en las aulas de los 7 colegios p\u00fablicos de Illescas [&hellip;]<\/p>\n","protected":false},"author":1,"featured_media":665,"comment_status":"open","ping_status":"closed","sticky":false,"template":"","format":"standard","meta":{"footnotes":""},"categories":[1],"tags":[],"class_list":["post-664","post","type-post","status-publish","format-standard","has-post-thumbnail","hentry","category-noticias"],"_links":{"self":[{"href":"https:\/\/www.bfv.cloud\/ajedrezeuropa\/wp-json\/wp\/v2\/posts\/664","targetHints":{"allow":["GET"]}}],"collection":[{"href":"https:\/\/www.bfv.cloud\/ajedrezeuropa\/wp-json\/wp\/v2\/posts"}],"about":[{"href":"https:\/\/www.bfv.cloud\/ajedrezeuropa\/wp-json\/wp\/v2\/types\/post"}],"author":[{"embeddable":true,"href":"https:\/\/www.bfv.cloud\/ajedrezeuropa\/wp-json\/wp\/v2\/users\/1"}],"replies":[{"embeddable":true,"href":"https:\/\/www.bfv.cloud\/ajedrezeuropa\/wp-json\/wp\/v2\/comments?post=664"}],"version-history":[{"count":1,"href":"https:\/\/www.bfv.cloud\/ajedrezeuropa\/wp-json\/wp\/v2\/posts\/664\/revisions"}],"predecessor-version":[{"id":667,"href":"https:\/\/www.bfv.cloud\/ajedrezeuropa\/wp-json\/wp\/v2\/posts\/664\/revisions\/667"}],"wp:featuredmedia":[{"embeddable":true,"href":"https:\/\/www.bfv.cloud\/ajedrezeuropa\/wp-json\/wp\/v2\/media\/665"}],"wp:attachment":[{"href":"https:\/\/www.bfv.cloud\/ajedrezeuropa\/wp-json\/wp\/v2\/media?parent=664"}],"wp:term":[{"taxonomy":"category","embeddable":true,"href":"https:\/\/www.bfv.cloud\/ajedrezeuropa\/wp-json\/wp\/v2\/categories?post=664"},{"taxonomy":"post_tag","embeddable":true,"href":"https:\/\/www.bfv.cloud\/ajedrezeuropa\/wp-json\/wp\/v2\/tags?post=664"}],"curies":[{"name":"wp","href":"https:\/\/api.w.org\/{rel}","templated":true}]}}