{"id":674,"date":"2024-07-06T17:04:00","date_gmt":"2024-07-06T17:04:00","guid":{"rendered":"https:\/\/www.bfv.cloud\/ajedrezeuropa\/index.php\/2024\/07\/06\/mora-y-camunas-celebran-sus-torneos-de-ajedrez-el-27-y-28-de-julio\/"},"modified":"2025-11-20T10:21:00","modified_gmt":"2025-11-20T10:21:00","slug":"mora-y-camunas-celebran-sus-torneos-de-ajedrez-el-27-y-28-de-julio","status":"publish","type":"post","link":"https:\/\/www.bfv.cloud\/ajedrezeuropa\/mora-y-camunas-celebran-sus-torneos-de-ajedrez-el-27-y-28-de-julio\/","title":{"rendered":"MORA Y CAMU\u00d1AS CELEBRAN SUS TORNEOS DE AJEDREZ EL 27 Y 28 DE JULIO"},"content":{"rendered":"<\/p>\n<div class=\"separator\" style=\"clear: both;text-align: left\"><a href=\"https:\/\/www.bfv.cloud\/ajedrezeuropa\/wp-content\/uploads\/2024\/07\/020CARTEL20TORNEO20FIESTAS20STA20ANA20MORA202024.jpeg\" style=\"margin-left: 1em;margin-right: 1em\"><img fetchpriority=\"high\" decoding=\"async\" border=\"0\" data-original-height=\"1600\" data-original-width=\"1131\" height=\"400\" src=\"https:\/\/blogger.googleusercontent.com\/img\/b\/R29vZ2xl\/AVvXsEjVbuXXqR_4bHEPRPzK5dcNMWULo0DTM9VxMNcJjJSECxefW2nqiInWOFgXgPPr00ZeembCMOvMsH5rbvm6UedRYGhlIs50vIjxSAwVvWac4ivCOiv166MpxkHpEciULDUlntcPV-7ewm6l3YFy8tByMOtUKBSP_yv3si63lsPV4anSMdBtKMkjLn1qo-w\/w283-h400\/0%20CARTEL%20TORNEO%20FIESTAS%20STA%20ANA%20MORA%202024.jpeg\" width=\"283\" \/><\/a><span style=\"font-size: large\"><img decoding=\"async\" border=\"0\" data-original-height=\"960\" data-original-width=\"720\" height=\"400\" src=\"https:\/\/www.bfv.cloud\/ajedrezeuropa\/wp-content\/uploads\/2024\/07\/020CARTEL20III20TORNEO20FERIAS20DE20CAMUC391AS202024.jpeg\" width=\"300\" \/>&nbsp; &nbsp; &nbsp; &nbsp; &nbsp; &nbsp; &nbsp;<\/span><\/div>\n<\/p>\n<p><span style=\"font-family: georgia;font-size: large\">Aqu\u00ed ten\u00e9is la informaci\u00f3n de dos torneos que se celebrar\u00e1n en el fin de semana del 27 y 28 de julio. y en los que os animo a participar.&nbsp;En primer lugar, el torneo del s\u00e1bado 27 de julio en Mora, donde es importante destacar el esfuerzo que se ha realizado por recuperar un torneo en una de las localidades de la provincia en el que el ajedrez siempre ha estado presente. Las inscripciones est\u00e1n abiertas hasta completar el aforo de 80 participantes, conforme a lo se\u00f1alado en las bases o accediendo al formulario mediante el c\u00f3digo QR del cartel.<\/span><\/p>\n<\/p>\n<div class=\"separator\" style=\"clear: both;text-align: center\"><a href=\"https:\/\/www.bfv.cloud\/ajedrezeuropa\/wp-content\/uploads\/2024\/07\/BASES20TORNEO20FIESTAS20DE20SANTA20ANA20DE2020MORA202024_001.jpg\" style=\"margin-left: 1em;margin-right: 1em\"><img decoding=\"async\" border=\"0\" data-original-height=\"842\" data-original-width=\"595\" height=\"640\" src=\"https:\/\/blogger.googleusercontent.com\/img\/b\/R29vZ2xl\/AVvXsEi2y9W7Y4gQZ4wev4UkU9yChukzachTYpcOOjJ-qbVYJWWuVNBPLzWMbiw438Sx_L1Ipr3oQmWvoWTLuqgiN3MmRUk7VogOYMYTkfoLdVj2V2vrDGmQ2TCwmy3pv-XOb5lxTzujgbgysCbQoLtcnTubk_EFTeSGXYSmFFdMsgS0sfHX4uFiIlInqELiQto\/w452-h640\/BASES%20TORNEO%20FIESTAS%20DE%20SANTA%20ANA%20DE%20%20MORA%202024_001.jpg\" width=\"452\" \/><\/a><\/div>\n<p><span style=\"font-family: georgia;font-size: large\">El otro torneo previsto para ese fin de semana ser\u00e1 la 3\u00aa edici\u00f3n del Torneo de Camu\u00f1as, previsto para el domingo 28 de julio por la ma\u00f1ana. Toda la informaci\u00f3n la ten\u00e9is en el cartel y las bases que publicamos. Las inscripciones igualmente est\u00e1n abiertas hasta completar aforo a trav\u00e9s del enlace con el formulario que consta en estas bases.<\/span><\/p>\n<\/p>\n<div class=\"separator\" style=\"clear: both;text-align: center\"><a href=\"https:\/\/www.bfv.cloud\/ajedrezeuropa\/wp-content\/uploads\/2024\/07\/120BASES20III20TORNEO20CAMUC391AS20pag201.jpeg\" style=\"margin-left: 1em;margin-right: 1em\"><img loading=\"lazy\" decoding=\"async\" border=\"0\" data-original-height=\"1600\" data-original-width=\"1131\" height=\"640\" src=\"https:\/\/blogger.googleusercontent.com\/img\/b\/R29vZ2xl\/AVvXsEicK3_tCwR94kanyK0u8q5-a_gWuZVXIXaAxP2lMUnepYrQdh9q9qH3IQXlxSdVvSn3L_H1xpsi-7Yb7HmSUxU91HMlsdRv4GX1dI-7otf9gl-7gGKLMA6wxO8aj_ZzZ0aI5xsqP0YpSwM2PVbIExLlIISWnXHhOcDURFqzXJahl0wJOw9l9HOWdhMRlcM\/w452-h640\/1%20BASES%20III%20TORNEO%20CAMU%C3%91AS%20(pag%201).jpeg\" width=\"452\" \/><\/a><\/div>\n<p><\/p>\n<div class=\"separator\" style=\"clear: both;text-align: center\"><a href=\"https:\/\/www.bfv.cloud\/ajedrezeuropa\/wp-content\/uploads\/2024\/07\/120BASES20III20TORNEO20CAMUC391AS20pag202.jpeg\" style=\"margin-left: 1em;margin-right: 1em\"><img loading=\"lazy\" decoding=\"async\" border=\"0\" data-original-height=\"1600\" data-original-width=\"1131\" height=\"640\" src=\"https:\/\/blogger.googleusercontent.com\/img\/b\/R29vZ2xl\/AVvXsEjcYkaJUn_SlPwn36tBNpZ0nq64kCkRJD_pcRgfKxX34oasvOHYygIfndN8XwwoXGftPMMzrHrJfSZP2tB0Opw9VzgPMoNWeK35QCFGMQ6auM3P1lrFeEIXFqVXd7dPhDDw8rtpcPDAN_-cKbOTBH_6e9R68WtQU7s-g5JV9DNNAcvg8h1L4zEMgzDKxq4\/w452-h640\/1%20BASES%20III%20TORNEO%20CAMU%C3%91AS%20(pag%202).jpeg\" width=\"452\" \/><\/a><\/div>\n<p><span style=\"font-family: georgia;font-size: large\"><br \/><\/span><\/p>\n","protected":false},"excerpt":{"rendered":"<p>&nbsp; &nbsp; &nbsp; &nbsp; &nbsp; &nbsp; &nbsp; Aqu\u00ed ten\u00e9is la informaci\u00f3n de dos torneos que se celebrar\u00e1n en el fin de semana del 27 y 28 de julio. y en los que os animo a participar.&nbsp;En primer lugar, el torneo del s\u00e1bado 27 de julio en Mora, donde es importante destacar el esfuerzo que se [&hellip;]<\/p>\n","protected":false},"author":1,"featured_media":675,"comment_status":"open","ping_status":"closed","sticky":false,"template":"","format":"standard","meta":{"footnotes":""},"categories":[1],"tags":[],"class_list":["post-674","post","type-post","status-publish","format-standard","has-post-thumbnail","hentry","category-noticias"],"_links":{"self":[{"href":"https:\/\/www.bfv.cloud\/ajedrezeuropa\/wp-json\/wp\/v2\/posts\/674","targetHints":{"allow":["GET"]}}],"collection":[{"href":"https:\/\/www.bfv.cloud\/ajedrezeuropa\/wp-json\/wp\/v2\/posts"}],"about":[{"href":"https:\/\/www.bfv.cloud\/ajedrezeuropa\/wp-json\/wp\/v2\/types\/post"}],"author":[{"embeddable":true,"href":"https:\/\/www.bfv.cloud\/ajedrezeuropa\/wp-json\/wp\/v2\/users\/1"}],"replies":[{"embeddable":true,"href":"https:\/\/www.bfv.cloud\/ajedrezeuropa\/wp-json\/wp\/v2\/comments?post=674"}],"version-history":[{"count":1,"href":"https:\/\/www.bfv.cloud\/ajedrezeuropa\/wp-json\/wp\/v2\/posts\/674\/revisions"}],"predecessor-version":[{"id":680,"href":"https:\/\/www.bfv.cloud\/ajedrezeuropa\/wp-json\/wp\/v2\/posts\/674\/revisions\/680"}],"wp:featuredmedia":[{"embeddable":true,"href":"https:\/\/www.bfv.cloud\/ajedrezeuropa\/wp-json\/wp\/v2\/media\/675"}],"wp:attachment":[{"href":"https:\/\/www.bfv.cloud\/ajedrezeuropa\/wp-json\/wp\/v2\/media?parent=674"}],"wp:term":[{"taxonomy":"category","embeddable":true,"href":"https:\/\/www.bfv.cloud\/ajedrezeuropa\/wp-json\/wp\/v2\/categories?post=674"},{"taxonomy":"post_tag","embeddable":true,"href":"https:\/\/www.bfv.cloud\/ajedrezeuropa\/wp-json\/wp\/v2\/tags?post=674"}],"curies":[{"name":"wp","href":"https:\/\/api.w.org\/{rel}","templated":true}]}}