{"id":681,"date":"2016-02-03T21:32:00","date_gmt":"2016-02-03T21:32:00","guid":{"rendered":"https:\/\/www.bfv.cloud\/ajedrezeuropa\/index.php\/2016\/02\/03\/la-2a-jornada-en-el-escolar-de-toledo-deja-a-la-escuela-de-villafranca-al-frente-de-todas-las-categorias\/"},"modified":"2025-11-20T10:21:11","modified_gmt":"2025-11-20T10:21:11","slug":"la-2a-jornada-en-el-escolar-de-toledo-deja-a-la-escuela-de-villafranca-al-frente-de-todas-las-categorias","status":"publish","type":"post","link":"https:\/\/www.bfv.cloud\/ajedrezeuropa\/la-2a-jornada-en-el-escolar-de-toledo-deja-a-la-escuela-de-villafranca-al-frente-de-todas-las-categorias\/","title":{"rendered":"LA 2\u00aa JORNADA EN EL ESCOLAR DE TOLEDO DEJA A LA ESCUELA DE VILLAFRANCA AL FRENTE DE TODAS LAS CATEGOR\u00cdAS"},"content":{"rendered":"<table cellpadding=\"0\" cellspacing=\"0\" class=\"tr-caption-container\" style=\"float: left;margin-right: 1em;text-align: left\">\n<tbody>\n<tr>\n<td style=\"text-align: center\"><a href=\"https:\/\/www.bfv.cloud\/ajedrezeuropa\/wp-content\/uploads\/2016\/02\/SAM_2602.jpg\" style=\"clear: left;margin-bottom: 1em;margin-left: auto;margin-right: auto\"><img fetchpriority=\"high\" decoding=\"async\" border=\"0\" height=\"400\" src=\"https:\/\/blogger.googleusercontent.com\/img\/b\/R29vZ2xl\/AVvXsEj_rS1LlElrkKAXjpl7SkVIyvHsyBih8WBk1OVXqtAmvK4p2eq61gPz7O_-Bp7DhdzXYhpnPt0mGHcgjIxiC6SGxxY117K6etWWw1Ky8oPA5JNRzf1O0LmoxHHshQys5691FgQc2Xig8Ns\/s400\/SAM_2602.JPG\" width=\"298\" \/><\/a><\/td>\n<\/tr>\n<tr>\n<td class=\"tr-caption\" style=\"text-align: center\">Alfredo Amador con 4 puntos sobre 4 en el Infantil<\/td>\n<\/tr>\n<\/tbody>\n<\/table>\n<div style=\"margin-bottom: .0001pt;margin: 0cm;text-align: justify\">\n<span style=\", sans-serif;font-size: 13.5pt\">Contin\u00faa la competici\u00f3n en el provincial Escolar y<br \/>\nFederado por Edades de ajedrez de Toledo. El s\u00e1bado 30 de enero se celebraba la<br \/>\n2\u00aa jornada y, mediado el campeonato, la EDM de Villafranca lidera todas las<br \/>\ncategor\u00edas del CRDEE. Los j\u00f3venes jugadores de la escuela integrada en NUESTRO<br \/>\nAJEDREZ EN EUROPA se afianzan en el primer puesto de sus respectivas<br \/>\nclasificaciones, ya sea en solitario, como en 3 de las 4 categor\u00edas, o<br \/>\ncompartiendo el liderato, como ocurre en el Infantil masculino. <\/span><\/div>\n<div style=\"margin-bottom: .0001pt;margin: 0cm;text-align: justify\">\n<span style=\", sans-serif;font-size: 13.5pt\">Al campeonato le restan las jornadas del 13 y el 20<br \/>\nde febrero para completarse al ser de descanso la de este s\u00e1bado 6 de febrero.<\/span><span style=\"font-size: 13.5pt\"><\/span><\/div>\n<div style=\"margin-bottom: .0001pt;margin: 0cm;text-align: justify\">\n<b><span style=\", sans-serif;font-size: 13.5pt\"><\/span><\/b><br \/>\n<b><span style=\", sans-serif;font-size: 13.5pt\"><br \/>\n<\/span><\/b><b><u><span style=\", sans-serif;font-size: 14pt\">Al frente del Infantil masculino<br \/>\ny femenino<\/span><\/u><\/b><u><span style=\", sans-serif;font-size: 14pt\">&nbsp;<\/span><\/u><\/div>\n<div style=\"margin-bottom: .0001pt;margin: 0cm;text-align: justify\">\n<span style=\", sans-serif;font-size: 13.5pt\">Despu\u00e9s de las 4 rondas disputadas de las 8<br \/>\nprogramadas, en la clasificaci\u00f3n provisional se ha producido un cu\u00e1druple<br \/>\nempate entre los jugadores que han logrado la totalidad de los puntos. <\/span><\/div>\n<div style=\"margin-bottom: .0001pt;margin: 0cm;text-align: justify\">\n<span style=\", sans-serif;font-size: 13.5pt\">De esta forma marchan los 11 jugadores de<br \/>\nVillafranca:<\/span><\/div>\n<div style=\"margin-bottom: .0001pt;margin: 0cm;text-align: justify\">\n<span style=\", sans-serif;font-size: 13.5pt\">Con 4<br \/>\npuntos: <b>Alfredo Amador. <\/b><\/span><\/div>\n<table cellpadding=\"0\" cellspacing=\"0\" class=\"tr-caption-container\" style=\"float: right;text-align: right\">\n<tbody>\n<tr>\n<td style=\"text-align: center\"><a href=\"https:\/\/www.bfv.cloud\/ajedrezeuropa\/wp-content\/uploads\/2016\/02\/SAM_2607.jpg\" style=\"clear: left;margin-bottom: 1em;margin-left: auto;margin-right: auto\"><img decoding=\"async\" border=\"0\" height=\"400\" src=\"https:\/\/blogger.googleusercontent.com\/img\/b\/R29vZ2xl\/AVvXsEg2v740u9IDvajIAu6tNox5v_eLcbKh68wMh11XecUAKQsMqZx6QyzAnVP-ArgpvNtnUp6-3MRj0iV0OWABdnKN_lIWTg9JnS8Dg14cALTFfzzVfq7ggUKsdn5EUEtndQXU33qrKQjWQAA\/s400\/SAM_2607.JPG\" width=\"391\" \/><\/a><\/td>\n<\/tr>\n<tr>\n<td class=\"tr-caption\" style=\"text-align: center\">La diversi\u00f3n y el juego dentro y fuera del tablero<\/td>\n<\/tr>\n<\/tbody>\n<\/table>\n<div style=\"margin-bottom: .0001pt;margin: 0cm;text-align: justify\">\n<span style=\", sans-serif;font-size: 13.5pt\">Con 3,5<br \/>\npuntos: <b>Mar\u00eda Oliver<\/b>.<\/span><\/div>\n<div style=\"margin-bottom: .0001pt;margin: 0cm;text-align: justify\">\n<span style=\", sans-serif;font-size: 13.5pt\">Con 3<br \/>\npuntos: <b>Julia Meza<\/b> y <b>Alonso L\u00f3pez.<\/b><\/span><\/div>\n<div style=\"margin-bottom: .0001pt;margin: 0cm;text-align: justify\">\n<span style=\", sans-serif;font-size: 13.5pt\">Con 2,5<br \/>\npuntos: <b>\u00c1lvaro Alberca.<\/b><\/span><\/div>\n<div style=\"margin-bottom: .0001pt;margin: 0cm;text-align: justify\">\n<span style=\", sans-serif;font-size: 13.5pt\">Con 2<br \/>\npuntos: <b>Gabriel Amador<\/b><\/span><\/div>\n<div style=\"margin-bottom: .0001pt;margin: 0cm;text-align: justify\">\n<span style=\", sans-serif;font-size: 13.5pt\">Con 1,5<br \/>\npuntos: <b>Aurora Corrales<\/b>.<\/span><\/div>\n<div style=\"margin-bottom: .0001pt;margin: 0cm;text-align: justify\">\n<span style=\", sans-serif;font-size: 13.5pt\">Con 1<br \/>\npunto: <b>Nicol\u00e1s Corrales <\/b>y <b>\u00c1ngel Javier Pozos.<\/b><\/span><\/div>\n<div style=\"margin-bottom: .0001pt;margin: 0cm;text-align: justify\">\n<span style=\", sans-serif;font-size: 13.5pt\">Con \u00bd<br \/>\npunto: <b>Manuel Alberca<\/b>.<\/span><\/div>\n<div style=\"margin-bottom: .0001pt;margin: 0cm;text-align: justify\">\n<span style=\", sans-serif;font-size: 13.5pt\">Con 0<br \/>\npuntos: <b>Alberto Toribio<\/b>.<\/span><\/div>\n<div style=\"margin-bottom: .0001pt;margin: 0cm;text-align: justify\">\n<span style=\", sans-serif;font-size: 13.5pt\">El<br \/>\nemparejamiento para la ronda 5, que se disputar\u00e1 el s\u00e1bado 13 de febrero a las<br \/>\n10 de la ma\u00f1ana, es el siguiente:<\/span><\/div>\n<div style=\"margin-bottom: .0001pt;margin: 0cm;text-align: justify\">\n<span style=\", sans-serif;font-size: 13.5pt\"><br \/><\/span><\/div>\n<div class=\"separator\" style=\"clear: both;text-align: center\">\n<a href=\"https:\/\/www.bfv.cloud\/ajedrezeuropa\/wp-content\/uploads\/2016\/02\/emparejinfantilr-5.jpg\" style=\"margin-left: 1em;margin-right: 1em\"><img decoding=\"async\" border=\"0\" height=\"480\" src=\"https:\/\/blogger.googleusercontent.com\/img\/b\/R29vZ2xl\/AVvXsEh6yhs-QS8D-FIWIW_iDfaJHrxWYJgyXxeSwIAlpYX12faA6UGFTPl67MvLND1LwZyibavs5fFU0MAcbycoG1Gl1Uacw3rzWoCGjj56y2FB4hwKdlA_WxlYAQh0NSqID9B-q8qXg3i3yps\/s640\/emparej+infantil+r-5.jpg\" width=\"640\" \/><\/a><\/div>\n<p><\/p>\n<div class=\"separator\" style=\"clear: both;text-align: center\">\n<a href=\"https:\/\/www.bfv.cloud\/ajedrezeuropa\/wp-content\/uploads\/2016\/02\/emparejinfantilr-52.jpg\" style=\"margin-left: 1em;margin-right: 1em\"><img loading=\"lazy\" decoding=\"async\" border=\"0\" height=\"242\" src=\"https:\/\/blogger.googleusercontent.com\/img\/b\/R29vZ2xl\/AVvXsEjYIrQf6ryuQDVLkW04SNx1W-yNEtYU9jBUSq_YOVY6VFKDXuC7BTm1oQFzkJc3OFEgueSe-L4CHjtE68wFbF93M0kFMdHteTbZYMKIKzDA0MnKtoiHrYyD7e4HHz6z5FICoRM3V2e1HdQ\/s640\/emparej+infantil+r-5+2.jpg\" width=\"640\" \/><\/a><\/div>\n<div style=\"margin: 0cm 0cm 0.0001pt;text-align: center\">\n<\/div>\n<table cellpadding=\"0\" cellspacing=\"0\" class=\"tr-caption-container\" style=\"float: right;text-align: right\">\n<tbody>\n<tr>\n<td style=\"text-align: center\"><a href=\"https:\/\/www.bfv.cloud\/ajedrezeuropa\/wp-content\/uploads\/2016\/02\/SAM_2589.jpg\" style=\"clear: right;margin-bottom: 1em;margin-left: auto;margin-right: auto\"><img loading=\"lazy\" decoding=\"async\" border=\"0\" height=\"282\" src=\"https:\/\/blogger.googleusercontent.com\/img\/b\/R29vZ2xl\/AVvXsEiB-x4aNTfRlL5colZS0i0RLX8PwzE0Z7oCBXTDHNXJSjSO-oA4HaKRRJDQ3pkQyhu81-Qts-Z1fBmgJ0GpwyE0fDCumPlginAwnYF9EceaPE_7mg7YuYRDjk6gV9afU7RO5ysbef0ZdU4\/s320\/SAM_2589.JPG\" width=\"320\" \/><\/a><\/td>\n<\/tr>\n<tr>\n<td class=\"tr-caption\" style=\"text-align: center\">Irene Sim\u00f3n jugar\u00e1 la 4\u00aa ronda en la mesa 1 frente a<br \/>\nsu compa\u00f1ero Roberto L\u00f3pez<\/td>\n<\/tr>\n<\/tbody>\n<\/table>\n<p><b><u><span style=\"font-size: 14.0pt\">L\u00edderes en solitario en la categor\u00eda Cadete<\/span><\/u><\/b><\/p>\n<div class=\"MsoBodyText\" style=\"text-align: justify\">\n<span style=\", sans-serif\"><b>Este torneo, previsto a un<br \/>\ntotal de 6 rondas, ha jugado las 3 primeras, dejando a Roberto L\u00f3pez con<br \/>\n3 puntos y a Irene Sim\u00f3n con 2\u00bd&nbsp;<br \/>\ncomo primeros clasificados del masculino y el femenino.<\/b><\/span><\/div>\n<div class=\"MsoBodyText\" style=\"text-align: justify\">\n<\/div>\n<div class=\"MsoBodyText\" style=\"text-align: justify\">\n<span style=\", sans-serif\"><b>La 4\u00aa ronda ha emparejado a<br \/>\nRoberto y a Irene en la mesa 1. En esta categor\u00eda se vuelven a doblar rondas el<br \/>\ns\u00e1bado 13 de febrero, por lo que tambi\u00e9n se jugar\u00e1 la 5\u00aa. <\/b><\/span><\/div>\n<div class=\"MsoBodyText\" style=\"text-align: justify\">\n<\/div>\n<p><b><u><span style=\"font-size: 14.0pt\">Campeonato Provincial Juvenil Sub-18<\/span><\/u><\/b><\/p>\n<table cellpadding=\"0\" cellspacing=\"0\" class=\"tr-caption-container\" style=\"float: right;text-align: right\">\n<tbody>\n<tr>\n<td style=\"text-align: center\"><a href=\"https:\/\/www.bfv.cloud\/ajedrezeuropa\/wp-content\/uploads\/2016\/02\/SAM_2590.jpg\" style=\"clear: right;margin-bottom: 1em;margin-left: auto;margin-right: auto\"><img loading=\"lazy\" decoding=\"async\" border=\"0\" height=\"291\" src=\"https:\/\/blogger.googleusercontent.com\/img\/b\/R29vZ2xl\/AVvXsEjNAL-iPKTjdNNe_SgW5x7dT5dWkBPcNdfVorCEelwXgPFmJxRDIGOC_SK_7H4dSxBn-4W0Ice0OODS8EnKU9v51_T0e4w24vAOfQRWjJuwO-StDaU2GtbDwQrSDGMRkvjc5ZdxUv5e9G8\/s320\/SAM_2590.JPG\" width=\"320\" \/><\/a><\/td>\n<\/tr>\n<tr>\n<td class=\"tr-caption\" style=\"text-align: center\">Silvia Toribio nuestra \u00fanica representante en el<br \/>\nJuvenil de Toledo<\/td>\n<\/tr>\n<\/tbody>\n<\/table>\n<div class=\"MsoBodyText\" style=\"text-align: justify\">\n<span style=\", sans-serif\"><b>En el Juvenil, Silvia<br \/>\nToribio,&nbsp; se qued\u00f3 con un punto tras<br \/>\nlas 2 rondas disputadas el s\u00e1bado. Quedan otras dos rondas para completar el<br \/>\nSistema de Liga a una vuelta que se est\u00e1 empleando en este campeonato. Las<br \/>\npr\u00f3ximas jornadas se jugar\u00e1n la 4\u00aa ronda, 13 de febrero, y la 5\u00aa, 20 de<br \/>\nfebrero, tras lo cual los campeones masculino y femenino del Juvenil quedar\u00e1n<br \/>\nclasificados para el Campeonato Regional por Edades cuya sede a\u00fan se desconoce.<\/b><\/span><\/div>\n<div class=\"MsoBodyText\" style=\"text-align: justify\">\n<span style=\", sans-serif\"><b>Este es el cuadro de<br \/>\nemparejamientos del Sub-18:<\/b><\/span><a href=\"https:\/\/www.bfv.cloud\/ajedrezeuropa\/wp-content\/uploads\/2016\/02\/emparejamientossub-18.jpg\" style=\"margin-left: 1em;margin-right: 1em;text-align: center\"><img loading=\"lazy\" decoding=\"async\" border=\"0\" height=\"438\" src=\"https:\/\/blogger.googleusercontent.com\/img\/b\/R29vZ2xl\/AVvXsEgvkWuXnrrrlvJfDkvCpxh7Skm8WkYB_j3ZqkLb67eVAIpfd6pJ7dtlkaJ-AqxirBHrT4qGtSB7neKmsDkXfGHJRQyts3Yf1dcWK-WPI4V3AYYVGguLxySQ9UJpUK1hfcx9JiXV9EWrAWA\/s640\/emparejamientos+sub-18.jpg\" width=\"640\" \/><\/a><\/div>\n<div class=\"MsoBodyText\" style=\"text-align: justify\">\n<b style=\"font-family: Arial, Helvetica, sans-serif\"><br \/><\/b><br \/>\n<b style=\"font-family: Arial, Helvetica, sans-serif\">Aqu\u00ed os dejamos los enlaces a<br \/>\ntodos los torneos:<\/b><\/p>\n<div style=\"text-align: center\">\n<b style=\"font-family: Arial, Helvetica, sans-serif\"><span style=\"font-size: large\"><a href=\"http:\/\/chess-results.com\/tnr204651.aspx?lan=2&amp;art=1&amp;rd=4&amp;wi=821\">DEPORTE EN EDAD ESCOLAR INFANTIL 2016<\/a><\/span><\/b><\/div>\n<div style=\"text-align: center\">\n<b style=\"font-family: Arial, Helvetica, sans-serif\"><span style=\"color: #990000;font-size: large\"><a href=\"http:\/\/chess-results.com\/tnr204652.aspx?lan=2&amp;art=1&amp;rd=3&amp;wi=821\">ESCOLAR CADETE 2016<\/a><\/span><\/b><\/div>\n<div style=\"text-align: center\">\n<b style=\"font-family: Arial, Helvetica, sans-serif\"><a href=\"http:\/\/chess-results.com\/tnr204655.aspx?lan=2&amp;art=1&amp;wi=821\"><span style=\"color: #274e13;font-size: large\">JUVENIL SUB-18<\/span><\/a><\/b><\/div>\n<\/div>\n<div class=\"MsoBodyText\" style=\"text-align: center\">\n<span style=\", sans-serif\"><b><br \/><\/b><\/span><\/div>\n<div class=\"MsoBodyText\" style=\"text-align: center\">\n<\/div>\n","protected":false},"excerpt":{"rendered":"<p>Alfredo Amador con 4 puntos sobre 4 en el Infantil Contin\u00faa la competici\u00f3n en el provincial Escolar y Federado por Edades de ajedrez de Toledo. El s\u00e1bado 30 de enero se celebraba la 2\u00aa jornada y, mediado el campeonato, la EDM de Villafranca lidera todas las categor\u00edas del CRDEE. Los j\u00f3venes jugadores de la escuela [&hellip;]<\/p>\n","protected":false},"author":1,"featured_media":682,"comment_status":"open","ping_status":"closed","sticky":false,"template":"","format":"standard","meta":{"footnotes":""},"categories":[1],"tags":[],"class_list":["post-681","post","type-post","status-publish","format-standard","has-post-thumbnail","hentry","category-noticias"],"_links":{"self":[{"href":"https:\/\/www.bfv.cloud\/ajedrezeuropa\/wp-json\/wp\/v2\/posts\/681","targetHints":{"allow":["GET"]}}],"collection":[{"href":"https:\/\/www.bfv.cloud\/ajedrezeuropa\/wp-json\/wp\/v2\/posts"}],"about":[{"href":"https:\/\/www.bfv.cloud\/ajedrezeuropa\/wp-json\/wp\/v2\/types\/post"}],"author":[{"embeddable":true,"href":"https:\/\/www.bfv.cloud\/ajedrezeuropa\/wp-json\/wp\/v2\/users\/1"}],"replies":[{"embeddable":true,"href":"https:\/\/www.bfv.cloud\/ajedrezeuropa\/wp-json\/wp\/v2\/comments?post=681"}],"version-history":[{"count":1,"href":"https:\/\/www.bfv.cloud\/ajedrezeuropa\/wp-json\/wp\/v2\/posts\/681\/revisions"}],"predecessor-version":[{"id":689,"href":"https:\/\/www.bfv.cloud\/ajedrezeuropa\/wp-json\/wp\/v2\/posts\/681\/revisions\/689"}],"wp:featuredmedia":[{"embeddable":true,"href":"https:\/\/www.bfv.cloud\/ajedrezeuropa\/wp-json\/wp\/v2\/media\/682"}],"wp:attachment":[{"href":"https:\/\/www.bfv.cloud\/ajedrezeuropa\/wp-json\/wp\/v2\/media?parent=681"}],"wp:term":[{"taxonomy":"category","embeddable":true,"href":"https:\/\/www.bfv.cloud\/ajedrezeuropa\/wp-json\/wp\/v2\/categories?post=681"},{"taxonomy":"post_tag","embeddable":true,"href":"https:\/\/www.bfv.cloud\/ajedrezeuropa\/wp-json\/wp\/v2\/tags?post=681"}],"curies":[{"name":"wp","href":"https:\/\/api.w.org\/{rel}","templated":true}]}}